{"id":3035,"date":"2019-03-18T11:51:40","date_gmt":"2019-03-18T10:51:40","guid":{"rendered":"http:\/\/fleschmazowsza.com.pl\/?p=3035"},"modified":"2019-03-18T11:51:42","modified_gmt":"2019-03-18T10:51:42","slug":"piekne-nie-tylko-z-wygladu","status":"publish","type":"post","link":"https:\/\/fleschmazowsza.com.pl\/?p=3035","title":{"rendered":"Pi\u0119kne nie tylko z wygl\u0105du"},"content":{"rendered":"\n<p><strong>Tegoroczna 8. ju\u017c edycja grodziskiego Miasta Kobiet odby\u0142a si\u0119 9 marca w sobotnich godzinach popo\u0142udniowych, w przestrzeni Mediateki. Na zewn\u0105trz ulewny deszcz i wiatr, wewn\u0105trz kr\u00f3lowa\u0142a elegancja, stylizacja, kosmetyka, maquillage i wszelkie zjawiska kojarzone z piel\u0119gnowaniem kobiecej urody oraz z poczuciem w\u0142asnego pi\u0119kna.<\/strong><\/p>\n\n\n\n<p>Organizator wydarzenia, Biblioteka Publiczna Gminy Grodzisk\nMazowiecki, zaprosi\u0142a do wsp\u00f3\u0142pracy grodziskie przedsi\u0119biorczynie\ni (w mniejszo\u015bci) przedsi\u0119biorc\u00f3w. W efekcie Sala Wielofunkcyjna\nMediateki zamieni\u0142a si\u0119 jeden wielki, elegancki i kolorowy, wr\u0119cz\nprzyprawiaj\u0105cy o zawr\u00f3t g\u0142owy, salon urody.<\/p>\n\n\n\n<p>Przybywaj\u0105ce panie mog\u0142y zapozna\u0107 si\u0119 z ekspozycj\u0105\nkosmetyk\u00f3w, ale przede wszystkim odda\u0107 si\u0119 w r\u0119ce\nwykwalifikowanych kosmetyczek, stylistek, specjalistek od make up-u\nczy analizy kolorystycznej. Nie zapomniano o przysz\u0142ych lub \u015bwie\u017co\nupieczonych mamach \u2013 s\u0142u\u017cy\u0142a im rozmow\u0105 i porad\u0105 po\u0142o\u017cna i\npsycholog w jednej osobie, kt\u00f3rej stoisko mog\u0142o stanowi\u0107 wz\u00f3r\nstylizacji.<\/p>\n\n\n\n<p>Manualnie uzdolnione i bardziej kulinarnie zorientowane panie oraz\nprzyby\u0142e dzieci mia\u0142y szans\u0119 poduczy\u0107 si\u0119 precyzyjnego,\nartystycznego zdobienia lukrem ciasteczek, wygl\u0105daj\u0105cych jak\nminiaturowe p\u0142askorze\u017aby. W Sali Fitness r\u00f3wnolegle odbywa\u0142y si\u0119\nzaj\u0119cia ruchowe, mi\u0119dzy innymi samoobrony dla kobiet metod\u0105\nTaekwon-do.<\/p>\n\n\n\n<p>Od pocz\u0105tku do ko\u0144ca imprezy wr\u0119czano tradycyjne tulipany, a\nefektown\u0105 opraw\u0119 artystyczn\u0105 wydarzenia stanowi\u0142a wystawa\nmalarska akt\u00f3w kobiecych, nader \u015bmia\u0142ych i w intensywnych\nkolorach. \n<\/p>\n\n\n\n<p>W\u015br\u00f3d uczestniczek Miasta Kobiet rozlosowano r\u00f3wnie\u017c nagrody,\nnadzwyczaj hojnie ufundowane przez grodziskie firmy wsp\u00f3\u0142organizuj\u0105ce\nwydarzenie. Ilo\u015b\u0107 pa\u0144, kt\u00f3re zosta\u0142y obdarowane voucherami na\nnajr\u00f3\u017cniejsze zabiegi kosmetyczne i stylizacyjne przesz\u0142a\nnaj\u015bmielsze oczekiwania.<\/p>\n\n\n\n<p>Ram\u0119 dla ca\u0142ej imprezy stanowi\u0142y: warsztat \u201eAkademii\nSzcz\u0119\u015bliwych Kobiet\u201d oraz wyk\u0142ad Iwony Guzowskiej, wielokrotnej\nmistrzyni \u015bwiata w kick-boxingu. Warsztat pod has\u0142em \u201eJeste\u015b\npi\u0119kna, taka jaka jeste\u015b!\u201d dotyczy\u0142 kreowania w\u0142asnego\nwizerunku i wygl\u0105du zewn\u0119trznego w spos\u00f3b autentyczny, w zgodzie z\ntym, kim naprawd\u0119 si\u0119 jest.<\/p>\n\n\n\n<p>Z kolei wyk\u0142ad Iwony Guzowskiej koncentrowa\u0142 si\u0119 na pi\u0119knie\nwewn\u0119trznym \u2013 na cechach i warto\u015bciach, kt\u00f3re nale\u017cy\npiel\u0119gnowa\u0107 w sobie i kt\u00f3re pomagaj\u0105 kobietom walczy\u0107 o w\u0142asn\u0105\nto\u017csamo\u015b\u0107, wbrew przyj\u0119tym stereotypom. Te cechy i warto\u015bci to,\nzgodnie z tytu\u0142em jej wyk\u0142adu: \u201eM\u0105dro\u015b\u0107, Odwaga, Wewn\u0119trzna\nSi\u0142a, Wiara w siebie, Pasja, Mi\u0142o\u015b\u0107 i Wolno\u015b\u0107\u201d.<\/p>\n\n\n\n<p style=\"text-align:right\">Tekst i foto:<strong> (PS)<\/strong><\/p>\n","protected":false},"excerpt":{"rendered":"<p>Tegoroczna 8. ju\u017c edycja grodziskiego Miasta Kobiet odby\u0142a si\u0119 9 marca w sobotnich godzinach popo\u0142udniowych, w przestrzeni Mediateki. Na zewn\u0105trz ulewny deszcz i wiatr, wewn\u0105trz kr\u00f3lowa\u0142a elegancja, stylizacja, kosmetyka, maquillage i wszelkie zjawiska kojarzone z piel\u0119gnowaniem kobiecej urody oraz z poczuciem w\u0142asnego pi\u0119kna. Organizator wydarzenia, Biblioteka Publiczna Gminy Grodzisk Mazowiecki, zaprosi\u0142a do wsp\u00f3\u0142pracy grodziskie przedsi\u0119biorczynie [&hellip;]<\/p>\n","protected":false},"author":2,"featured_media":3037,"comment_status":"closed","ping_status":"open","sticky":false,"template":"","format":"standard","meta":{"footnotes":""},"categories":[1,8,5],"tags":[],"class_list":["post-3035","post","type-post","status-publish","format-standard","has-post-thumbnail","hentry","category-uncategorized","category-roznosci","category-wiadomosci"],"_links":{"self":[{"href":"https:\/\/fleschmazowsza.com.pl\/index.php?rest_route=\/wp\/v2\/posts\/3035","targetHints":{"allow":["GET"]}}],"collection":[{"href":"https:\/\/fleschmazowsza.com.pl\/index.php?rest_route=\/wp\/v2\/posts"}],"about":[{"href":"https:\/\/fleschmazowsza.com.pl\/index.php?rest_route=\/wp\/v2\/types\/post"}],"author":[{"embeddable":true,"href":"https:\/\/fleschmazowsza.com.pl\/index.php?rest_route=\/wp\/v2\/users\/2"}],"replies":[{"embeddable":true,"href":"https:\/\/fleschmazowsza.com.pl\/index.php?rest_route=%2Fwp%2Fv2%2Fcomments&post=3035"}],"version-history":[{"count":1,"href":"https:\/\/fleschmazowsza.com.pl\/index.php?rest_route=\/wp\/v2\/posts\/3035\/revisions"}],"predecessor-version":[{"id":3036,"href":"https:\/\/fleschmazowsza.com.pl\/index.php?rest_route=\/wp\/v2\/posts\/3035\/revisions\/3036"}],"wp:featuredmedia":[{"embeddable":true,"href":"https:\/\/fleschmazowsza.com.pl\/index.php?rest_route=\/wp\/v2\/media\/3037"}],"wp:attachment":[{"href":"https:\/\/fleschmazowsza.com.pl\/index.php?rest_route=%2Fwp%2Fv2%2Fmedia&parent=3035"}],"wp:term":[{"taxonomy":"category","embeddable":true,"href":"https:\/\/fleschmazowsza.com.pl\/index.php?rest_route=%2Fwp%2Fv2%2Fcategories&post=3035"},{"taxonomy":"post_tag","embeddable":true,"href":"https:\/\/fleschmazowsza.com.pl\/index.php?rest_route=%2Fwp%2Fv2%2Ftags&post=3035"}],"curies":[{"name":"wp","href":"https:\/\/api.w.org\/{rel}","templated":true}]}}