{"id":3030,"date":"2019-03-18T11:31:37","date_gmt":"2019-03-18T10:31:37","guid":{"rendered":"http:\/\/fleschmazowsza.com.pl\/?p=3030"},"modified":"2019-03-18T11:31:39","modified_gmt":"2019-03-18T10:31:39","slug":"polacy-z-brazowym-medalem","status":"publish","type":"post","link":"https:\/\/fleschmazowsza.com.pl\/?p=3030","title":{"rendered":"Polacy z br\u0105zowym medalem"},"content":{"rendered":"\n<p><strong>Jeden br\u0105z dla Polski, jeden rekord Polski, jeden rekord \u015bwiata, po sze\u015b\u0107 z\u0142otych medali dla Holandii i Australii \u2013 to bilans mistrzostw \u015bwiata w kolarstwie torowym, kt\u00f3re odby\u0142y si\u0119\u00a0 w Pruszkowie.  <\/strong><\/p>\n\n\n\n<p>Bohaterem\npolskich fan\u00f3w by\u0142 oczywi\u015bcie Mateusz Rudyk, kt\u00f3ry w sprincie\nstan\u0105\u0142 na najni\u017cszym stopniu podium. To nie tylko jedyny medal\nPolski w tych mistrzostwach, ale te\u017c pierwszy w historii wywalczony\nw tej konkurencji. A warto zaznaczy\u0107, \u017ce najlepszych sprinter\u00f3w\nglobu wy\u0142ania si\u0119 od XIX wieku!<\/p>\n\n\n\n<p>Pozostali\nPolacy w konkurencjach szybko\u015bciowych te\u017c spisali si\u0119 w Pruszkowie\nprzyzwoicie. W keirinie Krzysztof Maksel doszed\u0142 do p\u00f3\u0142fina\u0142u i\nostatecznie by\u0142 10. Dru\u017cyna sprinter\u00f3w (by\u0142 w niej te\u017c Rudyk)\nmia\u0142a 4. czas w kwalifikacjach, ale potem przegra\u0142a sw\u00f3j bieg o\nstref\u0119 medalow\u0105 i zosta\u0142a sklasyfikowana na 7. pozycji.<\/p>\n\n\n\n<p>Bardzo blisko medalu w wy\u015bcigu\npunktowym by\u0142 Wojciech Pszczolarski \u2013 zaj\u0105\u0142 4. miejsce z tak\u0105\nsam\u0105 liczb\u0105 punkt\u00f3w, co medalista z Irlandii. Pszczolarski z\nDanielem Staniszewskim uplasowa\u0142 si\u0119 p\u00f3\u017aniej na \u00f3smej pozycji w\nmadisonie. W wy\u015bcigu dru\u017cynowym na dochodzenie Polakom uda\u0142o si\u0119\nw kwalifikacjach pobi\u0107 rekord kraju, a potem ostatecznie zaj\u0119li 7.\nmiejsce. Indywidualnie na dochodzenie Adrian Kaiser by\u0142 trzynasty.\nW\u015br\u00f3d pan\u00f3w najbardziej zawi\u00f3d\u0142 mistrz \u015bwiata sprzed roku\nSzymon Sajnok \u2013 omnium uko\u0144czy\u0142 na zaledwie 18. miejscu. W\nscratchu bez szans na medal Adrian Tekli\u0144ski (z\u0142oty medalista z\n2017 roku), kt\u00f3ry finiszowa\u0142 dziewi\u0105ty.<\/p>\n\n\n\n<p>W \u017ce\u0144skiej cz\u0119\u015bci reprezentacji\nPolski najlepiej zaprezentowa\u0142y si\u0119 Daria Pikulik i Wiktoria\nPikulik, kt\u00f3re zaj\u0119\u0142y 8. miejsce w madisonie. Ta pierwsza by\u0142a\ntak\u017ce na 10. pozycji w omnium, czyli wieloboju. Pecha mia\u0142a Justyna\nKaczkowska, kt\u00f3ra bra\u0142a udzia\u0142 w kraksie w scratchu. Dru\u017cynowo na\ndochodzenie by\u0142a z kole\u017cankami na dopiero 13. miejscu,\nindywidualnie zaj\u0119\u0142a dobre 9.<\/p>\n\n\n\n<p style=\"text-align:right\">\u0179r\u00f3d\u0142o:<em><strong> przegl\u0105dsportowy.pl<\/strong><\/em><\/p>\n","protected":false},"excerpt":{"rendered":"<p>Jeden br\u0105z dla Polski, jeden rekord Polski, jeden rekord \u015bwiata, po sze\u015b\u0107 z\u0142otych medali dla Holandii i Australii \u2013 to bilans mistrzostw \u015bwiata w kolarstwie torowym, kt\u00f3re odby\u0142y si\u0119\u00a0 w Pruszkowie. Bohaterem polskich fan\u00f3w by\u0142 oczywi\u015bcie Mateusz Rudyk, kt\u00f3ry w sprincie stan\u0105\u0142 na najni\u017cszym stopniu podium. To nie tylko jedyny medal Polski w tych mistrzostwach, [&hellip;]<\/p>\n","protected":false},"author":2,"featured_media":0,"comment_status":"closed","ping_status":"open","sticky":false,"template":"","format":"standard","meta":{"footnotes":""},"categories":[4,5],"tags":[],"class_list":["post-3030","post","type-post","status-publish","format-standard","hentry","category-sport","category-wiadomosci"],"_links":{"self":[{"href":"https:\/\/fleschmazowsza.com.pl\/index.php?rest_route=\/wp\/v2\/posts\/3030","targetHints":{"allow":["GET"]}}],"collection":[{"href":"https:\/\/fleschmazowsza.com.pl\/index.php?rest_route=\/wp\/v2\/posts"}],"about":[{"href":"https:\/\/fleschmazowsza.com.pl\/index.php?rest_route=\/wp\/v2\/types\/post"}],"author":[{"embeddable":true,"href":"https:\/\/fleschmazowsza.com.pl\/index.php?rest_route=\/wp\/v2\/users\/2"}],"replies":[{"embeddable":true,"href":"https:\/\/fleschmazowsza.com.pl\/index.php?rest_route=%2Fwp%2Fv2%2Fcomments&post=3030"}],"version-history":[{"count":1,"href":"https:\/\/fleschmazowsza.com.pl\/index.php?rest_route=\/wp\/v2\/posts\/3030\/revisions"}],"predecessor-version":[{"id":3031,"href":"https:\/\/fleschmazowsza.com.pl\/index.php?rest_route=\/wp\/v2\/posts\/3030\/revisions\/3031"}],"wp:attachment":[{"href":"https:\/\/fleschmazowsza.com.pl\/index.php?rest_route=%2Fwp%2Fv2%2Fmedia&parent=3030"}],"wp:term":[{"taxonomy":"category","embeddable":true,"href":"https:\/\/fleschmazowsza.com.pl\/index.php?rest_route=%2Fwp%2Fv2%2Fcategories&post=3030"},{"taxonomy":"post_tag","embeddable":true,"href":"https:\/\/fleschmazowsza.com.pl\/index.php?rest_route=%2Fwp%2Fv2%2Ftags&post=3030"}],"curies":[{"name":"wp","href":"https:\/\/api.w.org\/{rel}","templated":true}]}}