{"id":3021,"date":"2019-03-04T12:47:17","date_gmt":"2019-03-04T11:47:17","guid":{"rendered":"http:\/\/fleschmazowsza.com.pl\/?p=3021"},"modified":"2019-03-04T12:47:20","modified_gmt":"2019-03-04T11:47:20","slug":"kleszcze-ruszyly-do-ataku","status":"publish","type":"post","link":"https:\/\/fleschmazowsza.com.pl\/?p=3021","title":{"rendered":"Kleszcze ruszy\u0142y do ataku!"},"content":{"rendered":"\n<p><strong>Wydawa\u0142oby si\u0119, \u017ce okres zmasowanego ataku kleszczy mamy ju\u017c za sob\u0105, tymczasem kilka cieplejszych dni doprowadzi\u0142o do wzrostu aktywno\u015bci kleszczy.<\/strong><\/p>\n\n\n\n<p>Kleszcze mo\u017cemy spotka\u0107 nie tylko w\nlasach i na \u0142\u0105kach, ale r\u00f3wnie\u017c w miejskich parkach, skwerach i\nprzydomowych ogr\u00f3dkach. Ciep\u0142a zima i przedwio\u015bnie sk\u0142aniaj\u0105 nas\ndo wypoczynku na \u015bwie\u017cym powietrzu, a wi\u0119c w ulubionych miejscach\nbytowania kleszczy. Ich uk\u0105szenie mo\u017ce by\u0107 przyczyn\u0105 wielu\npowa\u017cnych chor\u00f3b, dlatego tak wa\u017cna jest profilaktyka.<\/p>\n\n\n\n<p style=\"text-align:center\"><strong>Jak chroni\u0107 si\u0119 przed uk\u0105szeniem?<\/strong><\/p>\n\n\n\n<p>\nJak podkre\u015blaj\u0105\neksperci, a\u017c 40% kleszczy mo\u017ce by\u0107 nosicielami gro\u017anych bakterii\ni wirus\u00f3w wywo\u0142uj\u0105cych borelioz\u0119, babeszjoz\u0119 i odkleszczowe\nzapalenie m\u00f3zgu. Dlatego szczeg\u00f3lnie przed wej\u015bciem do lasu czy\nmiejskiego parku nale\u017cy odpowiednio si\u0119 zabezpieczy\u0107.<\/p>\n\n\n\n<p>\nKleszcze lubi\u0105\nmiejsca ciep\u0142e i wilgotne. Najcz\u0119stszymi miejscami uk\u0105sze\u0144 s\u0105\npachwiny, zgi\u0119cia kolan, pachy i sk\u00f3ra g\u0142owy pod w\u0142osami, dlatego\npowinni\u015bmy je szczeg\u00f3lnie chroni\u0107. Dobrym pomys\u0142em jest za\u0142o\u017cenie\nna spacer d\u0142ugich spodni, bluzki z d\u0142ugim r\u0119kawem, zakrytych but\u00f3w\noraz nakrycia g\u0142owy. Dodatkowo warto na odkryt\u0105 sk\u00f3r\u0119 oraz\nzewn\u0119trzn\u0105 stron\u0119 ubrania zastosowa\u0107 \u015brodki odstraszaj\u0105ce owady\ni kleszcze.<\/p>\n\n\n\n<p>\nWa\u017cne jest, by po\npowrocie ze spaceru dok\u0142adnie obejrze\u0107 sk\u00f3r\u0119. Nasz\u0105 uwag\u0119\npowinny przyku\u0107 wszelkie zaczerwienienia i plamki sugeruj\u0105ce\nuk\u0105szenie.<\/p>\n\n\n\n<p style=\"text-align:center\"><strong> Jak zachowa\u0107 si\u0119 po uk\u0105szeniu kleszcza?<\/strong><\/p>\n\n\n\n<p> Niestety nie zawsze uda nam si\u0119 unikn\u0105\u0107 uk\u0105szenia. W takim przypadku powinni\u015bmy jak najszybciej usun\u0105\u0107 kleszcza. Im kr\u00f3cej przebywa on w naszym ciele, tym mniejsze jest prawdopodobie\u0144stwo przeniesienia chor\u00f3b odkleszczowych. Kleszcze mo\u017cemy bezpiecznie usun\u0105\u0107 za pomoc\u0105 p\u0119sety, lassa czy specjalnej pompki s\u0142u\u017c\u0105cej jego odessaniu. Mo\u017cemy tak\u017ce skorzysta\u0107 z pomocy lekarza lub piel\u0119gniarki w najbli\u017cszej przychodni lub szpitalu. Wa\u017cne jest, by w \u017cadnym przypadku nie smarowa\u0107 kleszcza t\u0142uszczem, kremem czy preparatem na bazie alkoholu. Po uk\u0105szeniu kluczowa jest obserwacja zar\u00f3wno w\u0142asnego samopoczucia, jak i miejsca uk\u0105szenia.<\/p>\n\n\n\n<p style=\"text-align:center\"><strong> Objawy<\/strong><\/p>\n\n\n\n<p> Wypatrywa\u0107 powinni\u015bmy stanu zapalnego, zaczerwienienia czy rumienia na sk\u00f3rze. Zaniepokoi\u0107 powinien nas tak\u017ce stan podgor\u0105czkowy, b\u00f3le g\u0142owy, mi\u0119\u015bni czy staw\u00f3w oraz powi\u0119kszenie w\u0119z\u0142\u00f3w ch\u0142onnych. W przypadku takich objaw\u00f3w powinni\u015bmy jak najszybciej zg\u0142osi\u0107 si\u0119 do lekarza w celu dalszej diagnozy. Mog\u0105 to by\u0107 bowiem pierwsze objawy boreliozy, czy te\u017c odkleszczowego zapalenia m\u00f3zgu.<\/p>\n\n\n\n<p style=\"text-align:right\"><strong> Kinga Rochalska, (mg)<\/strong><\/p>\n","protected":false},"excerpt":{"rendered":"<p>Wydawa\u0142oby si\u0119, \u017ce okres zmasowanego ataku kleszczy mamy ju\u017c za sob\u0105, tymczasem kilka cieplejszych dni doprowadzi\u0142o do wzrostu aktywno\u015bci kleszczy. Kleszcze mo\u017cemy spotka\u0107 nie tylko w lasach i na \u0142\u0105kach, ale r\u00f3wnie\u017c w miejskich parkach, skwerach i przydomowych ogr\u00f3dkach. Ciep\u0142a zima i przedwio\u015bnie sk\u0142aniaj\u0105 nas do wypoczynku na \u015bwie\u017cym powietrzu, a wi\u0119c w ulubionych miejscach [&hellip;]<\/p>\n","protected":false},"author":2,"featured_media":3022,"comment_status":"closed","ping_status":"open","sticky":false,"template":"","format":"standard","meta":{"footnotes":""},"categories":[9,5],"tags":[],"class_list":["post-3021","post","type-post","status-publish","format-standard","has-post-thumbnail","hentry","category-edukacja","category-wiadomosci"],"_links":{"self":[{"href":"https:\/\/fleschmazowsza.com.pl\/index.php?rest_route=\/wp\/v2\/posts\/3021","targetHints":{"allow":["GET"]}}],"collection":[{"href":"https:\/\/fleschmazowsza.com.pl\/index.php?rest_route=\/wp\/v2\/posts"}],"about":[{"href":"https:\/\/fleschmazowsza.com.pl\/index.php?rest_route=\/wp\/v2\/types\/post"}],"author":[{"embeddable":true,"href":"https:\/\/fleschmazowsza.com.pl\/index.php?rest_route=\/wp\/v2\/users\/2"}],"replies":[{"embeddable":true,"href":"https:\/\/fleschmazowsza.com.pl\/index.php?rest_route=%2Fwp%2Fv2%2Fcomments&post=3021"}],"version-history":[{"count":1,"href":"https:\/\/fleschmazowsza.com.pl\/index.php?rest_route=\/wp\/v2\/posts\/3021\/revisions"}],"predecessor-version":[{"id":3023,"href":"https:\/\/fleschmazowsza.com.pl\/index.php?rest_route=\/wp\/v2\/posts\/3021\/revisions\/3023"}],"wp:featuredmedia":[{"embeddable":true,"href":"https:\/\/fleschmazowsza.com.pl\/index.php?rest_route=\/wp\/v2\/media\/3022"}],"wp:attachment":[{"href":"https:\/\/fleschmazowsza.com.pl\/index.php?rest_route=%2Fwp%2Fv2%2Fmedia&parent=3021"}],"wp:term":[{"taxonomy":"category","embeddable":true,"href":"https:\/\/fleschmazowsza.com.pl\/index.php?rest_route=%2Fwp%2Fv2%2Fcategories&post=3021"},{"taxonomy":"post_tag","embeddable":true,"href":"https:\/\/fleschmazowsza.com.pl\/index.php?rest_route=%2Fwp%2Fv2%2Ftags&post=3021"}],"curies":[{"name":"wp","href":"https:\/\/api.w.org\/{rel}","templated":true}]}}