{"id":2991,"date":"2019-02-15T13:59:22","date_gmt":"2019-02-15T12:59:22","guid":{"rendered":"http:\/\/fleschmazowsza.com.pl\/?p=2991"},"modified":"2019-02-15T13:59:24","modified_gmt":"2019-02-15T12:59:24","slug":"inwestycja-musi-poczekac","status":"publish","type":"post","link":"https:\/\/fleschmazowsza.com.pl\/?p=2991","title":{"rendered":"Inwestycja musi poczeka\u0107"},"content":{"rendered":"\n<p><strong>Wbrew wcze\u015bniejszym zapowiedziom samorz\u0105dowc\u00f3w, na remont wiaduktu w ci\u0105gu ul. Pozna\u0144skiej w Pruszkowie b\u0119dziemy musieli jeszcze poczeka\u0107. Prace wystartuj\u0105 najwcze\u015bniej w 2020 roku.<\/strong><\/p>\n\n\n\n<p>Kierowcy przeje\u017cd\u017caj\u0105cy przez\nPruszk\u00f3w mog\u0105 skorzysta\u0107 z dw\u00f3ch przepraw przez tory PKP &#8211;\nprzejazdu w ci\u0105gu ul. Przejazdowej lub wiaduktu w ci\u0105gu ul.\nPozna\u0144skiej. Niestety stan techniczny wiaduktu w centrum Pruszkowa\npozostawia wiele do \u017cyczenia.<\/p>\n\n\n\n<p>Ekspertyzy ujawnione w zwi\u0105zku z\nkonsultacjami spo\u0142ecznymi, kt\u00f3re odby\u0142y si\u0119 w 2016 r. wykaza\u0142y,\n\u017ce konieczne jest wykonanie gruntownego remontu wiaduktu do 2019\nroku. Pocz\u0105tkowo zak\u0142adano, \u017ce budowa nowej przeprawy powinna\nzako\u0144czy\u0107 si\u0119 przed tym terminem. Niestety dzi\u015b ju\u017c wiemy, \u017ce\nnie uda si\u0119 dochowa\u0107 obiecanego terminu. Prace wystartuj\u0105\nnajwcze\u015bniej w 2020 roku. Co wi\u0119cej, Mazowiecki Zarz\u0105d Dr\u00f3g\nWojew\u00f3dzkich (MZDW), kt\u00f3ry jest zarz\u0105dc\u0105 wiaduktu zdecydowa\u0142, \u017ce\nnowa przeprawa powstanie w miejscu starego wiaduktu, a nie jak\nwcze\u015bniej planowano obok niego.<\/p>\n\n\n\n<p style=\"text-align:center\"><strong>Nowy wiadukt w miejscu starego<\/strong><\/p>\n\n\n\n<p>Dlaczego zdecydowano si\u0119 wprowadzi\u0107\nrozwi\u0105zanie, kt\u00f3re utrudni ruch samochodowy w Pruszkowie?<\/p>\n\n\n\n<p>\u2013 W ramach procesu projektowego w\noparciu o istniej\u0105ce uwarunkowania terenowe i istniej\u0105c\u0105 w terenie\ninfrastruktur\u0119 wypracowany zosta\u0142 wariant zak\u0142adaj\u0105cy budow\u0119\nwiaduktu w miejscu istniej\u0105cego obiektu, kt\u00f3ry ze wzgl\u0119du na z\u0142y\nstan techniczny zostanie rozebrany i w jego miejscu powstanie nowy\nobiekt \u2013 m\u00f3wi Monika Burdon, rzecznik prasowy MZDW. \u2013\nPrzeprowadzona w ci\u0105gu ostatnich lat przez PKP PLK S.A. modernizacja\nlinii kolejowej w znacz\u0105cy spos\u00f3b utrudni\u0142a mo\u017cliwo\u015b\u0107\nzlokalizowania wiaduktu obok istniej\u0105cego obiektu, bowiem w\u00f3wczas\nmia\u0142aby miejsce kolizja z bramkami trakcyjnymi znajduj\u0105cymi si\u0119\nnad rozjazdami torowymi. Lokalizacja wiaduktu w tym miejscu wi\u0105za\u0142aby\nsi\u0119 ze znaczn\u0105 przebudow\u0105 uk\u0142adu torowego, urz\u0105dze\u0144 sterowania\nruchem i pozosta\u0142ej infrastruktury kolejowej na do\u015b\u0107 du\u017cym\nodcinku linii kolejowej nr 1 i 447. Z uwagi na uwarunkowania terenowe\nniemo\u017cliwe by\u0142o podniesienie obiektu ponad bramki trakcyjne \u2013\ndodaje.<\/p>\n\n\n\n<p>\nZgodnie z\nza\u0142o\u017ceniami nowy wiadukt po\u0142\u0105czy ul. Boles\u0142awa Prusa z Rondem\nSolidarno\u015bci. Na wiadukcie znajdzie si\u0119 r\u00f3wnie\u017c chodnik, \u015bcie\u017cka\nrowerowa oraz dodatkowy \u0142\u0105cznik, kt\u00f3ry umo\u017cliwi kierowcom jad\u0105cym\nz G\u0105sina i \u017bbikowa bezkolizyjny wjazd w al. Wojska Polskiego w\nkierunku Grodziska Mazowieckiego.<\/p>\n\n\n\n<p style=\"text-align:center\"><strong> Prace rusz\u0105 najwcze\u015bniej w 2020 roku<\/strong><\/p>\n\n\n\n<p>\nKiedy rozpoczn\u0105 si\u0119\nprace budowlane? Jak zapowiadaj\u0105 drogowcy, realizacja prac\nbudowlanych b\u0119dzie mog\u0142a nast\u0105pi\u0107 najwcze\u015bniej w 2020 r., po\nwy\u0142onieniu w toku post\u0119powania przetargowego wykonawcy rob\u00f3t\nbudowlanych.<\/p>\n\n\n\n<p>\nDo chwili obecnej\nuda\u0142o si\u0119 uzyska\u0107 decyzj\u0119 o \u015brodowiskowych uwarunkowaniach.\nDecyzja zosta\u0142a wydana w dniu 13 wrze\u015bnia ubieg\u0142ego roku i obecnie\nnadal trwa procedura zwi\u0105zana z nadaniem jest przez Regionaln\u0105\nDyrekcj\u0119 Ochrony \u015arodowiska klauzuli ostateczno\u015bci. Po nadaniu\nklauzuli, kontynuowany b\u0119dzie proces projektowy, w ramach kt\u00f3rego\nkonieczne b\u0119dzie jeszcze m.in. uzyskanie decyzji o pozwoleniu wodno\n\u2013 prawnym i decyzji o zezwoleniu na realizacj\u0119 inwestycji\ndrogowej, kt\u00f3rej uzyskanie drogowcy przewiduj\u0105 w III kwartale 2019\nr. Wszystko wskazuje wi\u0119c na to, \u017ce na nowy wiadukt b\u0119dziemy\nmusieli poczeka\u0107 co najmniej p\u00f3\u0142tora roku.<\/p>\n\n\n\n<p style=\"text-align:right\"><strong> Kinga Rochalska<\/strong><br>Fot. <em><strong>www.pruszkow.pl<\/strong><\/em><br><\/p>\n","protected":false},"excerpt":{"rendered":"<p>Wbrew wcze\u015bniejszym zapowiedziom samorz\u0105dowc\u00f3w, na remont wiaduktu w ci\u0105gu ul. Pozna\u0144skiej w Pruszkowie b\u0119dziemy musieli jeszcze poczeka\u0107. Prace wystartuj\u0105 najwcze\u015bniej w 2020 roku. Kierowcy przeje\u017cd\u017caj\u0105cy przez Pruszk\u00f3w mog\u0105 skorzysta\u0107 z dw\u00f3ch przepraw przez tory PKP &#8211; przejazdu w ci\u0105gu ul. Przejazdowej lub wiaduktu w ci\u0105gu ul. Pozna\u0144skiej. Niestety stan techniczny wiaduktu w centrum Pruszkowa pozostawia [&hellip;]<\/p>\n","protected":false},"author":2,"featured_media":2992,"comment_status":"closed","ping_status":"open","sticky":false,"template":"","format":"standard","meta":{"footnotes":""},"categories":[8,5],"tags":[],"class_list":["post-2991","post","type-post","status-publish","format-standard","has-post-thumbnail","hentry","category-roznosci","category-wiadomosci"],"_links":{"self":[{"href":"https:\/\/fleschmazowsza.com.pl\/index.php?rest_route=\/wp\/v2\/posts\/2991","targetHints":{"allow":["GET"]}}],"collection":[{"href":"https:\/\/fleschmazowsza.com.pl\/index.php?rest_route=\/wp\/v2\/posts"}],"about":[{"href":"https:\/\/fleschmazowsza.com.pl\/index.php?rest_route=\/wp\/v2\/types\/post"}],"author":[{"embeddable":true,"href":"https:\/\/fleschmazowsza.com.pl\/index.php?rest_route=\/wp\/v2\/users\/2"}],"replies":[{"embeddable":true,"href":"https:\/\/fleschmazowsza.com.pl\/index.php?rest_route=%2Fwp%2Fv2%2Fcomments&post=2991"}],"version-history":[{"count":1,"href":"https:\/\/fleschmazowsza.com.pl\/index.php?rest_route=\/wp\/v2\/posts\/2991\/revisions"}],"predecessor-version":[{"id":2993,"href":"https:\/\/fleschmazowsza.com.pl\/index.php?rest_route=\/wp\/v2\/posts\/2991\/revisions\/2993"}],"wp:featuredmedia":[{"embeddable":true,"href":"https:\/\/fleschmazowsza.com.pl\/index.php?rest_route=\/wp\/v2\/media\/2992"}],"wp:attachment":[{"href":"https:\/\/fleschmazowsza.com.pl\/index.php?rest_route=%2Fwp%2Fv2%2Fmedia&parent=2991"}],"wp:term":[{"taxonomy":"category","embeddable":true,"href":"https:\/\/fleschmazowsza.com.pl\/index.php?rest_route=%2Fwp%2Fv2%2Fcategories&post=2991"},{"taxonomy":"post_tag","embeddable":true,"href":"https:\/\/fleschmazowsza.com.pl\/index.php?rest_route=%2Fwp%2Fv2%2Ftags&post=2991"}],"curies":[{"name":"wp","href":"https:\/\/api.w.org\/{rel}","templated":true}]}}