{"id":2986,"date":"2019-02-15T12:49:42","date_gmt":"2019-02-15T11:49:42","guid":{"rendered":"http:\/\/fleschmazowsza.com.pl\/?p=2986"},"modified":"2019-02-15T12:49:45","modified_gmt":"2019-02-15T11:49:45","slug":"muzyka-na-tle-tragedii","status":"publish","type":"post","link":"https:\/\/fleschmazowsza.com.pl\/?p=2986","title":{"rendered":"Muzyka na tle tragedii"},"content":{"rendered":"\n<p><strong>W pi\u0105tkowy wiecz\u00f3r 1 lutego w Mediatece odby\u0142 si\u0119 koncert muzyki dawnej w wykonaniu kwartetu \u201eOrkiestra Czas\u00f3w Zarazy\u201d. Przewodnim tematem muzycznym by\u0142y Ta\u0144ce Polskie spisane w r\u0119kopisie niemieckiego kompozytora epoki baroku Georga Philippa Telemanna, odnalezione w bibliotece w Rostocku.  <\/strong><\/p>\n\n\n\n<p>Telemann jako\nnadworny muzyk i kapelmistrz, po\u015brednio zwi\u0105zany z dworem Augusta\nII Mocnego, kr\u00f3la polskiego z dynastii saskiej, podczas pobytu i\npodr\u00f3\u017cy po Polsce zetkn\u0105\u0142 si\u0119 z polsk\u0105 muzyk\u0105 taneczn\u0105\npocz\u0105tku XVIII wieku, zar\u00f3wno w jej wydaniu dworskim, pa\u0142acowym,\njak i ludowym, \u201ekarczemnym\u201d. Podobnie jak 100 lat p\u00f3\u017aniej\nFryderyk Chopin, Telemann \u201ewymyka\u0142 si\u0119\u201d do przydro\u017cnych\nkarczm, aby pos\u0142ucha\u0107 XVIII-wiecznych oberk\u00f3w granych przez ludowe\nkapele. Wiele autorskich kompozycji Telemanna inspirowanych jest\nstylem polskim, natomiast manuskrypt rostocki to niemal etnograficzny\nzapis \u00f3wczesnej polskiej muzyki tanecznej. Jedyny opatrzony tytu\u0142em\nutw\u00f3r z tego zbioru, to: \u201eJe\u015bli mnie kochasz, nie porzucaj\u201d. \n<\/p>\n\n\n\n<p>Ta\u0144ce w stylu\npolskim ta\u0144czono zar\u00f3wno na \u00f3wczesnych magnackich dworach, jak i\nna wiejskich pota\u0144c\u00f3wkach, nie tylko w Polsce, ale i w krajach\np\u00f3\u0142nocnej i \u015brodkowej Europy. Popularno\u015b\u0107 stylu polskiego by\u0142a\nw owych czasach na tyle du\u017ca, \u017ce mieli go w swoim repertuarze tak\nwybitni muzycy, jak w\u0142oski kompozytor Antonio Vivaldi. Korzenie\ntradycyjnej muzyki szwedzkiej si\u0119gaj\u0105 do Polski. Ta\u0144ce polskie\nta\u0144czono w Niemczech, w Szwecji, Inflantach, Rosji czy na W\u0119grzech.<\/p>\n\n\n\n<p>Muzyka w stylu polskim pocz\u0105tku XVIII wieku jest muzyk\u0105 w znacznej mierze smyczkowo \u2013 dudziarsk\u0105. Orkiestra Czas\u00f3w Zarazy nawi\u0105zuje do pierwotnego wykonania utwor\u00f3w, wzbogacaj\u0105c swoje instrumentarium o nyckelharp\u0119 i sza\u0142amaj\u0119 \u2013 dawne instrumenty o charakterze smyczkowym i d\u0119tym. Intryguj\u0105ca nazwa kwartetu ma przypomina\u0107 o tym, \u017ce muzyka okresu baroku w stylu polskim rozbrzmiewa\u0142a ze \u015bmierci\u0105 w tle. Pocz\u0105tek XVIII wieku to dla Rzeczpospolitej czas spustosze\u0144 dokonanych przez wojn\u0119 p\u00f3\u0142nocn\u0105, g\u0142\u00f3d i epidemi\u0119 d\u017cumy \u2013 liczba ludno\u015bci spad\u0142a o ok. 1\/3. Pi\u0119kna i ponadczasowa muzyka powstawa\u0142a zatem na tle ludzkich tragedii.<\/p>\n\n\n\n<p style=\"text-align:right\"><strong> <\/strong>Tekst i foto:<strong> (PS) <\/strong><\/p>\n\n\n\n<table class=\"wp-block-table\"><tbody><tr><\/tr><\/tbody><\/table>\n\n\n\n<p><br><\/p>\n","protected":false},"excerpt":{"rendered":"<p>W pi\u0105tkowy wiecz\u00f3r 1 lutego w Mediatece odby\u0142 si\u0119 koncert muzyki dawnej w wykonaniu kwartetu \u201eOrkiestra Czas\u00f3w Zarazy\u201d. Przewodnim tematem muzycznym by\u0142y Ta\u0144ce Polskie spisane w r\u0119kopisie niemieckiego kompozytora epoki baroku Georga Philippa Telemanna, odnalezione w bibliotece w Rostocku. Telemann jako nadworny muzyk i kapelmistrz, po\u015brednio zwi\u0105zany z dworem Augusta II Mocnego, kr\u00f3la polskiego z [&hellip;]<\/p>\n","protected":false},"author":2,"featured_media":2987,"comment_status":"closed","ping_status":"open","sticky":false,"template":"","format":"standard","meta":{"footnotes":""},"categories":[9,6],"tags":[],"class_list":["post-2986","post","type-post","status-publish","format-standard","has-post-thumbnail","hentry","category-edukacja","category-kultura"],"_links":{"self":[{"href":"https:\/\/fleschmazowsza.com.pl\/index.php?rest_route=\/wp\/v2\/posts\/2986","targetHints":{"allow":["GET"]}}],"collection":[{"href":"https:\/\/fleschmazowsza.com.pl\/index.php?rest_route=\/wp\/v2\/posts"}],"about":[{"href":"https:\/\/fleschmazowsza.com.pl\/index.php?rest_route=\/wp\/v2\/types\/post"}],"author":[{"embeddable":true,"href":"https:\/\/fleschmazowsza.com.pl\/index.php?rest_route=\/wp\/v2\/users\/2"}],"replies":[{"embeddable":true,"href":"https:\/\/fleschmazowsza.com.pl\/index.php?rest_route=%2Fwp%2Fv2%2Fcomments&post=2986"}],"version-history":[{"count":1,"href":"https:\/\/fleschmazowsza.com.pl\/index.php?rest_route=\/wp\/v2\/posts\/2986\/revisions"}],"predecessor-version":[{"id":2988,"href":"https:\/\/fleschmazowsza.com.pl\/index.php?rest_route=\/wp\/v2\/posts\/2986\/revisions\/2988"}],"wp:featuredmedia":[{"embeddable":true,"href":"https:\/\/fleschmazowsza.com.pl\/index.php?rest_route=\/wp\/v2\/media\/2987"}],"wp:attachment":[{"href":"https:\/\/fleschmazowsza.com.pl\/index.php?rest_route=%2Fwp%2Fv2%2Fmedia&parent=2986"}],"wp:term":[{"taxonomy":"category","embeddable":true,"href":"https:\/\/fleschmazowsza.com.pl\/index.php?rest_route=%2Fwp%2Fv2%2Fcategories&post=2986"},{"taxonomy":"post_tag","embeddable":true,"href":"https:\/\/fleschmazowsza.com.pl\/index.php?rest_route=%2Fwp%2Fv2%2Ftags&post=2986"}],"curies":[{"name":"wp","href":"https:\/\/api.w.org\/{rel}","templated":true}]}}