{"id":2983,"date":"2019-02-15T12:36:18","date_gmt":"2019-02-15T11:36:18","guid":{"rendered":"http:\/\/fleschmazowsza.com.pl\/?p=2983"},"modified":"2019-02-15T12:36:20","modified_gmt":"2019-02-15T11:36:20","slug":"bezdusznosc-rynku-pracy-w-polsce","status":"publish","type":"post","link":"https:\/\/fleschmazowsza.com.pl\/?p=2983","title":{"rendered":"Bezduszno\u015b\u0107 rynku pracy w Polsce"},"content":{"rendered":"\n<p><strong>Pierwsze spotkanie autorskie Dyskusyjnego Klubu Ksi\u0105\u017cki Oddzia\u0142u \u201eCzechowice\u201d ju\u017c za nami. Tym razem Biblioteka Publiczna w Ursusie go\u015bci\u0142a Marka Szymaniaka, autora ksi\u0105\u017cki \u201eUrobieni. Reporta\u017ce o pracy\u201d.<\/strong><\/p>\n\n\n\n<p>M\u0142ody dziennikarz ma ju\u017c za sob\u0105\nwiele sukces\u00f3w. By\u0142 dwukrotnym finalist\u0105 konkursu stypendialnego\nFundacji \u201eHerodot\u201d im. Ryszarda Kapu\u015bci\u0144skiego oraz dwukrotnym\nfinalist\u0105 Nagrody Newsweeka im. Teresy Tora\u0144skiej m.in. za\ndebiutanck\u0105 ksi\u0105\u017ck\u0119 \u201eUrobieni. Reporta\u017ce o pracy\u201d\nWydawnictwa Czarne.<\/p>\n\n\n\n<p>Podczas spotkania autor wyzna\u0142, \u017ce\nnigdy nie by\u0142 zatrudniony na umow\u0119 o prac\u0119. W mediach bardzo\nrzadko proponuje si\u0119 komukolwiek etat. Na pytanie z sali: \u201edlaczego\nm\u0142odzi ludzie si\u0119 temu nie sprzeciwiaj\u0105\u201d odpar\u0142, \u017ce na miejsce\nka\u017cdego dziennikarza czeka kilkadziesi\u0105t aplikacji os\u00f3b, kt\u00f3re\nchcia\u0142yby go zast\u0105pi\u0107. Gdyby pracownicy si\u0119 zbuntowali, na drugi\ndzie\u0144 ju\u017c by ich nie by\u0142o, na ich miejsce zatrudniono by\nnast\u0119pnych. Na umowy \u201e\u015bmieciowe\u201d oczywi\u015bcie.<\/p>\n\n\n\n<p>Z\nksi\u0105\u017cki wynika, \u017ce Polska latami rozwija\u0142a si\u0119 w oparciu o\ntanich pracownik\u00f3w. Jedna z uczestniczek s\u0142usznie zauwa\u017cy\u0142a, \u017ce\nich gniew i frustracja mog\u0105 zosta\u0107 \u017ale zagospodarowane, co wida\u0107\nchocia\u017cby w \u015awi\u0119to Niepodleg\u0142o\u015bci przy okazji marszu narodowc\u00f3w.<\/p>\n\n\n\n<p>Reporter opowiedzia\u0142 o swojej pracy\nnad ksi\u0105\u017ck\u0105, a tak\u017ce rozwi\u0105zaniach systemowych, kt\u00f3re mog\u0142yby\nwzmocni\u0107 kontrol\u0119 pa\u0144stwa nad patologi\u0105 w polskim biznesie.\nBohaterowie \u201eUrobionych\u201d s\u0105 ofiarami bezduszno\u015bci wolnego\nrynku, bezradno\u015bci Pa\u0144stwowej Inspekcji Pracy oraz zwi\u0105zk\u00f3w\nzawodowych. \n<\/p>\n\n\n\n<p>Polska po 1989 roku przyj\u0119\u0142a\nneoliberalny system gospodarczy, w kt\u00f3rym rola pa\u0144stwa jest bardzo\nograniczona. Ka\u017cdy pracownik jest wi\u0119c zdany sam na siebie, co\ntworzy liczne patologie na rynku pracy. \n<\/p>\n\n\n\n<p>Autor zauwa\u017cy\u0142, \u017ce sam fakt\nniepodawania w og\u0142oszeniach o prac\u0119 wysoko\u015bci wynagrodzenia\n\u015bwiadczy o bardzo nier\u00f3wnej relacji mi\u0119dzy pracodawc\u0105 i\npracownikiem. Ile czasu zaoszcz\u0119dziliby\u015bmy, gdyby\u015bmy od razu znali\nwysoko\u015b\u0107 p\u0142ac, zamiast przygotowywa\u0107 si\u0119 do czasoch\u0142onnej\nrekrutacji \u2013 pyta retorycznie uczestnik\u00f3w.<\/p>\n\n\n\n<p>Tylko nieliczne bran\u017ce podaj\u0105 stawki,\ntam w\u0142a\u015bnie jest rynek pracownika, ale i to si\u0119 mo\u017ce zmieni\u0107, bo\nnawet programist\u00f3w i specjalist\u00f3w IT mo\u017cna ju\u017c znale\u017a\u0107 w\nkrajach Trzeciego \u015awiata.<\/p>\n\n\n\n<p>Kolejne spotkanie autorskie DKK\nOddzia\u0142u \u201eCzechowice\u201d odb\u0119dzie si\u0119 20 marca. Naszym go\u015bciem\nb\u0119dzie Agata Maksimowska, autorka ksi\u0105\u017cki \u201eBirobid\u017can. Ziemia,\nna kt\u00f3rej mieli\u015bmy by\u0107 szcz\u0119\u015bliwi\u201d, wydana r\u00f3wnie\u017c nak\u0142adem\nWydawnictwa Czarne. Wst\u0119p wolny.<\/p>\n\n\n\n<p style=\"text-align:right\"><strong>Lucyna D\u0105browska<br><\/strong>Fot.<strong> <em>Biblioteka Publiczna w Dzielnicy Ursus<\/em><\/strong><\/p>\n","protected":false},"excerpt":{"rendered":"<p>Pierwsze spotkanie autorskie Dyskusyjnego Klubu Ksi\u0105\u017cki Oddzia\u0142u \u201eCzechowice\u201d ju\u017c za nami. Tym razem Biblioteka Publiczna w Ursusie go\u015bci\u0142a Marka Szymaniaka, autora ksi\u0105\u017cki \u201eUrobieni. Reporta\u017ce o pracy\u201d. M\u0142ody dziennikarz ma ju\u017c za sob\u0105 wiele sukces\u00f3w. By\u0142 dwukrotnym finalist\u0105 konkursu stypendialnego Fundacji \u201eHerodot\u201d im. Ryszarda Kapu\u015bci\u0144skiego oraz dwukrotnym finalist\u0105 Nagrody Newsweeka im. Teresy Tora\u0144skiej m.in. za debiutanck\u0105 [&hellip;]<\/p>\n","protected":false},"author":2,"featured_media":2984,"comment_status":"closed","ping_status":"open","sticky":false,"template":"","format":"standard","meta":{"footnotes":""},"categories":[6,8],"tags":[],"class_list":["post-2983","post","type-post","status-publish","format-standard","has-post-thumbnail","hentry","category-kultura","category-roznosci"],"_links":{"self":[{"href":"https:\/\/fleschmazowsza.com.pl\/index.php?rest_route=\/wp\/v2\/posts\/2983","targetHints":{"allow":["GET"]}}],"collection":[{"href":"https:\/\/fleschmazowsza.com.pl\/index.php?rest_route=\/wp\/v2\/posts"}],"about":[{"href":"https:\/\/fleschmazowsza.com.pl\/index.php?rest_route=\/wp\/v2\/types\/post"}],"author":[{"embeddable":true,"href":"https:\/\/fleschmazowsza.com.pl\/index.php?rest_route=\/wp\/v2\/users\/2"}],"replies":[{"embeddable":true,"href":"https:\/\/fleschmazowsza.com.pl\/index.php?rest_route=%2Fwp%2Fv2%2Fcomments&post=2983"}],"version-history":[{"count":1,"href":"https:\/\/fleschmazowsza.com.pl\/index.php?rest_route=\/wp\/v2\/posts\/2983\/revisions"}],"predecessor-version":[{"id":2985,"href":"https:\/\/fleschmazowsza.com.pl\/index.php?rest_route=\/wp\/v2\/posts\/2983\/revisions\/2985"}],"wp:featuredmedia":[{"embeddable":true,"href":"https:\/\/fleschmazowsza.com.pl\/index.php?rest_route=\/wp\/v2\/media\/2984"}],"wp:attachment":[{"href":"https:\/\/fleschmazowsza.com.pl\/index.php?rest_route=%2Fwp%2Fv2%2Fmedia&parent=2983"}],"wp:term":[{"taxonomy":"category","embeddable":true,"href":"https:\/\/fleschmazowsza.com.pl\/index.php?rest_route=%2Fwp%2Fv2%2Fcategories&post=2983"},{"taxonomy":"post_tag","embeddable":true,"href":"https:\/\/fleschmazowsza.com.pl\/index.php?rest_route=%2Fwp%2Fv2%2Ftags&post=2983"}],"curies":[{"name":"wp","href":"https:\/\/api.w.org\/{rel}","templated":true}]}}