{"id":2980,"date":"2019-02-15T12:18:04","date_gmt":"2019-02-15T11:18:04","guid":{"rendered":"http:\/\/fleschmazowsza.com.pl\/?p=2980"},"modified":"2019-02-15T12:18:06","modified_gmt":"2019-02-15T11:18:06","slug":"piastow-37-nowych-lokali-komunalnych","status":"publish","type":"post","link":"https:\/\/fleschmazowsza.com.pl\/?p=2980","title":{"rendered":"PIAST\u00d3W. 37 nowych lokali komunalnych"},"content":{"rendered":"\n<p><strong>Zako\u0144czono prace budowlane trzech budynk\u00f3w komunalnych u zbiegu ulic \u017bbikowskiej i J. Su\u0142kowskiego. Procedura zwi\u0105zan\u0105 z uzyskaniem pozwolenia na u\u017cytkowanie nowych obiekt\u00f3w ruszy\u0142a. Na terenie inwestycji trwaj\u0105 obecnie ostatnie prace porz\u0105dkowe. Dzi\u0119ki temu dzia\u0142aniu do gminnego zasobu mieszkaniowego przyb\u0119dzie 37 nowych lokali komunalnych. Piastowsk\u0105 inwestycj\u0119 dofinansowa\u0142 Bank Gospodarstwa Krajowego. Dop\u0142ata wynosi 2 960 846,28 z\u0142.<\/strong><\/p>\n\n\n\n<p>Budowa zespo\u0142u budynk\u00f3w komunalnych w Piastowie rozpocz\u0119\u0142a si\u0119\nw marcu 2017 roku. W ramach inwestycji powsta\u0142y trzy budynki\nmieszkalne posiadaj\u0105ce po dwie kondygnacje nadziemne. Budynki\nwyposa\u017cone s\u0105 w niezb\u0119dne instalacje wewn\u0119trzne: elektryczn\u0105,\nwodno \u2013 kanalizacyjn\u0105, centralnego ogrzewania wraz z w\u0119z\u0142em\nciep\u0142a, odgromow\u0105 oraz instalacje wentylacji mechanicznej. \u0141\u0105cznie\npowsta\u0142o 37 mieszka\u0144 posiadaj\u0105cych niezale\u017cne wej\u015bcia z\nzewn\u0105trz, co daje mo\u017cliwo\u015b\u0107 zapewnienia domu dla 37potrzebuj\u0105cych\nrodzin.<\/p>\n\n\n\n<p>W budynku A i B znajduje si\u0119 odpowiednio 18 i 15 mieszka\u0144 o\npowierzchni 48 i 43 m2. Dla os\u00f3b niepe\u0142nosprawnych poruszaj\u0105cych\nsi\u0119 na w\u00f3zkach inwalidzkich przeznaczone s\u0105 dwa mieszkania na\nparterze zlokalizowane w budynku C. Mieszkania te maj\u0105 powierzchni\u0119\n58 m2, posiadaj\u0105 \u0142azienki dostosowane do potrzeb dla os\u00f3b\nniepe\u0142nosprawnych. Drzwi do mieszka\u0144 oraz do pomieszcze\u0144 maj\u0105\nszeroko\u015b\u0107, po\u0142o\u017cenia oraz kszta\u0142t dogodny do korzystania z nich\nprzez osoby niepe\u0142nosprawne.<\/p>\n\n\n\n<p>Mieszkania o powierzchni 43 i 53 m2 sk\u0142adaj\u0105 si\u0119 z przedsionka,\nkorytarza, pokoju dziennego z aneksem kuchennym, pokoju oraz\n\u0142azienki, natomiast mieszkania o powierzchni 48 i 58 m2 wyposa\u017cone\ns\u0105 dodatkowo w jeden pok\u00f3j. Mieszkania zlokalizowane na pi\u0119trze\nposiadaj\u0105 przestronne balkony. Budynki zosta\u0142y zaprojektowane i\nwybudowane w standardzie budynku wysoko energooszcz\u0119dnego czyli nie\nemituj\u0105ce gaz\u00f3w cieplarnianych do \u015brodowiska. W ramach inwestycji\nopr\u00f3cz trzech budynk\u00f3w wielorodzinnych zamontowana zosta\u0142a wiata\n\u015bmietnikowa na odpady, ogrodzony plac zabaw dla najm\u0142odszych\nprzysz\u0142ych mieszka\u0144c\u00f3w, miejsca parkingowe chodniki oraz \u0142awki do\nodpoczynku, ca\u0142o\u015b\u0107 uzupe\u0142nia ziele\u0144: drzewa i krzewy.<\/p>\n\n\n\n<p>Na pytanie, kiedy mieszka\u0144cy b\u0119d\u0105 mogli wprowadzi\u0107 si\u0119 do\nlokali, nie ma konkretnej odpowiedzi. W pierwszej kolejno\u015bci do\ntego, by m\u00f3wi\u0107 o zasiedlaniach mieszka\u0144, niezb\u0119dne jest uzyskanie\npozwolenia na u\u017cytkowanie budynk\u00f3w. Trwaj\u0105 dzia\u0142ania w tym\nzakresie. Nast\u0119pnie ruszy procedura ich zasiedlania.<\/p>\n\n\n\n<p>Ju\u017c w przysz\u0142ym roku ruszy realizacja du\u017cego projektu\ntermomodernizacji i rewitalizacji 11 wielorodzinnych miejskich\nbudynk\u00f3w mieszkalnych. Na ten cel Piast\u00f3w otrzyma ponad 6 mln z\u0142\nze \u017ar\u00f3de\u0142 zewn\u0119trznych. Ca\u0142kowit\u0105 warto\u015b\u0107 tego projektu\noszacowano na niemal 7,5 mln z\u0142. Jego realizacj\u0119 zaplanowano do\nko\u0144ca czerwca 2020 roku.<\/p>\n\n\n\n<p>Inwestycja ta w znacz\u0105cy spos\u00f3b poprawi warunki mieszkalne\nlokator\u00f3w tych budynk\u00f3w. Zakres prac remontowych i\ntermomodernizacyjnych przewidzianych w projekcie dotyczy m.in.\nfundament\u00f3w, \u015bcian zewn\u0119trznych i wewn\u0119trznych, pod\u0142\u00f3g,\nstrop\u00f3w, dach\u00f3w, stolarki drzwiowej i okiennej, instalacji\nelektrycznych, wentylacyjnych, gazowych, wodnych, centralnego\nogrzewania, wodnych i kanalizacyjnych a tak\u017ce komin\u00f3w, korytarzy,\npoddaszy oraz docieplenia budynk\u00f3w. \n<\/p>\n\n\n\n<p style=\"text-align:right\"><strong>(a)<\/strong><\/p>\n","protected":false},"excerpt":{"rendered":"<p>Zako\u0144czono prace budowlane trzech budynk\u00f3w komunalnych u zbiegu ulic \u017bbikowskiej i J. Su\u0142kowskiego. Procedura zwi\u0105zan\u0105 z uzyskaniem pozwolenia na u\u017cytkowanie nowych obiekt\u00f3w ruszy\u0142a. Na terenie inwestycji trwaj\u0105 obecnie ostatnie prace porz\u0105dkowe. Dzi\u0119ki temu dzia\u0142aniu do gminnego zasobu mieszkaniowego przyb\u0119dzie 37 nowych lokali komunalnych. Piastowsk\u0105 inwestycj\u0119 dofinansowa\u0142 Bank Gospodarstwa Krajowego. Dop\u0142ata wynosi 2 960 846,28 z\u0142. [&hellip;]<\/p>\n","protected":false},"author":2,"featured_media":2981,"comment_status":"closed","ping_status":"open","sticky":false,"template":"","format":"standard","meta":{"footnotes":""},"categories":[8,5],"tags":[],"class_list":["post-2980","post","type-post","status-publish","format-standard","has-post-thumbnail","hentry","category-roznosci","category-wiadomosci"],"_links":{"self":[{"href":"https:\/\/fleschmazowsza.com.pl\/index.php?rest_route=\/wp\/v2\/posts\/2980","targetHints":{"allow":["GET"]}}],"collection":[{"href":"https:\/\/fleschmazowsza.com.pl\/index.php?rest_route=\/wp\/v2\/posts"}],"about":[{"href":"https:\/\/fleschmazowsza.com.pl\/index.php?rest_route=\/wp\/v2\/types\/post"}],"author":[{"embeddable":true,"href":"https:\/\/fleschmazowsza.com.pl\/index.php?rest_route=\/wp\/v2\/users\/2"}],"replies":[{"embeddable":true,"href":"https:\/\/fleschmazowsza.com.pl\/index.php?rest_route=%2Fwp%2Fv2%2Fcomments&post=2980"}],"version-history":[{"count":1,"href":"https:\/\/fleschmazowsza.com.pl\/index.php?rest_route=\/wp\/v2\/posts\/2980\/revisions"}],"predecessor-version":[{"id":2982,"href":"https:\/\/fleschmazowsza.com.pl\/index.php?rest_route=\/wp\/v2\/posts\/2980\/revisions\/2982"}],"wp:featuredmedia":[{"embeddable":true,"href":"https:\/\/fleschmazowsza.com.pl\/index.php?rest_route=\/wp\/v2\/media\/2981"}],"wp:attachment":[{"href":"https:\/\/fleschmazowsza.com.pl\/index.php?rest_route=%2Fwp%2Fv2%2Fmedia&parent=2980"}],"wp:term":[{"taxonomy":"category","embeddable":true,"href":"https:\/\/fleschmazowsza.com.pl\/index.php?rest_route=%2Fwp%2Fv2%2Fcategories&post=2980"},{"taxonomy":"post_tag","embeddable":true,"href":"https:\/\/fleschmazowsza.com.pl\/index.php?rest_route=%2Fwp%2Fv2%2Ftags&post=2980"}],"curies":[{"name":"wp","href":"https:\/\/api.w.org\/{rel}","templated":true}]}}