{"id":2977,"date":"2019-02-15T12:09:10","date_gmt":"2019-02-15T11:09:10","guid":{"rendered":"http:\/\/fleschmazowsza.com.pl\/?p=2977"},"modified":"2019-02-15T12:09:13","modified_gmt":"2019-02-15T11:09:13","slug":"premiowanie-nie-dyskryminowanie","status":"publish","type":"post","link":"https:\/\/fleschmazowsza.com.pl\/?p=2977","title":{"rendered":"Premiowanie, nie dyskryminowanie"},"content":{"rendered":"\n<p><strong>Rada Miejska w Piastowie jako pierwsza w regionie postanowi\u0142a przyzna\u0107 dodatkowe punkty dla szczepionych dzieci ubiegaj\u0105cych si\u0119 o przyj\u0119cie do publicznego przedszkola. Najbli\u017csza rekrutacja ju\u017c w marcu.<\/strong><\/p>\n\n\n\n<p>Przyznanie dodatkowych 5 punkt\u00f3w w\ndrugim etapie rekrutacji b\u0119dzie si\u0119 odbywa\u0142o po potwierdzeniu\nprzez rodzic\u00f3w wykonania planu szczepie\u0144 obowi\u0105zkowych. Takie\npotwierdzenie b\u0119d\u0105 sk\u0142ada\u0107 rodzice w formie ksera odpowiedniego\nwpisu w Ksi\u0105\u017ceczce Zdrowia Dziecka.<\/p>\n\n\n\n<p>&#8211; A co w przypadku je\u015bli dzieci z\njaki\u015b powod\u00f3w np.: zdrowotnych nie wykona\u0142y tego obowi\u0105zku lub\nnie mog\u0105 by\u0107 szczepione \u2013 dopytywa\u0142a radna Bo\u017cenna Kalinowska.<\/p>\n\n\n\n<p>Burmistrz Grzegorz Szuplewski zapewni\u0142,\n\u017ce w takim przypadku, je\u015bli rodzice przedstawi\u0105 odpowiednie\ndokumenty dziecko b\u0119dzie traktowane jako w pe\u0142ni zaszczepione.<\/p>\n\n\n\n<p>Na poniedzia\u0142kowej (21 stycznia) sesji\nradni zastanawiali si\u0119 czy takie rozwi\u0105zanie ma sens i czy\nprzypadkiem nie dyskryminuje osoby niezaszczepione. Zar\u00f3wno\nburmistrz jak i przewodnicz\u0105cy rady Przemys\u0142aw Worek przekonywali,\n\u017ce w uchwale chodzi o zapewnienie bezpiecze\u0144stwa zdrowotnego w\nplac\u00f3wkach publicznych oraz o wzrost \u015bwiadomo\u015bci spo\u0142ecznej.<\/p>\n\n\n\n<p>&#8211; Pami\u0119tajmy, \u017ce w listopadzie\nmieli\u015bmy w naszym kraju kilka ognisk Odry, w tym u nas w Piastowie.\nPoniewa\u017c bardzo d\u0142ugo nie by\u0142o takiego zagro\u017cenia pojawi\u0142a si\u0119\npanika i ludzie natychmiast zacz\u0119li si\u0119 szczepi\u0107. Ale szczepienia\nmaj\u0105 sens je\u015bli nast\u0119puj\u0105 wcze\u015bniej \u2013 o\u015bwiadczy\u0142 burmistrz,\nkt\u00f3ry liczy, \u017ce mo\u017ce decyzja rady przyczyni si\u0119 do odbycia\nog\u00f3lnopolskiej dyskusji w tej sprawie.<\/p>\n\n\n\n<p>Niekt\u00f3rzy radni zwracali uwag\u0119, \u017ce\nskoro na gminie spoczywa obowi\u0105zek zapewnienia miejsc w\nprzedszkolach wszystkim zamieszkuj\u0105cym na jej terenie trzylatkom to\ncel edukacyjny, wp\u0142yw na zmian\u0119 postaw rodzic\u00f3w nie zostanie\nosi\u0105gni\u0119ty.<\/p>\n\n\n\n<p>&#8211; Te dzieci i tak zostan\u0105 przyj\u0119te,\njak nie do tego przedszkola to do innego \u2013 argumentowa\u0142 radny\nJaros\u0142aw Kurdziel.<\/p>\n\n\n\n<p>Przewodnicz\u0105cy rady zwr\u00f3ci\u0142 uwag\u0119,\n\u017ce w dobie globalizacji i powszechnej migracji takie obostrzenia\nmog\u0105 wp\u0142yn\u0105\u0107 na zmian\u0119 decyzji rodzic\u00f3w. Szczeg\u00f3lnie je\u015bli\nzamiast do najbli\u017cszej plac\u00f3wki b\u0119d\u0105 musieli wozi\u0107 dzieci dalej.<\/p>\n\n\n\n<p>Wiceprzewodnicz\u0105ca Rady \u2013 Agata\nKorczak, z zawodu lekarz stwierdzi\u0142a, \u017ce \u201emedycyna to post\u0119p, to\ncoraz wi\u0119ksze osi\u0105gni\u0119cia, a najwi\u0119ksze z nich to w\u0142a\u015bnie\nszczepionki, kt\u00f3re wzmacniaj\u0105 nasz\u0105 naturaln\u0105 odporno\u015b\u0107\u201d.<\/p>\n\n\n\n<p>&#8211; Staro\u017cytna zasada m\u00f3wi, \u017ce ka\u017cdy\nlek jest trucizn\u0105, a ka\u017cda trucizna mo\u017ce by\u0107 lekiem. Dzia\u0142ania\nuboczne mog\u0105 mie\u0107 wszystkie medykamenty i powinni\u015bmy by\u0107 na to\nprzygotowani \u2013 podkre\u015bli\u0142a radna Korczak.<\/p>\n\n\n\n<p>Ostatecznie przewa\u017cy\u0142 pogl\u0105d, \u017ce\ntrzeba chroni\u0107 dzieci przed skutkami nieszczepienia. Szczeg\u00f3lnie\ndotyczy to dzieci niepe\u0142nosprawnych o obni\u017conej odporno\u015bci ze\nwzgl\u0119du na to, \u017ce nie mog\u0105 by\u0107 szczepione. W trakcie g\u0142osowania\nza dodatkowymi punktami za szczepienie dzieci w procesie rekrutacji\nby\u0142o 13 radnych a wstrzyma\u0142o si\u0119 4. Zmiany wchodz\u0105 w \u017cycie z\ndniem podj\u0119cia co oznacza, \u017ce ju\u017c podczas najbli\u017cszej rekrutacji\ndo piastowskich przedszkoli b\u0119dzie obowi\u0105zywa\u0107 zapis o dodatkowych\n5 pkt za komplet szczepie\u0144.<\/p>\n\n\n\n<p>Ostateczny g\u0142os w tej sprawie nale\u017cy\njednak do Wojewody Mazowieckiego, kt\u00f3ry sprawuje prawny nadz\u00f3r nad\nuchwa\u0142ami rad gmin. Dotychczasowa praktyka wskazuje, \u017ce inni\nwojewodowie uchylali podobne zapisy uznaj\u0105c, \u017ce naruszaj\u0105 przepisy\nustaw o systemie o\u015bwiaty i o opiece nad dzie\u0107mi w wieku do lat\ntrzech. Tak by\u0142o np.: w Cz\u0119stochowie. Jak b\u0119dzie z uchwa\u0142\u0105 z\nPiastowa dowiemy si\u0119 wkr\u00f3tce.<\/p>\n\n\n\n<p style=\"text-align:right\"><strong>(mg)<\/strong><\/p>\n","protected":false},"excerpt":{"rendered":"<p>Rada Miejska w Piastowie jako pierwsza w regionie postanowi\u0142a przyzna\u0107 dodatkowe punkty dla szczepionych dzieci ubiegaj\u0105cych si\u0119 o przyj\u0119cie do publicznego przedszkola. Najbli\u017csza rekrutacja ju\u017c w marcu. Przyznanie dodatkowych 5 punkt\u00f3w w drugim etapie rekrutacji b\u0119dzie si\u0119 odbywa\u0142o po potwierdzeniu przez rodzic\u00f3w wykonania planu szczepie\u0144 obowi\u0105zkowych. Takie potwierdzenie b\u0119d\u0105 sk\u0142ada\u0107 rodzice w formie ksera odpowiedniego [&hellip;]<\/p>\n","protected":false},"author":2,"featured_media":2978,"comment_status":"closed","ping_status":"open","sticky":false,"template":"","format":"standard","meta":{"footnotes":""},"categories":[9,5],"tags":[],"class_list":["post-2977","post","type-post","status-publish","format-standard","has-post-thumbnail","hentry","category-edukacja","category-wiadomosci"],"_links":{"self":[{"href":"https:\/\/fleschmazowsza.com.pl\/index.php?rest_route=\/wp\/v2\/posts\/2977","targetHints":{"allow":["GET"]}}],"collection":[{"href":"https:\/\/fleschmazowsza.com.pl\/index.php?rest_route=\/wp\/v2\/posts"}],"about":[{"href":"https:\/\/fleschmazowsza.com.pl\/index.php?rest_route=\/wp\/v2\/types\/post"}],"author":[{"embeddable":true,"href":"https:\/\/fleschmazowsza.com.pl\/index.php?rest_route=\/wp\/v2\/users\/2"}],"replies":[{"embeddable":true,"href":"https:\/\/fleschmazowsza.com.pl\/index.php?rest_route=%2Fwp%2Fv2%2Fcomments&post=2977"}],"version-history":[{"count":1,"href":"https:\/\/fleschmazowsza.com.pl\/index.php?rest_route=\/wp\/v2\/posts\/2977\/revisions"}],"predecessor-version":[{"id":2979,"href":"https:\/\/fleschmazowsza.com.pl\/index.php?rest_route=\/wp\/v2\/posts\/2977\/revisions\/2979"}],"wp:featuredmedia":[{"embeddable":true,"href":"https:\/\/fleschmazowsza.com.pl\/index.php?rest_route=\/wp\/v2\/media\/2978"}],"wp:attachment":[{"href":"https:\/\/fleschmazowsza.com.pl\/index.php?rest_route=%2Fwp%2Fv2%2Fmedia&parent=2977"}],"wp:term":[{"taxonomy":"category","embeddable":true,"href":"https:\/\/fleschmazowsza.com.pl\/index.php?rest_route=%2Fwp%2Fv2%2Fcategories&post=2977"},{"taxonomy":"post_tag","embeddable":true,"href":"https:\/\/fleschmazowsza.com.pl\/index.php?rest_route=%2Fwp%2Fv2%2Ftags&post=2977"}],"curies":[{"name":"wp","href":"https:\/\/api.w.org\/{rel}","templated":true}]}}