{"id":2971,"date":"2019-02-15T11:58:13","date_gmt":"2019-02-15T10:58:13","guid":{"rendered":"http:\/\/fleschmazowsza.com.pl\/?p=2971"},"modified":"2019-02-15T11:58:15","modified_gmt":"2019-02-15T10:58:15","slug":"ciekawi-ludzie-ciekawe-sprawy","status":"publish","type":"post","link":"https:\/\/fleschmazowsza.com.pl\/?p=2971","title":{"rendered":"Ciekawi ludzie \u2013 ciekawe sprawy"},"content":{"rendered":"\n<p><strong>Tegoroczny spotka\u0144 literackich w Czytelni nr XIX Biblioteki Publicznej w Dzielnicy Ursus jest bardzo bogaty. Do dzia\u0142aj\u0105cego od czterech lat Dyskusyjnego Klubu Ksi\u0105\u017cki, w ramach, kt\u00f3rego \u015brednio co dwa miesi\u0105ce odbywaj\u0105 si\u0119 spotkania z wybitnym autorami, do\u0142\u0105czy\u0142 cykl spotka\u0144 poetyckich: \u201eWykaz s\u0142\u00f3w wymy\u015blonych\u201d. Bardzo ciekawie i r\u00f3\u017cnorodnie wygl\u0105da tak\u017ce propozycja spotka\u0144 autorskich dla dzieci. Czytelnicy w ka\u017cdym wieku znajd\u0105 tu co\u015b dla siebie, w dodatku ca\u0142kowicie bezp\u0142atnie.<\/strong><\/p>\n\n\n\n<p>Spotkanie z Aglaj\u0105 Janczak, poetk\u0105\nzaproszon\u0105 w ramach cyklu \u201eWykaz s\u0142\u00f3w wymy\u015blonych\u201d ju\u017c za\nnami. Dyskusj\u0119 z zaproszonym go\u015bciem poprowadzi\u0142 bibliotekarz,\npoeta, Kamil D\u0105browski wraz z Janin\u0105 Wielogursk\u0105, prezes\nStowarzyszenia Autor\u00f3w Polskich Oddzia\u0142u w \u017byrardowie. Wydarzenie\ncieszy\u0142o si\u0119 ogromnym zainteresowaniem, niebywa\u0142ym wr\u0119cz jak na\nspotkania z poezj\u0105, po kt\u00f3r\u0105 czytelnicy si\u0119gaj\u0105 zdecydowanie\nrzadziej ni\u017c po proz\u0119.<\/p>\n\n\n\n<p>Dyskusyjny Klub Ksi\u0105\u017cki Oddzia\u0142u\n\u201eCzechowice\u201d w tym p\u00f3\u0142roczu b\u0119dzie nastawiony na reporta\u017c ze\nwzgl\u0119du na niezwykle du\u017cy rozkwit tego gatunku na rynku wydawniczym\ni niesamowity wr\u0119cz wachlarz r\u00f3\u017cnorodno\u015bci tematycznej.<\/p>\n\n\n\n<p>R\u00f3wnie\u017c w \u015brod\u0119, 30 stycznia, w\nramach cyklu DKK, odb\u0119dzie si\u0119 d\u0142ugo wyczekiwane spotkanie z\nMarkiem Szymaniakiem autorem ksi\u0105\u017cki \u201eUrobieni. Reporta\u017ce o\npracy\u201d. Dwukrotny finalista Nagrody Newsweeka im. Teresy Tora\u0144skiej\njest dziennikarzem i reporta\u017cyst\u0105. Jego debiutancka ksi\u0105\u017cka\nzosta\u0142a wydana nak\u0142adem Wydawnictwa Czarne i opowiada o sytuacji na\nrynku pracy w Polsce z perspektywy os\u00f3b wykluczonych ekonomicznie.\nTo niezwykle wa\u017cny temat, szczeg\u00f3lnie dla Ursusa, dzielnicy, w\nkt\u00f3rej znajduje si\u0119 siedziba Kamilia\u0144skiej Misji Pomocy Spo\u0142ecznej\ni prowadzony przez ni\u0105 Pensjonat Socjalny \u201e\u015aw. \u0141azarz\u201d.<\/p>\n\n\n\n<p>W lutym, w pierwsz\u0105 \u015brod\u0119 miesi\u0105ca,\nw ramach \u201eWykazu s\u0142\u00f3w wymy\u015blonych\u201d sympatycy poezji b\u0119d\u0105\nmieli okazj\u0119 spotka\u0107 si\u0119 z autork\u0105 opowiada\u0144 i wierszy, Ew\u0105\nDudziec. Autorka wyda\u0142a r\u00f3wnie\u017c powie\u015b\u0107 kryminaln\u0105 \u201eWiza\u017c\n\u015bmierci\u201d. Nast\u0119pne spotkanie z tego cyklu, z Agnieszk\u0105\nZajdowicz, odb\u0119dzie si\u0119 6 marca. Wiersze poetki mo\u017cna przeczyta\u0107\nm. in. na stronie <a href=\"http:\/\/www.szuflada.net\/\">www.szuflada.net<\/a><\/p>\n\n\n\n<p>Na kolejne spotkanie z reporta\u017cem\nBiblioteka zaprasza 20 marca. Go\u015bciem Dyskusyjnego Klubu Ksi\u0105\u017cki\nb\u0119dzie w\u00f3wczas Agata Maksimowska, autorka ksi\u0105\u017cki \u201eBirobid\u017ca\u0144.\nZiemia, na kt\u00f3rej mieli\u015bmy by\u0107 szcz\u0119\u015bliwi\u201d. D\u0142ugo wyczekiwany\nreporta\u017c uka\u017ce si\u0119 w serii wydawniczej \u201eSulina\u201d Wydawnictwa\nCzarne. Autorka licznych artyku\u0142\u00f3w naukowych, po\u015bwi\u0119conych\nto\u017csamo\u015bci i dziedzictwu kulturowemu, prowadzi badania\netnograficzne w krajach by\u0142ego ZSRR od 2001 roku.<\/p>\n\n\n\n<p>Biblioteka serdecznie zaprasza tak\u017ce\nna spotkania z autorami literatury dzieci\u0119cej i m\u0142odzie\u017cowej.\nSzczeg\u00f3\u0142owy program wydarze\u0144 znajduje si\u0119 na stronie\n<a href=\"http:\/\/www.portal.bpursus.waw.pl\/\">www.portal.bpursus.waw.pl<\/a>\n<\/p>\n\n\n\n<p style=\"text-align:right\"><strong>L. D<\/strong><\/p>\n","protected":false},"excerpt":{"rendered":"<p>Tegoroczny spotka\u0144 literackich w Czytelni nr XIX Biblioteki Publicznej w Dzielnicy Ursus jest bardzo bogaty. Do dzia\u0142aj\u0105cego od czterech lat Dyskusyjnego Klubu Ksi\u0105\u017cki, w ramach, kt\u00f3rego \u015brednio co dwa miesi\u0105ce odbywaj\u0105 si\u0119 spotkania z wybitnym autorami, do\u0142\u0105czy\u0142 cykl spotka\u0144 poetyckich: \u201eWykaz s\u0142\u00f3w wymy\u015blonych\u201d. Bardzo ciekawie i r\u00f3\u017cnorodnie wygl\u0105da tak\u017ce propozycja spotka\u0144 autorskich dla dzieci. Czytelnicy [&hellip;]<\/p>\n","protected":false},"author":2,"featured_media":2972,"comment_status":"closed","ping_status":"open","sticky":false,"template":"","format":"standard","meta":{"footnotes":""},"categories":[6,8],"tags":[],"class_list":["post-2971","post","type-post","status-publish","format-standard","has-post-thumbnail","hentry","category-kultura","category-roznosci"],"_links":{"self":[{"href":"https:\/\/fleschmazowsza.com.pl\/index.php?rest_route=\/wp\/v2\/posts\/2971","targetHints":{"allow":["GET"]}}],"collection":[{"href":"https:\/\/fleschmazowsza.com.pl\/index.php?rest_route=\/wp\/v2\/posts"}],"about":[{"href":"https:\/\/fleschmazowsza.com.pl\/index.php?rest_route=\/wp\/v2\/types\/post"}],"author":[{"embeddable":true,"href":"https:\/\/fleschmazowsza.com.pl\/index.php?rest_route=\/wp\/v2\/users\/2"}],"replies":[{"embeddable":true,"href":"https:\/\/fleschmazowsza.com.pl\/index.php?rest_route=%2Fwp%2Fv2%2Fcomments&post=2971"}],"version-history":[{"count":1,"href":"https:\/\/fleschmazowsza.com.pl\/index.php?rest_route=\/wp\/v2\/posts\/2971\/revisions"}],"predecessor-version":[{"id":2973,"href":"https:\/\/fleschmazowsza.com.pl\/index.php?rest_route=\/wp\/v2\/posts\/2971\/revisions\/2973"}],"wp:featuredmedia":[{"embeddable":true,"href":"https:\/\/fleschmazowsza.com.pl\/index.php?rest_route=\/wp\/v2\/media\/2972"}],"wp:attachment":[{"href":"https:\/\/fleschmazowsza.com.pl\/index.php?rest_route=%2Fwp%2Fv2%2Fmedia&parent=2971"}],"wp:term":[{"taxonomy":"category","embeddable":true,"href":"https:\/\/fleschmazowsza.com.pl\/index.php?rest_route=%2Fwp%2Fv2%2Fcategories&post=2971"},{"taxonomy":"post_tag","embeddable":true,"href":"https:\/\/fleschmazowsza.com.pl\/index.php?rest_route=%2Fwp%2Fv2%2Ftags&post=2971"}],"curies":[{"name":"wp","href":"https:\/\/api.w.org\/{rel}","templated":true}]}}