{"id":2955,"date":"2019-01-21T13:26:11","date_gmt":"2019-01-21T12:26:11","guid":{"rendered":"http:\/\/fleschmazowsza.com.pl\/?p=2955"},"modified":"2019-01-21T13:26:13","modified_gmt":"2019-01-21T12:26:13","slug":"bezplatna-pomoc-prawna-i-obywatelska","status":"publish","type":"post","link":"https:\/\/fleschmazowsza.com.pl\/?p=2955","title":{"rendered":"Bezp\u0142atna pomoc prawna i obywatelska"},"content":{"rendered":"\n<p><strong>Od 1 stycznia 2019 r. wesz\u0142y w \u017cycie przepisy rozszerzaj\u0105ce mo\u017cliwo\u015b\u0107 skorzystania z bezp\u0142atnej pomocy prawnej. Z takiej pomocy b\u0119dzie m\u00f3g\u0142 skorzysta\u0107 ka\u017cdy, kto z\u0142o\u017cy o\u015bwiadczenie, \u017ce nie jest w stanie ponie\u015b\u0107 koszt\u00f3w pomocy odp\u0142atnej. Do o\u015bwiadczenia nie trzeba do\u0142\u0105cza\u0107 \u017cadnych za\u015bwiadcze\u0144 urz\u0119dowych ani innych dokument\u00f3w.<\/strong><\/p>\n\n\n\n<p>Us\u0142ugi te s\u0105 \u015bwiadczone ka\u017cdej\nosobie, kt\u00f3ra z\u0142o\u017cy o\u015bwiadczenie, \u017ce nie jest w stanie ponie\u015b\u0107\nkoszt\u00f3w odp\u0142atnej pomocy prawnej.<\/p>\n\n\n\n<p style=\"text-align:center\"><strong>Zakres pomocy<\/strong><\/p>\n\n\n\n<p>Nieodp\u0142atna pomoc prawna obejmuje:<br>&#8211; poinformowanie osoby fizycznej o obowi\u0105zuj\u0105cym stanie prawnym oraz przys\u0142uguj\u0105cych jej uprawnieniach lub spoczywaj\u0105cych na niej obowi\u0105zkach, w tym w zwi\u0105zku z tocz\u0105cym si\u0119 post\u0119powaniem przygotowawczym, administracyjnym, s\u0105dowym lub s\u0105dowoadministracyjnym;<br>&#8211; wskazanie osobie uprawnionej sposobu rozwi\u0105zania jej problemu prawnego;<br>&#8211; sporz\u0105dzenie projektu pisma w zakresie niezb\u0119dnym do udzielenia pomocy, z wy\u0142\u0105czeniem pism procesowych w tocz\u0105cym si\u0119 post\u0119powaniu przygotowawczym lub s\u0105dowym i pism w tocz\u0105cym si\u0119 post\u0119powaniu s\u0105dowoadministracyjnym;<br>-sporz\u0105dzenie projektu pisma o zwolnienie od koszt\u00f3w s\u0105dowych lub o ustanowienie pe\u0142nomocnika z urz\u0119du w post\u0119powaniu s\u0105dowym lub ustanowienie adwokata, radcy prawnego, doradcy podatkowego lub rzecznika patentowego w post\u0119powaniu s\u0105dowoadministracyjnym oraz poinformowaniu o kosztach post\u0119powania i ryzyku finansowym zwi\u0105zanym ze skierowaniem sprawy na drog\u0119 s\u0105dow\u0105.<br>Nieodp\u0142atna pomoc prawna nie obejmuje spraw zwi\u0105zanych z prowadzeniem dzia\u0142alno\u015bci gospodarczej, z wyj\u0105tkiem przygotowania do rozpocz\u0119cia tej dzia\u0142alno\u015bci.<\/p>\n\n\n\n<p style=\"text-align:center\"><strong>Darmowe poradnictwo obywatelskie<\/strong><\/p>\n\n\n\n<p>Nieodp\u0142atne poradnictwo\nobywatelskie obejmuje dzia\u0142ania dostosowane do indywidualnej\nsytuacji osoby uprawnionej, zmierzaj\u0105ce do podniesienia \u015bwiadomo\u015bci\ntej osoby o przys\u0142uguj\u0105cych jej uprawnieniach lub spoczywaj\u0105cych\nna niej obowi\u0105zkach. Polega tak\u017ce na wsparciu w samodzielnym\nrozwi\u0105zywaniu problemu. W razie potrzeby mo\u017cliwe jest sporz\u0105dzenie\nwsp\u00f3lnie z osob\u0105 uprawnion\u0105 planu dzia\u0142ania i pomoc w jego\nrealizacji.<\/p>\n\n\n\n<p>Nieodp\u0142atne poradnictwo\nobywatelskie obejmuje w szczeg\u00f3lno\u015bci porady dla os\u00f3b zad\u0142u\u017conych\ni porady z zakresu spraw mieszkaniowych oraz zabezpieczenia\nspo\u0142ecznego.<br>Gdzie w powiecie grodziskim?<\/p>\n\n\n\n<p>Udzielanie nieodp\u0142atnej pomocy\nprawnej lub \u015bwiadczenie nieodp\u0142atnego poradnictwa obywatelskiego na\nterenie powiatu grodziskiego odbywa si\u0119 wed\u0142ug kolejno\u015bci\nzg\u0142osze\u0144, po um\u00f3wieniu terminu wizyty telefonicznie pod numerem\n(22) 723 01 68. <br>Kobietom w ci\u0105\u017cy udzielanie nieodp\u0142atnej\npomocy prawnej lub \u015bwiadczenie nieodp\u0142atnego poradnictwa\nobywatelskiego odbywa si\u0119 poza kolejno\u015bci\u0105. \n<\/p>\n\n\n\n<p>Punkty Nieodp\u0142atnej Pomocy\nPrawnej na terenie powiatu grodziskiego:<\/p>\n\n\n\n<p>1) \u017babia Wola, ul. Wiejska 2f (od\nponiedzia\u0142ku do pi\u0105tku w godz. 9\u201313);<\/p>\n\n\n\n<p>2) Milan\u00f3wek, ul. Piasta 30 (od\nponiedzia\u0142ku do pi\u0105tku w godz. 12\u201316);<\/p>\n\n\n\n<p>3) Grodzisk Mazowiecki, ul. 3 Maja 57\n(od poniedzia\u0142ku do pi\u0105tku w godz. 8\u201312);<\/p>\n\n\n\n<p style=\"text-align:center\"><strong>W Punkcie Nieodp\u0142atnego Poradnictwa Obywatelskiego:<\/strong><\/p>\n\n\n\n<p>4) Grodzisk Mazowiecki, ul. 3 Maja 57\n(od poniedzia\u0142ku do pi\u0105tku w godz. 12\u201316).<\/p>\n\n\n\n<p>Szczeg\u00f3\u0142owe\ninformacje nt. nieodp\u0142atnego poradnictwa prawnego i obywatelskiego\nznajduj\u0105 si\u0119 na stronach internetowych miast, gmin i powiat\u00f3w\nnaszego regionu.<\/p>\n\n\n\n<p style=\"text-align:right\">Oprac.<strong> (mg)<\/strong><\/p>\n","protected":false},"excerpt":{"rendered":"<p>Od 1 stycznia 2019 r. wesz\u0142y w \u017cycie przepisy rozszerzaj\u0105ce mo\u017cliwo\u015b\u0107 skorzystania z bezp\u0142atnej pomocy prawnej. Z takiej pomocy b\u0119dzie m\u00f3g\u0142 skorzysta\u0107 ka\u017cdy, kto z\u0142o\u017cy o\u015bwiadczenie, \u017ce nie jest w stanie ponie\u015b\u0107 koszt\u00f3w pomocy odp\u0142atnej. Do o\u015bwiadczenia nie trzeba do\u0142\u0105cza\u0107 \u017cadnych za\u015bwiadcze\u0144 urz\u0119dowych ani innych dokument\u00f3w. Us\u0142ugi te s\u0105 \u015bwiadczone ka\u017cdej osobie, kt\u00f3ra z\u0142o\u017cy o\u015bwiadczenie, [&hellip;]<\/p>\n","protected":false},"author":2,"featured_media":2956,"comment_status":"closed","ping_status":"open","sticky":false,"template":"","format":"standard","meta":{"footnotes":""},"categories":[9,5],"tags":[],"class_list":["post-2955","post","type-post","status-publish","format-standard","has-post-thumbnail","hentry","category-edukacja","category-wiadomosci"],"_links":{"self":[{"href":"https:\/\/fleschmazowsza.com.pl\/index.php?rest_route=\/wp\/v2\/posts\/2955","targetHints":{"allow":["GET"]}}],"collection":[{"href":"https:\/\/fleschmazowsza.com.pl\/index.php?rest_route=\/wp\/v2\/posts"}],"about":[{"href":"https:\/\/fleschmazowsza.com.pl\/index.php?rest_route=\/wp\/v2\/types\/post"}],"author":[{"embeddable":true,"href":"https:\/\/fleschmazowsza.com.pl\/index.php?rest_route=\/wp\/v2\/users\/2"}],"replies":[{"embeddable":true,"href":"https:\/\/fleschmazowsza.com.pl\/index.php?rest_route=%2Fwp%2Fv2%2Fcomments&post=2955"}],"version-history":[{"count":1,"href":"https:\/\/fleschmazowsza.com.pl\/index.php?rest_route=\/wp\/v2\/posts\/2955\/revisions"}],"predecessor-version":[{"id":2957,"href":"https:\/\/fleschmazowsza.com.pl\/index.php?rest_route=\/wp\/v2\/posts\/2955\/revisions\/2957"}],"wp:featuredmedia":[{"embeddable":true,"href":"https:\/\/fleschmazowsza.com.pl\/index.php?rest_route=\/wp\/v2\/media\/2956"}],"wp:attachment":[{"href":"https:\/\/fleschmazowsza.com.pl\/index.php?rest_route=%2Fwp%2Fv2%2Fmedia&parent=2955"}],"wp:term":[{"taxonomy":"category","embeddable":true,"href":"https:\/\/fleschmazowsza.com.pl\/index.php?rest_route=%2Fwp%2Fv2%2Fcategories&post=2955"},{"taxonomy":"post_tag","embeddable":true,"href":"https:\/\/fleschmazowsza.com.pl\/index.php?rest_route=%2Fwp%2Fv2%2Ftags&post=2955"}],"curies":[{"name":"wp","href":"https:\/\/api.w.org\/{rel}","templated":true}]}}