{"id":2947,"date":"2019-01-21T13:10:17","date_gmt":"2019-01-21T12:10:17","guid":{"rendered":"http:\/\/fleschmazowsza.com.pl\/?p=2947"},"modified":"2019-01-21T13:10:20","modified_gmt":"2019-01-21T12:10:20","slug":"codzienne-przezywanie-swiata","status":"publish","type":"post","link":"https:\/\/fleschmazowsza.com.pl\/?p=2947","title":{"rendered":"Codzienne prze\u017cywanie \u015bwiata"},"content":{"rendered":"\n<p><strong>W niedziel\u0119 13 stycznia w nowocze\u015bnie zaaran\u017cowanej Przestrzeni Kulturze Przyjaznej zago\u015bci\u0142y tradycyjne ludowe klimaty. Zesp\u00f3\u0142 \u201eStara \u015apiewka\u201d, czyli dziesi\u0119\u0107 wykonawczy\u0144 z trzech pokole\u0144, zaprezentowa\u0142 kol\u0119dy i pastora\u0142ki w trzech j\u0119zykach: polskim, bia\u0142oruskim i ukrai\u0144skim.<\/strong><\/p>\n\n\n\n<p>\u201eStara \u015apiewka\u201d, kt\u00f3ra ju\u017c po\nraz trzeci wyst\u0105pi\u0142a w Poczekalni PKP, okre\u015bla si\u0119 jako grupa\nmi\u0142o\u015bniczek ludowych pie\u015bni polifonicznych czyli wielog\u0142osowych.\nPie\u015bni te \u015bpiewane s\u0105 bia\u0142ymi g\u0142osami g\u0142\u00f3wnie a capella, a w\nswoich motywach si\u0119gaj\u0105 zar\u00f3wno do tradycji chrze\u015bcija\u0144skich,\njak i s\u0142owia\u0144skich, kt\u00f3re przenikaj\u0105 si\u0119 wzajemnie.<\/p>\n\n\n\n<p>Uroczysty czas kol\u0119dowy zwi\u0105zany z\nBo\u017cym Narodzeniem nak\u0142ada si\u0119 na czas hucznych obchod\u00f3w zimowego\nprzesilenia w tradycji s\u0142owia\u0144skiej, a Gwiazda Betlejemska zajmuje\nmiejsce poga\u0144skiego symbolu odrodzonego S\u0142o\u0144ca, zwyci\u0119stwa\n\u015bwiat\u0142o\u015bci nad ciemno\u015bci\u0105.<\/p>\n\n\n\n<p>Podczas koncertu us\u0142yszeli\u015bmy nie\ntylko kol\u0119dy i ich bardziej \u201efrywoln\u0105\u201d wersj\u0119, czyli\npastora\u0142ki, ale r\u00f3wnie\u017c \u201eszczedriwki\u201d &#8211; ludowe ukrai\u0144skie\npie\u015bni \u017cycz\u0105ce. Zawieraj\u0105 one w tre\u015bci \u017cyczenia: dobrego\nzdrowia, obfitych plon\u00f3w i wszelkich pomy\u015blno\u015bci i stanowi\u0105\nrodzaj dobrego zakl\u0119cia. Szczedriwki maj\u0105 wzgl\u0119dnie niereligijny\ncharakter, zachowuj\u0105 motywy jeszcze przedchrze\u015bcija\u0144skie i\ntradycyjnie \u015bpiewano je podczas \u015bwi\u0119towania Nowego Roku, ale tak\u017ce\nChrztu Pa\u0144skiego, kt\u00f3re to \u015bwi\u0119to liturgicznie zamyka okres\nBo\u017cego Narodzenia.<\/p>\n\n\n\n<p>Koncert \u201eStarej \u015apiewki\u201d to nie\ntylko wspania\u0142e doznania muzyczne, ale i wizualne, wykonawczynie\nwyst\u0105pi\u0142y w kolorowych, kwiecistych chustach, od kt\u00f3rych trudno\nby\u0142o oderwa\u0107 wzrok. To r\u00f3wnie\u017c inspiruj\u0105ca porcja wiedzy o\ntradycyjnej muzyce ludowej, kt\u00f3ra okazuje si\u0119 ca\u0142y czas \u017cywa  i\nma moc oddzia\u0142ywania na s\u0142uchaczy.<\/p>\n\n\n\n<p>Mo\u017cna r\u00f3wnie\u017c pokusi\u0107 si\u0119 o\nrefleksj\u0119, \u017ce w tekstach dawnych pie\u015bni ludowych wyj\u0105tkowo\nwyra\u017anie wida\u0107 splecenie si\u0119 motyw\u00f3w religijnych z realiami\nzwyk\u0142ego \u017cycia, czuje si\u0119 wr\u0119cz, \u017ce niegdysiejsza religijno\u015b\u0107\nby\u0142a nieod\u0142\u0105cznym sk\u0142adnikiem codziennego prze\u017cywania \u015bwiata.<\/p>\n\n\n\n<p style=\"text-align:right\">Tekst i foto: <strong>(PS)<\/strong><\/p>\n","protected":false},"excerpt":{"rendered":"<p>W niedziel\u0119 13 stycznia w nowocze\u015bnie zaaran\u017cowanej Przestrzeni Kulturze Przyjaznej zago\u015bci\u0142y tradycyjne ludowe klimaty. Zesp\u00f3\u0142 \u201eStara \u015apiewka\u201d, czyli dziesi\u0119\u0107 wykonawczy\u0144 z trzech pokole\u0144, zaprezentowa\u0142 kol\u0119dy i pastora\u0142ki w trzech j\u0119zykach: polskim, bia\u0142oruskim i ukrai\u0144skim. \u201eStara \u015apiewka\u201d, kt\u00f3ra ju\u017c po raz trzeci wyst\u0105pi\u0142a w Poczekalni PKP, okre\u015bla si\u0119 jako grupa mi\u0142o\u015bniczek ludowych pie\u015bni polifonicznych czyli wielog\u0142osowych. [&hellip;]<\/p>\n","protected":false},"author":2,"featured_media":2949,"comment_status":"closed","ping_status":"open","sticky":false,"template":"","format":"standard","meta":{"footnotes":""},"categories":[6,5],"tags":[],"class_list":["post-2947","post","type-post","status-publish","format-standard","has-post-thumbnail","hentry","category-kultura","category-wiadomosci"],"_links":{"self":[{"href":"https:\/\/fleschmazowsza.com.pl\/index.php?rest_route=\/wp\/v2\/posts\/2947","targetHints":{"allow":["GET"]}}],"collection":[{"href":"https:\/\/fleschmazowsza.com.pl\/index.php?rest_route=\/wp\/v2\/posts"}],"about":[{"href":"https:\/\/fleschmazowsza.com.pl\/index.php?rest_route=\/wp\/v2\/types\/post"}],"author":[{"embeddable":true,"href":"https:\/\/fleschmazowsza.com.pl\/index.php?rest_route=\/wp\/v2\/users\/2"}],"replies":[{"embeddable":true,"href":"https:\/\/fleschmazowsza.com.pl\/index.php?rest_route=%2Fwp%2Fv2%2Fcomments&post=2947"}],"version-history":[{"count":1,"href":"https:\/\/fleschmazowsza.com.pl\/index.php?rest_route=\/wp\/v2\/posts\/2947\/revisions"}],"predecessor-version":[{"id":2950,"href":"https:\/\/fleschmazowsza.com.pl\/index.php?rest_route=\/wp\/v2\/posts\/2947\/revisions\/2950"}],"wp:featuredmedia":[{"embeddable":true,"href":"https:\/\/fleschmazowsza.com.pl\/index.php?rest_route=\/wp\/v2\/media\/2949"}],"wp:attachment":[{"href":"https:\/\/fleschmazowsza.com.pl\/index.php?rest_route=%2Fwp%2Fv2%2Fmedia&parent=2947"}],"wp:term":[{"taxonomy":"category","embeddable":true,"href":"https:\/\/fleschmazowsza.com.pl\/index.php?rest_route=%2Fwp%2Fv2%2Fcategories&post=2947"},{"taxonomy":"post_tag","embeddable":true,"href":"https:\/\/fleschmazowsza.com.pl\/index.php?rest_route=%2Fwp%2Fv2%2Ftags&post=2947"}],"curies":[{"name":"wp","href":"https:\/\/api.w.org\/{rel}","templated":true}]}}