{"id":2944,"date":"2019-01-21T13:04:10","date_gmt":"2019-01-21T12:04:10","guid":{"rendered":"http:\/\/fleschmazowsza.com.pl\/?p=2944"},"modified":"2019-01-21T13:04:15","modified_gmt":"2019-01-21T12:04:15","slug":"zielona-energia-ze-swiatecznych-drzewek","status":"publish","type":"post","link":"https:\/\/fleschmazowsza.com.pl\/?p=2944","title":{"rendered":"Zielona energia ze \u015bwi\u0105tecznych drzewek"},"content":{"rendered":"\n<p><strong>W Ursusie i w ca\u0142ej Warszawie 7 stycznia ruszy\u0142a doroczna, po\u015bwi\u0105teczna zbi\u00f3rka choinek, w ramach projektu \u201eCiep\u0142o z natury\u201d. Wszystkie choinki \u2013 naturalne drzewka, kt\u00f3re podczas \u015bwi\u0105t go\u015bci\u0142y w naszych domach \u2013 zostan\u0105 przemienione w ekologiczne paliwo.<\/strong><\/p>\n\n\n\n<p>W jaki spos\u00f3b przekaza\u0107 choink\u0119?<\/p>\n\n\n\n<p>1. Zdejmij dekoracje,\nstojak\/doniczk\u0119.<br>2. Umie\u015b\u0107 choink\u0119 w altanie \u015bmietnikowej w\nodpowiednim pojemniku na odpady wielkogabarytowe, lub w wyznaczonym\nmiejscu gromadzenia odpad\u00f3w wielkogabarytowych przy altanie\n\u015bmietnikowej.<br>Operatorzy b\u0119d\u0105 sukcesywnie odbiera\u0107 drzewka.\nZbi\u00f3rka potrwa do 29 marca. Przekazane choinki stan\u0105 si\u0119\nwysokoenergetyczn\u0105 zielon\u0105 energi\u0105, wykorzystywan\u0105 do ogrzewania\ndom\u00f3w b\u0105d\u017a produkcji pr\u0105du. Zielona energia powstaje z biomasy \u2013\nspalana w specjalnych kot\u0142ach, przy wysokiej temperaturze, emituje\nmniej gaz\u00f3w cieplarnianych ni\u017c w\u0119giel. Pod wzgl\u0119dem energetycznym\ndwie tony biomasy r\u00f3wnowa\u017cne s\u0105 tonie w\u0119gla kamiennego. Podczas\ndotychczasowych siedmiu edycji projektu \u201eCiep\u0142o z natury\u201d\nmieszka\u0144cy przekazali 3418 ton ekologicznego paliwa. Organizatorami\n\u00f3smej ods\u0142ony akcji jest Miasto Sto\u0142eczne Warszawa oraz Segromet\nSp. z o.o.<\/p>\n\n\n\n<p>Wydzia\u0142 Ochrony \u015arodowiska Urz\u0119du Miasta Pruszk\u00f3w przypomina o mo\u017cliwo\u015bci odbioru choinek. Z dom\u00f3w jednorodzinnych choinki odbierane s\u0105 w ka\u017cd\u0105 \u015brod\u0119. Zapotrzebowanie takie nale\u017cy zg\u0142osi\u0107 do Wydzia\u0142u Ochrony \u015arodowiska pod numerami telefon\u00f3w 22 735-87 99, 22 735-88-17.<\/p>\n\n\n\n<p>Choinki nale\u017cy wystawi\u0107 przed nieruchomo\u015b\u0107 o godzinie 6.00 rano w dniu odbioru lub dzie\u0144 wcze\u015bniej. W zabudowie wielorodzinnej choinki s\u0105 odbierane w terminach odbioru odpad\u00f3w wielkogabarytowych. Choinki po zg\u0142oszeniu do zarz\u0105dcy nieruchomo\u015bci nale\u017cy wystawi\u0107 przed 6 rano w dniu odbioru lub dzie\u0144 wcze\u015bniej przy altanie \u015bmietnikowej.<\/p>\n\n\n\n<p>Choinki mo\u017cna r\u00f3wnie\u017c dostarczy\u0107 bezpo\u015brednio do Punktu Selektywnego Zbierania Odpad\u00f3w przy ul. Stefana Bry\u0142y 6 w czwartek i pi\u0105tek w godzinach 10.30-16.30 oraz w soboty w godzinach 8.00 -14.00. Akcja trwa do 15 lutego br.<\/p>\n\n\n\n<p style=\"text-align:right\"><strong>(a)<\/strong><\/p>\n","protected":false},"excerpt":{"rendered":"<p>W Ursusie i w ca\u0142ej Warszawie 7 stycznia ruszy\u0142a doroczna, po\u015bwi\u0105teczna zbi\u00f3rka choinek, w ramach projektu \u201eCiep\u0142o z natury\u201d. Wszystkie choinki \u2013 naturalne drzewka, kt\u00f3re podczas \u015bwi\u0105t go\u015bci\u0142y w naszych domach \u2013 zostan\u0105 przemienione w ekologiczne paliwo. W jaki spos\u00f3b przekaza\u0107 choink\u0119? 1. Zdejmij dekoracje, stojak\/doniczk\u0119.2. Umie\u015b\u0107 choink\u0119 w altanie \u015bmietnikowej w odpowiednim pojemniku na [&hellip;]<\/p>\n","protected":false},"author":2,"featured_media":2945,"comment_status":"closed","ping_status":"open","sticky":false,"template":"","format":"standard","meta":{"footnotes":""},"categories":[8,5],"tags":[],"class_list":["post-2944","post","type-post","status-publish","format-standard","has-post-thumbnail","hentry","category-roznosci","category-wiadomosci"],"_links":{"self":[{"href":"https:\/\/fleschmazowsza.com.pl\/index.php?rest_route=\/wp\/v2\/posts\/2944","targetHints":{"allow":["GET"]}}],"collection":[{"href":"https:\/\/fleschmazowsza.com.pl\/index.php?rest_route=\/wp\/v2\/posts"}],"about":[{"href":"https:\/\/fleschmazowsza.com.pl\/index.php?rest_route=\/wp\/v2\/types\/post"}],"author":[{"embeddable":true,"href":"https:\/\/fleschmazowsza.com.pl\/index.php?rest_route=\/wp\/v2\/users\/2"}],"replies":[{"embeddable":true,"href":"https:\/\/fleschmazowsza.com.pl\/index.php?rest_route=%2Fwp%2Fv2%2Fcomments&post=2944"}],"version-history":[{"count":1,"href":"https:\/\/fleschmazowsza.com.pl\/index.php?rest_route=\/wp\/v2\/posts\/2944\/revisions"}],"predecessor-version":[{"id":2946,"href":"https:\/\/fleschmazowsza.com.pl\/index.php?rest_route=\/wp\/v2\/posts\/2944\/revisions\/2946"}],"wp:featuredmedia":[{"embeddable":true,"href":"https:\/\/fleschmazowsza.com.pl\/index.php?rest_route=\/wp\/v2\/media\/2945"}],"wp:attachment":[{"href":"https:\/\/fleschmazowsza.com.pl\/index.php?rest_route=%2Fwp%2Fv2%2Fmedia&parent=2944"}],"wp:term":[{"taxonomy":"category","embeddable":true,"href":"https:\/\/fleschmazowsza.com.pl\/index.php?rest_route=%2Fwp%2Fv2%2Fcategories&post=2944"},{"taxonomy":"post_tag","embeddable":true,"href":"https:\/\/fleschmazowsza.com.pl\/index.php?rest_route=%2Fwp%2Fv2%2Ftags&post=2944"}],"curies":[{"name":"wp","href":"https:\/\/api.w.org\/{rel}","templated":true}]}}