{"id":2941,"date":"2019-01-21T12:55:28","date_gmt":"2019-01-21T11:55:28","guid":{"rendered":"http:\/\/fleschmazowsza.com.pl\/?p=2941"},"modified":"2019-01-21T12:55:32","modified_gmt":"2019-01-21T11:55:32","slug":"podwyzki-oplat-za-odbior-i-zagospodarowanie-odpadow-komunalnych","status":"publish","type":"post","link":"https:\/\/fleschmazowsza.com.pl\/?p=2941","title":{"rendered":"Podwy\u017cki op\u0142at za odbi\u00f3r i zagospodarowanie odpad\u00f3w komunalnych"},"content":{"rendered":"\n<p><strong>W niekt\u00f3rych samorz\u0105dach rok 2019 rozpocz\u0105\u0142 si\u0119 niepokojem zwi\u0105zanym z zapowiadanymi podwy\u017ckami op\u0142at i zmianami w systemie wywozu odpad\u00f3w. Uspokajamy mieszka\u0144c\u00f3w, w wi\u0119kszo\u015bci naszych gmin na razie nic si\u0119 nie zmienia.<\/strong><\/p>\n\n\n\n<p>Problem podwy\u017cek op\u0142at za wyw\u00f3z i\nzagospodarowanie odpad\u00f3w komunalnych, wynika z rosn\u0105cych cen\nenergii, transportu i zwi\u0119kszenia tzw. \u201eop\u0142aty \u015brodowiskowej\u201d,\nkt\u00f3ra od 2012 r. wzros\u0142a ju\u017c ponad 6-krotnie! W zwi\u0105zku z tym\nkolejne miasta i gminy w Polsce podnosz\u0105 op\u0142aty. Podwy\u017cki te\nsi\u0119gaj\u0105 od kilkudziesi\u0119ciu do nawet 100 procent. W zasadzie ka\u017cdy\nsamorz\u0105d stoi przed wyzwaniem urealnienia stawek.<\/p>\n\n\n\n<p style=\"text-align:center\"><strong>Nieuniknione podwy\u017cki<\/strong><\/p>\n\n\n\n<p>Podwy\u017cki dotykaj\u0105 wszystkie miasta i\ngminy, w kt\u00f3rych og\u0142aszane s\u0105 nowe przetargi. Niekt\u00f3re samorz\u0105dy\n(np. Milan\u00f3wek, Grodzisk Mazowiecki, Izabelin, Jab\u0142onna)\nuniewa\u017cniaj\u0105 przetargi, gdy\u017c po otwarciu ofert okazuje si\u0119, \u017ce\nstawka za odpady zbierane selektywnie wynosi ponad 30 z\u0142 od osoby za\nmiesi\u0105c. Inne gminy, po do\u015bwiadczeniach powtarzania kolejnych\nprzetarg\u00f3w, decyduj\u0105 si\u0119 na podniesie stawki op\u0142aty dla\nmieszka\u0144c\u00f3w, gdy\u017c zgodnie z obowi\u0105zuj\u0105cymi przepisami prawa\nGminy nie mog\u0105 dop\u0142aca\u0107 z bud\u017cetu do systemu gospodarowania\nodpadami komunalnymi. Wed\u0142ug ustawodawcy ma by\u0107 to system\nsamofinansuj\u0105cy si\u0119 czyli pochodz\u0105cy tylko i wy\u0142\u0105cznie z op\u0142at\nw\u0142a\u015bcicieli  zamieszka\u0142ych nieruchomo\u015bci. Jedyne zwolnienia w\ncz\u0119\u015bci z op\u0142aty za gospodarowanie odpadami, jakie przewiduje\nustawodawca dotycz\u0105 rodzin wielodzietnych. Np.: \u017byrard\u00f3w i\nPruszk\u00f3w dop\u0142acaj\u0105 miesi\u0119cznie 5 z\u0142 do ka\u017cdego cz\u0142onka rodziny\nwielodzietnej.<\/p>\n\n\n\n<p>Najbardziej radykalna podwy\u017cka op\u0142at\nw naszym regionie mia\u0142a miejsce w Radziejowicach \u2013 mieszka\u0144cy\nzap\u0142ac\u0105 29 z\u0142 od osoby za odpady segregowane i 58 od osoby za\nodpady niesegregowane!<\/p>\n\n\n\n<p style=\"text-align:center\"><strong>Regionalny problem<\/strong><\/p>\n\n\n\n<p>Wojew\u00f3dztwo mazowieckie, jako jedyne w\nkraju nie posiada aktualnego, kluczowego dokumentu, jakim jest\nWojew\u00f3dzki Plan Gospodarki Odpadami (WPGO), kt\u00f3rego uchwalenia\ndokonuje Sejmik Wojew\u00f3dztwa Mazowieckiego. Projekt nowego Planu 25\nwrze\u015bnia 2018 r, po raz drugi, zosta\u0142 przekazany do opiniowania\nMinistrowi \u015arodowiska.<\/p>\n\n\n\n<p>Od momentu uchwalenia \u201estarego\u201d\nWPGO sytuacja w gospodarce odpadami diametralnie si\u0119 zmieni\u0142a.\nZak\u0142adano m.in., \u017ce ilo\u015b\u0107 wytwarzanych odpad\u00f3w b\u0119dzie mala\u0142a,\nnatomiast ona z roku na rok ro\u015bnie. Ma to swoje konsekwencje w\nniedoszacowaniu liczby i mocy przerobowych Regionalnych Instalacji do\nZagospodarowania Odpad\u00f3w Komunalnych (RIPOK), kt\u00f3rych obecnie na\nMazowszu brakuje. Sprowadza si\u0119 to do tego, \u017ce firmy odbieraj\u0105ce\nodpady od mieszka\u0144c\u00f3w maj\u0105 ograniczone mo\u017cliwo\u015bci przekazania\nich do uprawnionych instalacji w ramach regionu a przepisy prawa nie\npozwalaj\u0105 wywie\u017a\u0107 \u015bmieci poza region Mazowsza np. do wojew\u00f3dztwa\n\u0142\u00f3dzkiego, gdzie jest wi\u0119cej tego typu instalacji.<\/p>\n\n\n\n<p style=\"text-align:center\"><strong>Sto\u0142eczna rewolucja<\/strong><\/p>\n\n\n\n<p>Wszystkie w\/w czynniki wp\u0142ywaj\u0105 na\nobecne \u201ek\u0142opoty \u015bmieciowe\u201d mazowieckich samorz\u0105d\u00f3w.\nNajwi\u0119ksze zmiany dotykaj\u0105 mieszka\u0144c\u00f3w Warszawy. Zwi\u0119ksza si\u0119\nmianowicie z trzech do pi\u0119ciu ilo\u015b\u0107 frakcji na jakie\nselekcjonujemy odpady. W nowym systemie segregacji odpady, kt\u00f3re do\ntej pory trafia\u0142y do czerwonego pojemnika lub worka na \u201esegregowane\nsuche&#8221; zostaj\u0105 podzielone na dwie frakcje: \u201epapier&#8221; \u2013\npojemnik z niebiesk\u0105 naklejk\u0105 lub worek, \u201emetale i tworzywa\nsztuczne&#8221; \u2013 pojemnik z \u017c\u00f3\u0142t\u0105 naklejk\u0105 lub worek.\nNatomiast odpady, kt\u00f3re trafia\u0142y do czarnego pojemnika na odpady\n\u201ezmieszane&#8221;, b\u0119d\u0105 podzielone na:<\/p>\n\n\n\n<p>&#8211; odpady, kt\u00f3re mog\u0105 trafi\u0107 do frakcji \u201ebio&#8221; \u2013\npojemnik z br\u0105zow\u0105 naklejka lub worek,<\/p>\n\n\n\n<p>&#8211; odpady \u201ezmieszane&#8221; &#8211; kt\u00f3rych nie mo\u017cemy wrzuci\u0107 do\n\u017cadnego innego pojemnika, a nie s\u0105 odpadami niebezpiecznymi\n(pojemnik z czarn\u0105 naklejk\u0105 lub czarny worek).<\/p>\n\n\n\n<p>Szk\u0142o trafia to zielonego worka lub\npojemnika z naklejk\u0105 zielon\u0105.<\/p>\n\n\n\n<p>Dodatkowo w domach jednorodzinnych dla odpad\u00f3w zielonych przeznaczone s\u0105 przezroczyste worki zapewniane przez w\u0142a\u015bciciela nieruchomo\u015bci. Od mieszka\u0144c\u00f3w blok\u00f3w odpady zielone trafiaj\u0105 do pojemnik\u00f3w lub naklejek informacyjnych w kolorze szarym z napisem \u201eodpady zielone&#8221;. Do zbierania odpad\u00f3w wielkogabarytowych przeznaczone s\u0105 pojemniki lub wyznaczone miejsca przy altanach \u015bmietnikowych z naklejk\u0105 \u201eodpady wielkogabarytowe\u201d.<\/p>\n\n\n\n<p style=\"text-align:center\"><strong>Warszawskie stawki<\/strong><\/p>\n\n\n\n<p>Od 1 stycznia\nwarszawiacy mieszkaj\u0105cy w domach jednorodzinnych zap\u0142ac\u0105\nodpowiednio: w przypadku gospodarstwa jednoosobowego 30 z\u0142,\ndwuosobowego \u2013 45 z\u0142, trzyosobowego i wi\u0119cej \u2013 60 z\u0142. S\u0105 to\nstawki za odbi\u00f3r odpad\u00f3w segregowanych.<\/p>\n\n\n\n<p>Gdy wydzielono dwa lokale mieszkalne w w domu jednorodzinnym zap\u0142acimy: 15 z\u0142 w gospodarstwie jednoosobowym, 23 z\u0142 w dwuosobowym i 30 z\u0142 w trzyosobowym i wi\u0119kszym.<\/p>\n\n\n\n<p>We wszystkich kategoriach mieszka\u0144 stawki za odpady niesegregowane s\u0105 wy\u017csze o ok. 20%.<\/p>\n\n\n\n<p>Mieszka\u0144c\u00f3w nieruchomo\u015bci wielolokalowych (blok\u00f3w, kamienic itp.) obowi\u0105zuj\u0105 nast\u0119puj\u0105ce stawki: gospodarstwo jednoosobowe \u2013 10 z\u0142 (odpady segregowane) i 12 z\u0142 (niesegregowane), dwuosobowe \u2013 19 z\u0142 (odpady segregowane) i 23 z\u0142 (niesegregowane), trzyosobowe \u2013 28 z\u0142 (odpady segregowane) i 34 z\u0142 (niesegregowane), czteroosobowe i wi\u0119ksze \u2013 37 (odpady segregowane) i 45 (niesegregowane).<\/p>\n\n\n\n<p>Wi\u0119cej na ten temat na stronie<strong>  <\/strong><a href=\"http:\/\/www.czysta.um.warszawa.pl\/\"><strong><em>www.czysta.um.warszawa.pl<\/em><\/strong><\/a><strong><em>  <\/em><\/strong><\/p>\n\n\n\n<p style=\"text-align:center\"><strong>Na razie bez zmian<\/strong><\/p>\n\n\n\n<p>Zmiany jakie obecnie wdra\u017ca stolica\ngmina \u017babia Wola wprowadzi\u0142a w ubieg\u0142ym roku, a Piast\u00f3w ju\u017c w\n2013 r. Na terenie obu tych samorz\u0105d\u00f3w, podobnie jak w gminie\nNadarzyn\ni\nmie\u015bcie\n\u017byrard\u00f3w,\ndotychczasowe ceny b\u0119d\u0105 obowi\u0105zywa\u0142y do ko\u0144ca czerwca.\nW\ngminie\nBrwin\u00f3w,\npodobnie\njak\nw\nMilan\u00f3wku\nte\u017c\nobowi\u0105zuj\u0105\nubieg\u0142oroczne\nstawki.<\/p>\n\n\n\n<p>Na terenie gminy Micha\u0142owice wysoko\u015b\u0107 op\u0142aty za odbi\u00f3r odpad\u00f3w obowi\u0105zuj\u0105cej od 1 stycznia 2018 r. wynosi: 11 z\u0142\/os. miesi\u0119cznie (odpady segregowane) i 22 z\u0142 \/os. miesi\u0119cznie (odpady niesegregowane).<\/p>\n\n\n\n<p style=\"text-align:center\"><strong>Pruszk\u00f3w<\/strong><strong>,\n<\/strong><strong>Podkowa<\/strong><strong>\n<\/strong><strong>i<\/strong><strong>\n<\/strong><strong>Grodzisk<\/strong><\/p>\n\n\n\n<p>Na terenie Pruszkowa od lipca 2017 r funkcjonuj\u0105 nast\u0119puj\u0105ce stawki za odpady: 12 z\u0142\/os. (segregacja odpad\u00f3w) i 21 z\u0142\/os. (brak segregacji odpad\u00f3w).<\/p>\n\n\n\n<p>Zgodnie z informacj\u0105 ze strony internetowej urz\u0119du w Podkowie Le\u015bnej od 1 kwietnia 2016 r. obowi\u0105zuj\u0105 nast\u0119puj\u0105ce stawki op\u0142at: 15 z\u0142\/os. (odbi\u00f3r selektywny) i 30 z\u0142\/os. (odbi\u00f3r nieselektywny).<\/p>\n\n\n\n<p>Od lutego 2019 r. na terenie gminy Grodzisk Mazowiecki op\u0142ata za odbi\u00f3r odpad\u00f3w segregowanych b\u0119dzie wynosi\u0142a 19 z\u0142 od osoby, a za odbi\u00f3r odpad\u00f3w niesegregowanych 29 z\u0142 od osoby.<\/p>\n\n\n\n<p style=\"text-align:right\">Zebra\u0142 i oprac.: <strong>(mg)<\/strong><\/p>\n","protected":false},"excerpt":{"rendered":"<p>W niekt\u00f3rych samorz\u0105dach rok 2019 rozpocz\u0105\u0142 si\u0119 niepokojem zwi\u0105zanym z zapowiadanymi podwy\u017ckami op\u0142at i zmianami w systemie wywozu odpad\u00f3w. Uspokajamy mieszka\u0144c\u00f3w, w wi\u0119kszo\u015bci naszych gmin na razie nic si\u0119 nie zmienia. Problem podwy\u017cek op\u0142at za wyw\u00f3z i zagospodarowanie odpad\u00f3w komunalnych, wynika z rosn\u0105cych cen energii, transportu i zwi\u0119kszenia tzw. \u201eop\u0142aty \u015brodowiskowej\u201d, kt\u00f3ra od 2012 r. [&hellip;]<\/p>\n","protected":false},"author":2,"featured_media":2942,"comment_status":"closed","ping_status":"open","sticky":false,"template":"","format":"standard","meta":{"footnotes":""},"categories":[8,5],"tags":[],"class_list":["post-2941","post","type-post","status-publish","format-standard","has-post-thumbnail","hentry","category-roznosci","category-wiadomosci"],"_links":{"self":[{"href":"https:\/\/fleschmazowsza.com.pl\/index.php?rest_route=\/wp\/v2\/posts\/2941","targetHints":{"allow":["GET"]}}],"collection":[{"href":"https:\/\/fleschmazowsza.com.pl\/index.php?rest_route=\/wp\/v2\/posts"}],"about":[{"href":"https:\/\/fleschmazowsza.com.pl\/index.php?rest_route=\/wp\/v2\/types\/post"}],"author":[{"embeddable":true,"href":"https:\/\/fleschmazowsza.com.pl\/index.php?rest_route=\/wp\/v2\/users\/2"}],"replies":[{"embeddable":true,"href":"https:\/\/fleschmazowsza.com.pl\/index.php?rest_route=%2Fwp%2Fv2%2Fcomments&post=2941"}],"version-history":[{"count":1,"href":"https:\/\/fleschmazowsza.com.pl\/index.php?rest_route=\/wp\/v2\/posts\/2941\/revisions"}],"predecessor-version":[{"id":2943,"href":"https:\/\/fleschmazowsza.com.pl\/index.php?rest_route=\/wp\/v2\/posts\/2941\/revisions\/2943"}],"wp:featuredmedia":[{"embeddable":true,"href":"https:\/\/fleschmazowsza.com.pl\/index.php?rest_route=\/wp\/v2\/media\/2942"}],"wp:attachment":[{"href":"https:\/\/fleschmazowsza.com.pl\/index.php?rest_route=%2Fwp%2Fv2%2Fmedia&parent=2941"}],"wp:term":[{"taxonomy":"category","embeddable":true,"href":"https:\/\/fleschmazowsza.com.pl\/index.php?rest_route=%2Fwp%2Fv2%2Fcategories&post=2941"},{"taxonomy":"post_tag","embeddable":true,"href":"https:\/\/fleschmazowsza.com.pl\/index.php?rest_route=%2Fwp%2Fv2%2Ftags&post=2941"}],"curies":[{"name":"wp","href":"https:\/\/api.w.org\/{rel}","templated":true}]}}