{"id":2937,"date":"2019-01-18T15:17:27","date_gmt":"2019-01-18T14:17:27","guid":{"rendered":"http:\/\/fleschmazowsza.com.pl\/?p=2937"},"modified":"2019-01-18T15:17:29","modified_gmt":"2019-01-18T14:17:29","slug":"27-final-wielkiej-orkiestry-swiatecznej-pomocy","status":"publish","type":"post","link":"https:\/\/fleschmazowsza.com.pl\/?p=2937","title":{"rendered":"27 Fina\u0142 Wielkiej Orkiestry \u015awi\u0105tecznej Pomocy"},"content":{"rendered":"\n<p><strong>Nie tak chcia\u0142am si\u0119 dzieli\u0107 z Pa\u0144stwem tegorocznym Fina\u0142em WO\u015aP, nie w taki spos\u00f3b zrelacjonowa\u0107 tak donios\u0142e wydarzenie.<\/strong><\/p>\n\n\n\n<p><strong>Niestety \u017cycie napisa\u0142o scenariusz jakiego si\u0119 nie spodziewali\u015bmy\u2026<\/strong><\/p>\n\n\n\n<p>Zesp\u00f3\u0142 redakcyjny Flesch Mazowsza\nzapewne jak wszystkie media w Polsce i na \u015bwiecie przede wszystkim\nsk\u0142ada najszczersze kondolencje rodzinie, mieszka\u0144com Gda\u0144ska oraz\nwsp\u00f3\u0142pracownikom  Pana Prezydenta Paw\u0142a Adamowicza.<\/p>\n\n\n\n<p>Niewyobra\u017calna tragedia jaka wydarzy\u0142a\nsi\u0119 podczas tegorocznego fina\u0142u WO\u015aP w  Gda\u0144sku dotkn\u0119\u0142a nas\nwszystkich i zawsze ju\u017c pozostanie w naszej pami\u0119ci.<\/p>\n\n\n\n<p>Jednak Pan Prezydent by\u0142 tam po to by\nzaznaczy\u0107 swoje poparcie dla dzia\u0142alno\u015bci Jurka Owsiaka, po to by\npokaza\u0107 jak wielkie i podnios\u0142e jest to wydarzenie.<\/p>\n\n\n\n<p>Dzi\u0119kujemy Panie Prezydencie\u2026 Dalej\nb\u0119dziemy gra\u0107 za Pana\u2026Z Panem w sercach\u2026<\/p>\n\n\n\n<p>Musimy zaznaczy\u0107 jednak jak pi\u0119knie\ngrali\u015bmy wszyscy, ponad podzia\u0142ami zbierali\u015bmy dla \u201eDZIECI\nMA\u0141YCH I BEZ FOCHA\u2019\u2019. \u0141\u0105cznie do chwili obecnej zebrali\u015bmy 92\n143 798 z\u0142 a to jeszcze nie koniec, nadal trwaj\u0105 licytacje.\nPobijemy rekord.<\/p>\n\n\n\n<p>Mazowsze te\u017c zagra\u0142o g\u0142o\u015bno, bardzo\ng\u0142o\u015bno<\/p>\n\n\n\n<p>I tu np.jak relacjonuje Rafa\u0142 Nowak\ncz\u0142onek sztabu w B\u0142oniu ich sztab pod przewodnictwem Heleny\nSzyma\u0144skiej oraz jej m\u0119\u017ca Jerzego wraz z zaprzyja\u017anionymi\nsztabami z Leszna i Zaborowa \u0142\u0105cznie zebrali oko\u0142o 130 000 z\u0142.\nTrzeba te\u017c podkre\u015bli\u0107, \u017ce dla Pa\u0144stwa Szyma\u0144skich by\u0142 to 25\nfina\u0142. Gratulujemy wytrwa\u0142o\u015bci, wielkiego serca i \u017cyczymy\nkolejnych sukces\u00f3w.<\/p>\n\n\n\n<p>Sztabem, kt\u00f3ry zebra\u0142 najwi\u0119ksz\u0105\nkwot\u0119 w Pruszkowie by\u0142 sztab przy Szkole Podstawowej nr 2 pod\nprzewodnictwem Doroty Rybarczyk. 70 wolontariuszy uzbiera\u0142o 79 619,\n15 z\u0142. Na ten sukces z\u0142o\u017cyli si\u0119 wszyscy uczniowie szko\u0142y i ich\nrodzice.<\/p>\n\n\n\n<p> &#8211; Dzieci  i rodzice przynie\u015bli\nmn\u00f3stwo rzeczy na licytacj\u0119: zabawki, pluszaki, gry, puzzle,\nksi\u0105\u017cki i kolorowanki. Dla wolontariuszy s\u0142odycze, ciasta, kaw\u0119 i\nherbat\u0119. Jestem niesamowicie dumna z moich dzieci &#8211; m\u00f3wi nam Anita\nBai\u0144ska \u2013 Trzebi\u0144ska wychowawczyni klasy I E.<\/p>\n\n\n\n<p><em><strong>WIELKIE BRAWA!!!<\/strong><\/em><\/p>\n\n\n\n<p>Pani Dorotka m\u00f3wi nam, \u017ce by\u0142o cudownie, mn\u00f3stwo darczy\u0144c\u00f3w, wielu (ponad 30) zarejestrowanych dawc\u00f3w krwi. Wspania\u0142y gest Pana Prezydenta miasta Pruszkowa \u2013 Paw\u0142a Makucha, kt\u00f3ry wystawi\u0142 na licytacj\u0119 dzie\u0144 bycia Prezydentem naszego miasta.  W SP 2 wygra\u0142 Dyrektor Marek \u015ar\u0119bowaty,  w SP 8 Pawe\u0142 K\u0119dzierski, a w SP 10 Beata Polakiewicz.<\/p>\n\n\n\n<p>Pani Dorotka po zako\u0144czeniu imprezy w\nszkole pojecha\u0142a rozliczy\u0107 si\u0119 do sztabu g\u0142\u00f3wnego w Warszawie.<\/p>\n\n\n\n<p><strong>-Jak wra\u017cenia?<\/strong><\/p>\n\n\n\n<p><em>-Co\u015b niesamowitego, tam dopiero czuje si\u0119 klimat Wielkiej Orkiestry. Jurek jest wspania\u0142y, daje niesamowit\u0105 energi\u0119.<\/em><\/p>\n\n\n\n<p>Wspania\u0142y wynik osi\u0105gn\u0105\u0142 te\u017c\n\u017byrard\u00f3w \u2013 190 711,71 z\u0142 i Grodzisk Mazowiecki \u2013 147 431,12\nz\u0142, Jaktor\u00f3w \u2013 31 432,68 z\u0142, Podkowa Le\u015bna oko\u0142o 27 000 z\u0142, w\nPiastowie zebrano 36 722,85 tj. o 7 tys. z\u0142 wi\u0119cej ni\u017c rok temu. W\npruszkowskich plac\u00f3wkach zebrano ponadto: w SP nr.10 \u2013 54 354,84\nz\u0142, w SP nr 8 \u2013 16 636,25 z\u0142.<\/p>\n\n\n\n<p>Kwota g\u0142\u00f3wna imponuje ju\u017c w tej\nchwili a to jeszcze nie jest koniec. Nadal trwaj\u0105 licytacje. Ca\u0142ym\nsercem jeste\u015bmy z Jurkiem Owsiakiem i jego fundacj\u0105. Gramy do ko\u0144ca\n\u015bwiata i jeden dzie\u0144 d\u0142u\u017cej.<\/p>\n\n\n\n<p style=\"text-align:right\"><strong>Katarzyna W\u0142odarczyk<\/strong><\/p>\n","protected":false},"excerpt":{"rendered":"<p>Nie tak chcia\u0142am si\u0119 dzieli\u0107 z Pa\u0144stwem tegorocznym Fina\u0142em WO\u015aP, nie w taki spos\u00f3b zrelacjonowa\u0107 tak donios\u0142e wydarzenie. Niestety \u017cycie napisa\u0142o scenariusz jakiego si\u0119 nie spodziewali\u015bmy\u2026 Zesp\u00f3\u0142 redakcyjny Flesch Mazowsza zapewne jak wszystkie media w Polsce i na \u015bwiecie przede wszystkim sk\u0142ada najszczersze kondolencje rodzinie, mieszka\u0144com Gda\u0144ska oraz wsp\u00f3\u0142pracownikom Pana Prezydenta Paw\u0142a Adamowicza. Niewyobra\u017calna tragedia [&hellip;]<\/p>\n","protected":false},"author":2,"featured_media":2938,"comment_status":"closed","ping_status":"open","sticky":false,"template":"","format":"standard","meta":{"footnotes":""},"categories":[8,5],"tags":[],"class_list":["post-2937","post","type-post","status-publish","format-standard","has-post-thumbnail","hentry","category-roznosci","category-wiadomosci"],"_links":{"self":[{"href":"https:\/\/fleschmazowsza.com.pl\/index.php?rest_route=\/wp\/v2\/posts\/2937","targetHints":{"allow":["GET"]}}],"collection":[{"href":"https:\/\/fleschmazowsza.com.pl\/index.php?rest_route=\/wp\/v2\/posts"}],"about":[{"href":"https:\/\/fleschmazowsza.com.pl\/index.php?rest_route=\/wp\/v2\/types\/post"}],"author":[{"embeddable":true,"href":"https:\/\/fleschmazowsza.com.pl\/index.php?rest_route=\/wp\/v2\/users\/2"}],"replies":[{"embeddable":true,"href":"https:\/\/fleschmazowsza.com.pl\/index.php?rest_route=%2Fwp%2Fv2%2Fcomments&post=2937"}],"version-history":[{"count":2,"href":"https:\/\/fleschmazowsza.com.pl\/index.php?rest_route=\/wp\/v2\/posts\/2937\/revisions"}],"predecessor-version":[{"id":2940,"href":"https:\/\/fleschmazowsza.com.pl\/index.php?rest_route=\/wp\/v2\/posts\/2937\/revisions\/2940"}],"wp:featuredmedia":[{"embeddable":true,"href":"https:\/\/fleschmazowsza.com.pl\/index.php?rest_route=\/wp\/v2\/media\/2938"}],"wp:attachment":[{"href":"https:\/\/fleschmazowsza.com.pl\/index.php?rest_route=%2Fwp%2Fv2%2Fmedia&parent=2937"}],"wp:term":[{"taxonomy":"category","embeddable":true,"href":"https:\/\/fleschmazowsza.com.pl\/index.php?rest_route=%2Fwp%2Fv2%2Fcategories&post=2937"},{"taxonomy":"post_tag","embeddable":true,"href":"https:\/\/fleschmazowsza.com.pl\/index.php?rest_route=%2Fwp%2Fv2%2Ftags&post=2937"}],"curies":[{"name":"wp","href":"https:\/\/api.w.org\/{rel}","templated":true}]}}