{"id":2917,"date":"2019-01-08T13:02:56","date_gmt":"2019-01-08T12:02:56","guid":{"rendered":"http:\/\/fleschmazowsza.com.pl\/?p=2917"},"modified":"2019-01-08T13:02:57","modified_gmt":"2019-01-08T12:02:57","slug":"pozytywna-historia-zycia","status":"publish","type":"post","link":"https:\/\/fleschmazowsza.com.pl\/?p=2917","title":{"rendered":"Pozytywna historia \u017cycia"},"content":{"rendered":"\n<p><strong>W Bibliotece Nied\u017awiadek odby\u0142o si\u0119 spotkanie ze znan\u0105 aktork\u0105, Teres\u0105 Lipowsk\u0105 oraz towarzysz\u0105c\u0105 jej Monik\u0105 Mularsk\u0105-Kucharek, trenerk\u0105 umiej\u0119tno\u015bci psychospo\u0142ecznych, terapeutk\u0105, autork\u0105 wierszy i podr\u0119cznik\u00f3w akademickich. Obie panie wyst\u0119puj\u0105 w duecie, promuj\u0105c swoj\u0105 tw\u00f3rczo\u015b\u0107 w bibliotekach w ca\u0142ym kraju. Pozytywna historia \u017cycia gwiazdy polskiego kina przeplatana lekkimi fraszkami \u0142\u00f3dzkiej terapeutki wprawi\u0142a wszystkich obecnych w dobry, przed\u015bwi\u0105teczny nastr\u00f3j.<\/strong><\/p>\n\n\n\n<p>Teresa Lipowska opowiedzia\u0142a o bo\u017conarodzeniowej tradycji u\nsiebie w domu, swojej rodzinie, pracy aktorskiej oraz ciekawych wydarzeniach,\nmaj\u0105cych wp\u0142yw na jej \u017cycie zawodowe i osobiste. Opowie\u015bci te znalaz\u0142y si\u0119 w\nksi\u0105\u017cce \u201eNad rodzinnym albumem. Teresa Lipowska w rozmowach z Ilon\u0105 \u0141epkowsk\u0105\u201d\nnak\u0142adem Wydawnictwa Dolno\u015bl\u0105skiego. W ksi\u0105\u017cce znajdziemy te\u017c bardzo du\u017co zdj\u0119\u0107\nz rodzinnych album\u00f3w aktorki. <\/p>\n\n\n\n<p>Na pytanie koordynatorki DKK na Nied\u017awiadku, Ewy Furmanik,\njak uda\u0142o si\u0119 jej pogodzi\u0107 tyle zaj\u0119\u0107, prac\u0119 w teatrze, filmie i w radiu,\naktorka odpowiedzia\u0142a:<\/p>\n\n\n\n<p>&#8211; Jestem bardzo pracowita i faktycznie w moim zawodzie uda\u0142o\nmi si\u0119 wydepta\u0107 wszystkie mo\u017cliwe \u015bcie\u017cki aktorskie, takie jak film, dubbing,\nteatr, radio, koncert, kabarety, wszystkiego uda\u0142o mi si\u0119 spr\u00f3bowa\u0107. Jako\u015b si\u0119\nudawa\u0142o, i dziecko mia\u0142am i przecie\u017c gosposi nie mieli\u015bmy. Wsp\u00f3lnie z m\u0119\u017cem, na\nzmian\u0119, opiekowali\u015bmy si\u0119 dzieckiem, chyba \u017ce akurat oboje grali\u015bmy, wtedy\nprzychodzi\u0142a si\u0119 nim zaj\u0105\u0107 taka starsza pani. (\u2026) Jako\u015b \u017ce\u015bmy si\u0119 dzielili.\nJako\u015b si\u0119 udawa\u0142o.<\/p>\n\n\n\n<p>Monika Mularska-Kucharek czyta\u0142a swoje wiersze, opowiada\u0142a\nanegdotki ze swojego \u017cycia, o szkoleniach, kt\u00f3re prowadzi, o publikacjach i\nspotkaniach im po\u015bwi\u0119conych, a tak\u017ce o swoich do\u015bwiadczeniach w pracy\npsychologa. W swojej pracy zawodowej wiele uwagi po\u015bwi\u0119ca seniorom. Pisze m.\nin. o blisko\u015bci wieku dojrza\u0142ego i tym, \u017ce cz\u0119sto \u201ejesie\u0144 \u017cycia\u201d otwiera nam\nmo\u017cliwo\u015bci, jakich \u201ewiosna\u201d nie mog\u0142a zaoferowa\u0107. Jej porady eksperckie dotycz\u0105ce\npoprawy jako\u015bci \u017cycia senior\u00f3w ciesz\u0105 si\u0119 du\u017c\u0105 popularno\u015bci\u0105. Ostatnia z jej\npozycji \u201eCo dobrego? Poezjoterapia\u201d, sta\u0142a si\u0119 przyczynkiem do prowadzenia\nspotka\u0144 w duecie i rozm\u00f3w o potrzebie blisko\u015bci, mi\u0142o\u015bci i rodzinie.<\/p>\n\n\n\n<p>Obie wymienione pozycje ksi\u0105\u017ckowe dost\u0119pne s\u0105 w Bibliotece\nPublicznej w Dzielnicy Ursus. Na zako\u0144czenie spotkania Dyrektor Biblioteki\nAgnieszka Proszowska oraz Zast\u0119pca Dyrektora Lidia Romanowska, z\u0142o\u017cy\u0142y \u017cyczenia\nwszystkim obecnym, rozda\u0142y kartki \u015bwi\u0105teczne, w\u0142asnor\u0119cznie zrobione przez\njedn\u0105 z bibliotekarek Filii na Nied\u017awiadku i zaprosi\u0142y na s\u0142odki pocz\u0119stunek,\ngdzie toczy\u0142 si\u0119 ci\u0105g dalszy spotkania w swobodniejszej atmosferze.<\/p>\n\n\n\n<p style=\"text-align:right\">Tekst i foto:<strong> (LD)<\/strong><\/p>\n","protected":false},"excerpt":{"rendered":"<p>W Bibliotece Nied\u017awiadek odby\u0142o si\u0119 spotkanie ze znan\u0105 aktork\u0105, Teres\u0105 Lipowsk\u0105 oraz towarzysz\u0105c\u0105 jej Monik\u0105 Mularsk\u0105-Kucharek, trenerk\u0105 umiej\u0119tno\u015bci psychospo\u0142ecznych, terapeutk\u0105, autork\u0105 wierszy i podr\u0119cznik\u00f3w akademickich. Obie panie wyst\u0119puj\u0105 w duecie, promuj\u0105c swoj\u0105 tw\u00f3rczo\u015b\u0107 w bibliotekach w ca\u0142ym kraju. Pozytywna historia \u017cycia gwiazdy polskiego kina przeplatana lekkimi fraszkami \u0142\u00f3dzkiej terapeutki wprawi\u0142a wszystkich obecnych w dobry, przed\u015bwi\u0105teczny [&hellip;]<\/p>\n","protected":false},"author":2,"featured_media":2918,"comment_status":"closed","ping_status":"open","sticky":false,"template":"","format":"standard","meta":{"footnotes":""},"categories":[6,5],"tags":[],"class_list":["post-2917","post","type-post","status-publish","format-standard","has-post-thumbnail","hentry","category-kultura","category-wiadomosci"],"_links":{"self":[{"href":"https:\/\/fleschmazowsza.com.pl\/index.php?rest_route=\/wp\/v2\/posts\/2917","targetHints":{"allow":["GET"]}}],"collection":[{"href":"https:\/\/fleschmazowsza.com.pl\/index.php?rest_route=\/wp\/v2\/posts"}],"about":[{"href":"https:\/\/fleschmazowsza.com.pl\/index.php?rest_route=\/wp\/v2\/types\/post"}],"author":[{"embeddable":true,"href":"https:\/\/fleschmazowsza.com.pl\/index.php?rest_route=\/wp\/v2\/users\/2"}],"replies":[{"embeddable":true,"href":"https:\/\/fleschmazowsza.com.pl\/index.php?rest_route=%2Fwp%2Fv2%2Fcomments&post=2917"}],"version-history":[{"count":1,"href":"https:\/\/fleschmazowsza.com.pl\/index.php?rest_route=\/wp\/v2\/posts\/2917\/revisions"}],"predecessor-version":[{"id":2919,"href":"https:\/\/fleschmazowsza.com.pl\/index.php?rest_route=\/wp\/v2\/posts\/2917\/revisions\/2919"}],"wp:featuredmedia":[{"embeddable":true,"href":"https:\/\/fleschmazowsza.com.pl\/index.php?rest_route=\/wp\/v2\/media\/2918"}],"wp:attachment":[{"href":"https:\/\/fleschmazowsza.com.pl\/index.php?rest_route=%2Fwp%2Fv2%2Fmedia&parent=2917"}],"wp:term":[{"taxonomy":"category","embeddable":true,"href":"https:\/\/fleschmazowsza.com.pl\/index.php?rest_route=%2Fwp%2Fv2%2Fcategories&post=2917"},{"taxonomy":"post_tag","embeddable":true,"href":"https:\/\/fleschmazowsza.com.pl\/index.php?rest_route=%2Fwp%2Fv2%2Ftags&post=2917"}],"curies":[{"name":"wp","href":"https:\/\/api.w.org\/{rel}","templated":true}]}}