{"id":2913,"date":"2019-01-08T12:56:21","date_gmt":"2019-01-08T11:56:21","guid":{"rendered":"http:\/\/fleschmazowsza.com.pl\/?p=2913"},"modified":"2019-01-08T12:56:25","modified_gmt":"2019-01-08T11:56:25","slug":"dzielimy-sie-jedzeniem","status":"publish","type":"post","link":"https:\/\/fleschmazowsza.com.pl\/?p=2913","title":{"rendered":"Dzielimy si\u0119 jedzeniem!"},"content":{"rendered":"\n<p><strong>Jeszcze przed \u015bwi\u0119tami Bo\u017cego Narodzenia przy ul. Kraszewskiego w Pruszkowie otwarta zosta\u0142a jad\u0142odzielnia. To miejsce gdzie mieszka\u0144cy b\u0119d\u0105 mogli przynie\u015b\u0107 niepotrzebn\u0105 \u017cywno\u015b\u0107 i podzieli\u0107 si\u0119 ni\u0105 z potrzebuj\u0105cymi.<\/strong><\/p>\n\n\n\n<p>\u201ePrzynie\u015b\nto, czego nie potrzebujesz. We\u017a to, na co masz ochot\u0119!\u201d &#8211; to has\u0142o, kt\u00f3re\nt\u0142umaczy istot\u0119 dzia\u0142ania jad\u0142odzielni. W takim miejscu mo\u017cemy zostawi\u0107\njedzenie, kt\u00f3rego nie potrzebujemy. St\u0105d&nbsp;\ntrafia ono do tych os\u00f3b, kt\u00f3re odwiedz\u0105 jad\u0142odzielni\u0119 b\u0119d\u0105c w potrzebie.<\/p>\n\n\n\n<p>&#8211; Kto\u015b,\nkto jest potrzebuj\u0105cy mo\u017ce przyj\u015b\u0107, zobaczy\u0107 co tam jest, wzi\u0105\u0107 tyle ile\npotrzebuje. Anonimowo, nikogo o nic nie pytaj\u0105c. To g\u0142\u00f3wna zaleta, bo ludzie\nwstydz\u0105 si\u0119 przyznawa\u0107, \u017ce s\u0105 w trudnej sytuacji \u2013 m\u00f3wi Artur Pawe\u0142czy\u0144ski,\njeden z inicjator\u00f3w idei jad\u0142odzielni. <\/p>\n\n\n\n<p>Kto mo\u017ce\npodzieli\u0107 si\u0119 jedzeniem? Przede wszystkim handlowcy \u2013 w\u0142a\u015bciciele i pracownicy\nsklep\u00f3w czy stragan\u00f3w, kt\u00f3rzy z b\u00f3lem serca wyrzucaj\u0105 nienadaj\u0105ce si\u0119 ju\u017c do\nsprzeda\u017cy jedzenie, w\u0142a\u015bciciele firm cateringowych, kt\u00f3rym zosta\u0142o jedzenie po\nkonferencji, a tak\u017ce wszyscy mieszka\u0144cy, kt\u00f3rzy chc\u0105 podzieli\u0107 si\u0119 nadwy\u017ckami\n\u017cywno\u015bci.<\/p>\n\n\n\n<p>Jad\u0142odzielnie dzia\u0142aj\u0105 w wielu miejscach w Polsce. Teraz przyszed\u0142 czas na Pruszk\u00f3w! Pruszkowska jad\u0142odzielnia powstaje z inicjatywy Stowarzyszenia Jaspis. Takie miejsce ma zosta\u0107 zorganizowane przy ul. Kraszewskiego. Stowarzyszeniu, dzi\u0119ki pomocy w\u0142adz powiatu pruszkowskiego, uda\u0142o si\u0119 pozyska\u0107 odpowiedni lokal. Ze wsparciem mieszka\u0144c\u00f3w Pruszkowa Stowarzyszenie zebra\u0142o odpowiedni\u0105 sum\u0119 pieni\u0119dzy na remont i wyposa\u017cenie lokalu. Jad\u0142odzielnia zacze\u0142a funkcjonowa\u0107 jeszcze przed \u015bwi\u0119tami &#8211; 22 grudnia.<\/p>\n\n\n\n<p style=\"text-align:right\"><strong>Kinga Rochalska<\/strong><\/p>\n\n\n\n<p style=\"text-align:right\">Fot. <a rel=\"noreferrer noopener\" href=\"https:\/\/www.facebook.com\/jadlodzielnia.pruszkow\/\" target=\"_blank\"><em><strong>https:\/\/www.facebook.com\/jadlodzielnia.pruszkow\/<\/strong><\/em><\/a><em><strong> <\/strong><\/em><\/p>\n","protected":false},"excerpt":{"rendered":"<p>Jeszcze przed \u015bwi\u0119tami Bo\u017cego Narodzenia przy ul. Kraszewskiego w Pruszkowie otwarta zosta\u0142a jad\u0142odzielnia. To miejsce gdzie mieszka\u0144cy b\u0119d\u0105 mogli przynie\u015b\u0107 niepotrzebn\u0105 \u017cywno\u015b\u0107 i podzieli\u0107 si\u0119 ni\u0105 z potrzebuj\u0105cymi. \u201ePrzynie\u015b to, czego nie potrzebujesz. We\u017a to, na co masz ochot\u0119!\u201d &#8211; to has\u0142o, kt\u00f3re t\u0142umaczy istot\u0119 dzia\u0142ania jad\u0142odzielni. W takim miejscu mo\u017cemy zostawi\u0107 jedzenie, kt\u00f3rego nie [&hellip;]<\/p>\n","protected":false},"author":2,"featured_media":2914,"comment_status":"closed","ping_status":"open","sticky":false,"template":"","format":"standard","meta":{"footnotes":""},"categories":[1,9,8,5],"tags":[],"class_list":["post-2913","post","type-post","status-publish","format-standard","has-post-thumbnail","hentry","category-uncategorized","category-edukacja","category-roznosci","category-wiadomosci"],"_links":{"self":[{"href":"https:\/\/fleschmazowsza.com.pl\/index.php?rest_route=\/wp\/v2\/posts\/2913","targetHints":{"allow":["GET"]}}],"collection":[{"href":"https:\/\/fleschmazowsza.com.pl\/index.php?rest_route=\/wp\/v2\/posts"}],"about":[{"href":"https:\/\/fleschmazowsza.com.pl\/index.php?rest_route=\/wp\/v2\/types\/post"}],"author":[{"embeddable":true,"href":"https:\/\/fleschmazowsza.com.pl\/index.php?rest_route=\/wp\/v2\/users\/2"}],"replies":[{"embeddable":true,"href":"https:\/\/fleschmazowsza.com.pl\/index.php?rest_route=%2Fwp%2Fv2%2Fcomments&post=2913"}],"version-history":[{"count":2,"href":"https:\/\/fleschmazowsza.com.pl\/index.php?rest_route=\/wp\/v2\/posts\/2913\/revisions"}],"predecessor-version":[{"id":2916,"href":"https:\/\/fleschmazowsza.com.pl\/index.php?rest_route=\/wp\/v2\/posts\/2913\/revisions\/2916"}],"wp:featuredmedia":[{"embeddable":true,"href":"https:\/\/fleschmazowsza.com.pl\/index.php?rest_route=\/wp\/v2\/media\/2914"}],"wp:attachment":[{"href":"https:\/\/fleschmazowsza.com.pl\/index.php?rest_route=%2Fwp%2Fv2%2Fmedia&parent=2913"}],"wp:term":[{"taxonomy":"category","embeddable":true,"href":"https:\/\/fleschmazowsza.com.pl\/index.php?rest_route=%2Fwp%2Fv2%2Fcategories&post=2913"},{"taxonomy":"post_tag","embeddable":true,"href":"https:\/\/fleschmazowsza.com.pl\/index.php?rest_route=%2Fwp%2Fv2%2Ftags&post=2913"}],"curies":[{"name":"wp","href":"https:\/\/api.w.org\/{rel}","templated":true}]}}