{"id":2901,"date":"2018-12-07T14:04:13","date_gmt":"2018-12-07T13:04:13","guid":{"rendered":"http:\/\/fleschmazowsza.com.pl\/?p=2901"},"modified":"2018-12-07T14:04:16","modified_gmt":"2018-12-07T13:04:16","slug":"swiateczna-zbiorka-zywnosci","status":"publish","type":"post","link":"https:\/\/fleschmazowsza.com.pl\/?p=2901","title":{"rendered":"\u015awi\u0105teczna zbi\u00f3rka \u017cywno\u015bci"},"content":{"rendered":"\n<p><strong>Jak co roku w grudniu na terenie powiatu pruszkowskiego prowadzone s\u0105 \u015bwi\u0105teczne zbi\u00f3rki \u017cywno\u015bci. Do 19 grudnia harcerze z Hufca Pruszk\u00f3w b\u0119d\u0105 obecni w sklepach,kt\u00f3re zadeklarowa\u0142y wsp\u00f3\u0142udzia\u0142 w akcji.<\/strong><\/p>\n\n\n\n<p>Rozpocz\u0119\u0142a si\u0119 13. edycja pruszkowskiej zbi\u00f3rki \u017cywno\u015bci, kt\u00f3r\u0105 koordynuj\u0105 harcerze z Hufca Pruszk\u00f3w. W akcj\u0119 zaanga\u017cowani s\u0105 opr\u00f3cz harcerzy i instruktor\u00f3w Zwi\u0105zku Harcerstwa Polskiego r\u00f3wnie\u017c zawodnicy i trenerzy Miejskiego Klubu Sportowego ZNICZ, wolontariusze ze szk\u00f3\u0142 oraz pracownicy Miejskiego O\u015brodka Pomocy Spo\u0142ecznej.<\/p>\n\n\n\n<p>W ramach Akcji Charytatywnej \u201eZosta\u0144 \u015bw. Miko\u0142ajem\u201d w dniach 3 \u2013 19 grudnia b\u0119dzie mo\u017cna pom\u00f3c osobom znajduj\u0105cym si\u0119 w trudnej sytuacji \u017cyciowej i materialnej.W sklepach, kt\u00f3re zadeklarowa\u0142y wsp\u00f3\u0142udzia\u0142 w akcji, do przygotowanych koszy b\u0119dzie mo\u017cna sk\u0142ada\u0107 artyku\u0142y spo\u017cywcze.Wolontariusze przyjmowa\u0107 b\u0119d\u0105:<\/p>\n\n\n\n<ul class=\"wp-block-list\"><li>kasze, ry\u017c, makaron;\n\t<\/li><li>s\u0142odycze i bakalie;\n\t<\/li><li>napoje, soki;\n\t<\/li><li>przetwory warzywne i owocowe;\n\t<\/li><li>konserwy mi\u0119sne;\n\t<\/li><li>olej;\n\t<\/li><li>produkty dla dzieci;\n\t<\/li><li>inne produkty d\u0142ugoterminowe.\n<\/li><\/ul>\n\n\n\n<p>Zebrana \u017cywno\u015b\u0107 b\u0119dzie posortowana w magazynie. Wolontariusze przygotuj\u0105 paczki, kt\u00f3re 19 grudnia trafi\u0105 do dom\u00f3w os\u00f3b w trudnej sytuacji \u017cyciowej i materialnej.<\/p>\n\n\n\n<p style=\"text-align:right\"><strong>Kinga Rochalska<\/strong><\/p>\n","protected":false},"excerpt":{"rendered":"<p>Jak co roku w grudniu na terenie powiatu pruszkowskiego prowadzone s\u0105 \u015bwi\u0105teczne zbi\u00f3rki \u017cywno\u015bci. Do 19 grudnia harcerze z Hufca Pruszk\u00f3w b\u0119d\u0105 obecni w sklepach,kt\u00f3re zadeklarowa\u0142y wsp\u00f3\u0142udzia\u0142 w akcji. Rozpocz\u0119\u0142a si\u0119 13. edycja pruszkowskiej zbi\u00f3rki \u017cywno\u015bci, kt\u00f3r\u0105 koordynuj\u0105 harcerze z Hufca Pruszk\u00f3w. W akcj\u0119 zaanga\u017cowani s\u0105 opr\u00f3cz harcerzy i instruktor\u00f3w Zwi\u0105zku Harcerstwa Polskiego r\u00f3wnie\u017c zawodnicy [&hellip;]<\/p>\n","protected":false},"author":2,"featured_media":2902,"comment_status":"closed","ping_status":"open","sticky":false,"template":"","format":"standard","meta":{"footnotes":""},"categories":[8,5],"tags":[],"class_list":["post-2901","post","type-post","status-publish","format-standard","has-post-thumbnail","hentry","category-roznosci","category-wiadomosci"],"_links":{"self":[{"href":"https:\/\/fleschmazowsza.com.pl\/index.php?rest_route=\/wp\/v2\/posts\/2901","targetHints":{"allow":["GET"]}}],"collection":[{"href":"https:\/\/fleschmazowsza.com.pl\/index.php?rest_route=\/wp\/v2\/posts"}],"about":[{"href":"https:\/\/fleschmazowsza.com.pl\/index.php?rest_route=\/wp\/v2\/types\/post"}],"author":[{"embeddable":true,"href":"https:\/\/fleschmazowsza.com.pl\/index.php?rest_route=\/wp\/v2\/users\/2"}],"replies":[{"embeddable":true,"href":"https:\/\/fleschmazowsza.com.pl\/index.php?rest_route=%2Fwp%2Fv2%2Fcomments&post=2901"}],"version-history":[{"count":1,"href":"https:\/\/fleschmazowsza.com.pl\/index.php?rest_route=\/wp\/v2\/posts\/2901\/revisions"}],"predecessor-version":[{"id":2903,"href":"https:\/\/fleschmazowsza.com.pl\/index.php?rest_route=\/wp\/v2\/posts\/2901\/revisions\/2903"}],"wp:featuredmedia":[{"embeddable":true,"href":"https:\/\/fleschmazowsza.com.pl\/index.php?rest_route=\/wp\/v2\/media\/2902"}],"wp:attachment":[{"href":"https:\/\/fleschmazowsza.com.pl\/index.php?rest_route=%2Fwp%2Fv2%2Fmedia&parent=2901"}],"wp:term":[{"taxonomy":"category","embeddable":true,"href":"https:\/\/fleschmazowsza.com.pl\/index.php?rest_route=%2Fwp%2Fv2%2Fcategories&post=2901"},{"taxonomy":"post_tag","embeddable":true,"href":"https:\/\/fleschmazowsza.com.pl\/index.php?rest_route=%2Fwp%2Fv2%2Ftags&post=2901"}],"curies":[{"name":"wp","href":"https:\/\/api.w.org\/{rel}","templated":true}]}}