{"id":2897,"date":"2018-12-07T13:37:14","date_gmt":"2018-12-07T12:37:14","guid":{"rendered":"http:\/\/fleschmazowsza.com.pl\/?p=2897"},"modified":"2018-12-07T13:40:04","modified_gmt":"2018-12-07T12:40:04","slug":"co-dalej-z-galeria-podkowa","status":"publish","type":"post","link":"https:\/\/fleschmazowsza.com.pl\/?p=2897","title":{"rendered":"Co dalej z Galeri\u0105 Podkowa?"},"content":{"rendered":"\n<p><strong>Syndyk sp\u00f3\u0142ki MarcPol zaj\u0105\u0142 konta bankowe centrum handlowego w Podkowie Le\u015bnej. Galerii Podkowa mo\u017ce grozi\u0107 upad\u0142o\u015b\u0107.<\/strong><\/p>\n\n\n\n<p>Galeria Podkowa powsta\u0142a w 2013 roku.Mie\u015bci si\u0119 przy ul. Go\u0142\u0119biej, przy drodze wojew\u00f3dzkiej nr 719. W dwukondygnacyjnym centrum handlowym znajduj\u0105 si\u0119 sklepy m.in.takich marek jak: H&amp;M, Black Red White, Abra, Media Expert i wielu innych, a tak\u017ce punkty gastronomiczne, us\u0142ugowe, rozrywkowe.<\/p>\n\n\n\n<p>Inwestorem Galerii Podkowa by\u0142a firma MarcPol, a jej prezesem \u2013 znany biznesmen Marek Miku\u015bkiewicz. Od 5kwietnia 2016 r. przesta\u0142 on sprawowa\u0107 kontrol\u0119 nad sp\u00f3\u0142k\u0105,natomiast 6 czerwca 2016 r. S\u0105d Rejonowy w Warszawie og\u0142osi\u0142 upad\u0142o\u015b\u0107 sp\u00f3\u0142ki MarcPol. Na tym jednak k\u0142opoty Galerii Podkowa si\u0119 nie sko\u0144czy\u0142y.<\/p>\n\n\n\n<p>Syndyk Marcpolu pr\u00f3buje przed s\u0105dem podwa\u017ca\u0107 transakcje, jakie z podmiotami powi\u0105zanymi zawiera\u0142 by\u0142y prezes sp\u00f3\u0142ki Marek Miku\u015bkiewicz. Istnieje bowiem prawdopodobie\u0144stwo, \u017ce sp\u00f3\u0142ka wyzbywa\u0142a si\u0119 maj\u0105tku poprzez finansowanie inwestycji budowlanych na nieswoich nieruchomo\u015bciach.<\/p>\n\n\n\n<p>\u2013 Sporz\u0105dzi\u0142em zawiadomienie o podejrzeniu pope\u0142nienia przest\u0119pstwa dotycz\u0105ce poniesienia przez Marcpol szkody w wysoko\u015bci 13,85 mln z\u0142 tytu\u0142em nak\u0142ad\u00f3w, jakie zosta\u0142y poniesione przez sp\u00f3\u0142k\u0119 na nieruchomo\u015bci po\u0142o\u017conej w Podkowie Le\u015bnej, na kt\u00f3rej zbudowano centrum handlowe \u2013 informuje Tycjan Saltarski, syndyk Marcpolu.<\/p>\n\n\n\n<p>Jeszcze przed zawiadomieniem prokuratury syndyk z\u0142o\u017cy\u0142 te\u017c pozew s\u0105dowy przeciwko Markowi Miku\u015bkiewiczowi, dw\u00f3m jego by\u0142ym wsp\u00f3\u0142pracownikom oraz sp\u00f3\u0142ce Galeria Podkowa Centra Handlowe PL. Domaga si\u0119 w nim zap\u0142aty 13,85mln z\u0142 z tytu\u0142u szkody wynikaj\u0105cej z braku rozliczenia nak\u0142ad\u00f3w poniesionych przez Marcpol na budow\u0119 centrum handlowego oraz obci\u0105\u017cenia sp\u00f3\u0142ki czynszem za dwa miesi\u0105ce po faktycznym rozwi\u0105zaniu umowy dzier\u017cawy.<\/p>\n\n\n\n<p>Jakie mog\u0105 by\u0107 konsekwencje tej sytuacji? Na wniosek syndyka dzia\u0142ania rozpocz\u0105\u0142 komornik. Zaj\u0105\u0142 on rachunek bankowy, na kt\u00f3ry sp\u0142ywa czynsz od najemc\u00f3w galerii handlowej w Podkowie Le\u015bnej. Ju\u017c wkr\u00f3tce Galeria Podkowa mo\u017ce zatem zosta\u0107 pozbawiona \u015brodk\u00f3w na bie\u017c\u0105ce funkcjonowanie.<\/p>\n\n\n\n<p style=\"text-align:right\"><strong>Kinga Rochalska,<\/strong><em><strong> <\/strong><\/em>Fot.<em><strong> mat. prasowe<\/strong><\/em><\/p>\n","protected":false},"excerpt":{"rendered":"<p>Syndyk sp\u00f3\u0142ki MarcPol zaj\u0105\u0142 konta bankowe centrum handlowego w Podkowie Le\u015bnej. Galerii Podkowa mo\u017ce grozi\u0107 upad\u0142o\u015b\u0107. Galeria Podkowa powsta\u0142a w 2013 roku.Mie\u015bci si\u0119 przy ul. Go\u0142\u0119biej, przy drodze wojew\u00f3dzkiej nr 719. W dwukondygnacyjnym centrum handlowym znajduj\u0105 si\u0119 sklepy m.in.takich marek jak: H&amp;M, Black Red White, Abra, Media Expert i wielu innych, a tak\u017ce punkty gastronomiczne, [&hellip;]<\/p>\n","protected":false},"author":2,"featured_media":2898,"comment_status":"closed","ping_status":"open","sticky":false,"template":"","format":"standard","meta":{"footnotes":""},"categories":[8,5],"tags":[],"class_list":["post-2897","post","type-post","status-publish","format-standard","has-post-thumbnail","hentry","category-roznosci","category-wiadomosci"],"_links":{"self":[{"href":"https:\/\/fleschmazowsza.com.pl\/index.php?rest_route=\/wp\/v2\/posts\/2897","targetHints":{"allow":["GET"]}}],"collection":[{"href":"https:\/\/fleschmazowsza.com.pl\/index.php?rest_route=\/wp\/v2\/posts"}],"about":[{"href":"https:\/\/fleschmazowsza.com.pl\/index.php?rest_route=\/wp\/v2\/types\/post"}],"author":[{"embeddable":true,"href":"https:\/\/fleschmazowsza.com.pl\/index.php?rest_route=\/wp\/v2\/users\/2"}],"replies":[{"embeddable":true,"href":"https:\/\/fleschmazowsza.com.pl\/index.php?rest_route=%2Fwp%2Fv2%2Fcomments&post=2897"}],"version-history":[{"count":2,"href":"https:\/\/fleschmazowsza.com.pl\/index.php?rest_route=\/wp\/v2\/posts\/2897\/revisions"}],"predecessor-version":[{"id":2900,"href":"https:\/\/fleschmazowsza.com.pl\/index.php?rest_route=\/wp\/v2\/posts\/2897\/revisions\/2900"}],"wp:featuredmedia":[{"embeddable":true,"href":"https:\/\/fleschmazowsza.com.pl\/index.php?rest_route=\/wp\/v2\/media\/2898"}],"wp:attachment":[{"href":"https:\/\/fleschmazowsza.com.pl\/index.php?rest_route=%2Fwp%2Fv2%2Fmedia&parent=2897"}],"wp:term":[{"taxonomy":"category","embeddable":true,"href":"https:\/\/fleschmazowsza.com.pl\/index.php?rest_route=%2Fwp%2Fv2%2Fcategories&post=2897"},{"taxonomy":"post_tag","embeddable":true,"href":"https:\/\/fleschmazowsza.com.pl\/index.php?rest_route=%2Fwp%2Fv2%2Ftags&post=2897"}],"curies":[{"name":"wp","href":"https:\/\/api.w.org\/{rel}","templated":true}]}}