{"id":2890,"date":"2018-12-07T13:25:18","date_gmt":"2018-12-07T12:25:18","guid":{"rendered":"http:\/\/fleschmazowsza.com.pl\/?p=2890"},"modified":"2018-12-07T13:40:52","modified_gmt":"2018-12-07T12:40:52","slug":"razem-50-lat","status":"publish","type":"post","link":"https:\/\/fleschmazowsza.com.pl\/?p=2890","title":{"rendered":"Razem 50 lat"},"content":{"rendered":"\n<p><strong>Burmistrz Arkadiusz Kosi\u0144ski wr\u0119czy\u0142 trzynastu parom z terenu gminy Brwin\u00f3w medale przyznane przez Prezydenta RP za 50 lat ma\u0142\u017ce\u0144stwa. <\/strong><\/p>\n\n\n\n<p>Na t\u0119 szczeg\u00f3ln\u0105 uroczysto\u015b\u0107 burmistrz gminy Brwin\u00f3w Arkadiusz Kosi\u0144ski wraz z kierownikiem Urz\u0119du Stanu Cywilnego Miros\u0142aw\u0105 Os\u0119k\u0105 zaprosili ma\u0142\u017ce\u0144stwa z d\u0142ugim sta\u017cem ma\u0142\u017ce\u0144skim. 50 lat razem \u015bwi\u0119towali: Bo\u017cena i Marian Basakowie, Genowefa i Stefan Maliszewscy, Barbara i Stanis\u0142aw Huczkowie, Maria i Stanis\u0142aw Szczechowiczowie, Stanis\u0142awa i Janusz Sabali\u0144scy, Zofia i Wojciech Badziakowie, Ewa i Bohdan M\u0105czewscy, Maria i Leonard Szczygielscy, Joanna i Jerzy Murzynowie, Anna i Stanis\u0142aw Paluchowie, Genowefa i Franciszek Olaskowie, Teresa i Janusz Zieli\u0144scy oraz Bo\u017cena i Wies\u0142aw Matuszewscy.<\/p>\n\n\n\n<p>Burmistrz Arkadiusz Kosi\u0144ski oraz przewodnicz\u0105cy Rady Miejskiej S\u0142awomir Rakowiecki z\u0142o\u017cyli gratulacje i \u017cyczenia na dalsz\u0105 wsp\u00f3ln\u0105 drog\u0119 \u2013 by w otoczeniu kochaj\u0105cej rodziny, dzieci i wnuk\u00f3w mogli do\u017cy\u0107 kolejnych rocznic. Jubilaci otrzymali medale, bukiety kwiat\u00f3w oraz kosze wype\u0142nione s\u0142odyczami. \u015awi\u0119towali w gronie najbli\u017cszej rodziny i przyjaci\u00f3\u0142. Nie zabrak\u0142o szampana i uroczy\u015bcie od\u015bpiewanego \u201eSto lat\u201d, a tak\u017ce tortu z napisem \u201eJubileusz ma\u0142\u017ce\u0144stwa\u201d. Kr\u00f3tki koncert skrzypcowy zaprezentowa\u0142 \u0141ukasz Parcheta.<\/p>\n\n\n\n<p>Pary ma\u0142\u017ce\u0144skie, kt\u00f3re w najbli\u017cszym czasie obchodzi\u0107 b\u0119d\u0105 okr\u0105g\u0142\u0105 50. rocznic\u0119 zawarcia zwi\u0105zku ma\u0142\u017ce\u0144skiego, oraz pary, kt\u00f3re s\u0105 ma\u0142\u017ce\u0144stwem d\u0142u\u017cej ni\u017c 50 lat, a nie otrzyma\u0142y jeszcze medali przyznawanych przez Prezydenta RP, proszone s\u0105 o kontakt z Urz\u0119dem Stanu Cywilnego w Urz\u0119dzie Gminy Brwin\u00f3w pod numerem telefonu 22 738 2561.<\/p>\n\n\n\n<p style=\"text-align:right\">Tekst i foto: <strong>UG Brwin\u00f3w<\/strong><\/p>\n","protected":false},"excerpt":{"rendered":"<p>Burmistrz Arkadiusz Kosi\u0144ski wr\u0119czy\u0142 trzynastu parom z terenu gminy Brwin\u00f3w medale przyznane przez Prezydenta RP za 50 lat ma\u0142\u017ce\u0144stwa. Na t\u0119 szczeg\u00f3ln\u0105 uroczysto\u015b\u0107 burmistrz gminy Brwin\u00f3w Arkadiusz Kosi\u0144ski wraz z kierownikiem Urz\u0119du Stanu Cywilnego Miros\u0142aw\u0105 Os\u0119k\u0105 zaprosili ma\u0142\u017ce\u0144stwa z d\u0142ugim sta\u017cem ma\u0142\u017ce\u0144skim. 50 lat razem \u015bwi\u0119towali: Bo\u017cena i Marian Basakowie, Genowefa i Stefan Maliszewscy, Barbara [&hellip;]<\/p>\n","protected":false},"author":2,"featured_media":2891,"comment_status":"closed","ping_status":"open","sticky":false,"template":"","format":"standard","meta":{"footnotes":""},"categories":[8],"tags":[],"class_list":["post-2890","post","type-post","status-publish","format-standard","has-post-thumbnail","hentry","category-roznosci"],"_links":{"self":[{"href":"https:\/\/fleschmazowsza.com.pl\/index.php?rest_route=\/wp\/v2\/posts\/2890","targetHints":{"allow":["GET"]}}],"collection":[{"href":"https:\/\/fleschmazowsza.com.pl\/index.php?rest_route=\/wp\/v2\/posts"}],"about":[{"href":"https:\/\/fleschmazowsza.com.pl\/index.php?rest_route=\/wp\/v2\/types\/post"}],"author":[{"embeddable":true,"href":"https:\/\/fleschmazowsza.com.pl\/index.php?rest_route=\/wp\/v2\/users\/2"}],"replies":[{"embeddable":true,"href":"https:\/\/fleschmazowsza.com.pl\/index.php?rest_route=%2Fwp%2Fv2%2Fcomments&post=2890"}],"version-history":[{"count":1,"href":"https:\/\/fleschmazowsza.com.pl\/index.php?rest_route=\/wp\/v2\/posts\/2890\/revisions"}],"predecessor-version":[{"id":2892,"href":"https:\/\/fleschmazowsza.com.pl\/index.php?rest_route=\/wp\/v2\/posts\/2890\/revisions\/2892"}],"wp:featuredmedia":[{"embeddable":true,"href":"https:\/\/fleschmazowsza.com.pl\/index.php?rest_route=\/wp\/v2\/media\/2891"}],"wp:attachment":[{"href":"https:\/\/fleschmazowsza.com.pl\/index.php?rest_route=%2Fwp%2Fv2%2Fmedia&parent=2890"}],"wp:term":[{"taxonomy":"category","embeddable":true,"href":"https:\/\/fleschmazowsza.com.pl\/index.php?rest_route=%2Fwp%2Fv2%2Fcategories&post=2890"},{"taxonomy":"post_tag","embeddable":true,"href":"https:\/\/fleschmazowsza.com.pl\/index.php?rest_route=%2Fwp%2Fv2%2Ftags&post=2890"}],"curies":[{"name":"wp","href":"https:\/\/api.w.org\/{rel}","templated":true}]}}