{"id":2865,"date":"2018-11-26T14:25:21","date_gmt":"2018-11-26T13:25:21","guid":{"rendered":"http:\/\/fleschmazowsza.com.pl\/?p=2865"},"modified":"2018-11-26T14:25:21","modified_gmt":"2018-11-26T13:25:21","slug":"glos-mlodego-pokolenia","status":"publish","type":"post","link":"https:\/\/fleschmazowsza.com.pl\/?p=2865","title":{"rendered":"G\u0142os m\u0142odego pokolenia"},"content":{"rendered":"<p><strong>W pi\u0105tek 16 listopada w Mediatece odby\u0142o si\u0119 spotkanie z Ann\u0105 Bellon, m\u0142od\u0105, uzdolnion\u0105 autork\u0105 cyklu trzech powie\u015bci adresowanych do m\u0142odzie\u017cy. Zadebiutowa\u0142a z ogromnym sukcesem na Wattpadzie \u2013 stronie internetowej i aplikacji mobilnej, kt\u00f3ra umo\u017cliwia publikacj\u0119 utwor\u00f3w literackich nieznanym jeszcze autorom. Jej ksi\u0105\u017cki wydane zosta\u0142y w wersji papierowej przez renomowane wydawnictwo Znak.<\/strong><\/p>\n<p>Na spotkanie autorskie przyby\u0142y grodziskie fanki ksi\u0105\u017cek Anny Bellon. Starannie przemy\u015blane pytania do autorki dotyczy\u0142y jej drogi pisarskiej, inspiracji literackich i muzycznych, pomys\u0142\u00f3w na kreacj\u0119 postaci, reakcji na internetowe komentarze do jej powie\u015bci.<\/p>\n<p>Tematem ksi\u0105\u017cek \u201eUratuj mnie\u201d, \u201eNie zapomnij o mnie\u201d i \u201eZaufaj mi\u201d s\u0105 problemy \u017cyciowe i rodzinne m\u0142odych ludzi, ich przyja\u017anie i ich mi\u0142o\u015bci, przedstawione z du\u017c\u0105 wiedz\u0105 psychologiczn\u0105. Internetowe komentarze od czytelnik\u00f3w potwierdzaj\u0105, \u017ce sami borykaj\u0105 si\u0119 z podobnego typu problemami i \u017ce ksi\u0105\u017cki Anny Bellon dobrze odzwierciedlaj\u0105 emocjonaln\u0105 rzeczywisto\u015b\u0107 dzisiejszych nastolatk\u00f3w.<\/p>\n<p>\u0141\u0105cznikiem kolejnych cz\u0119\u015bci cyklu jest tytu\u0142owy zesp\u00f3\u0142 rockowy \u201eThe Last Regret\u201d, za\u0142o\u017cony przez grup\u0119 licealist\u00f3w, motyw muzyki rockowej przewija si\u0119 nieustannie przez wszystkie trzy powie\u015bci. Autorka posiada du\u017c\u0105 wiedz\u0119 muzyczn\u0105 w tym zakresie i sama podkre\u015bla sta\u0142\u0105 obecno\u015b\u0107 muzyki rockowej w swoim \u017cyciu. Podobnie jest z literatur\u0105 \u2013 ksi\u0105\u017cki s\u0105 ca\u0142y czas obecne w \u017cyciu jej bohaterek, podobnie jak w \u017cyciu jej samej.<\/p>\n<p>Anna Bellon studiuje mechanik\u0119 i budow\u0119 maszyn, zapami\u0119tale czyta angielskoj\u0119zyczn\u0105 fantastyk\u0119, s\u0142ucha rocka i pisze powie\u015bci obyczajowe dla polskich nastolatk\u00f3w, dla kt\u00f3rych pierwszymi recenzentami s\u0105 jej przyjaci\u00f3\u0142ki i mama. Czekamy zatem na kolejn\u0105 ksi\u0105\u017ck\u0119 m\u0142odej autorki.<\/p>\n<p style=\"text-align: right;\">Tekst i forto: <strong>(PS)<\/strong><\/p>\n","protected":false},"excerpt":{"rendered":"<p>W pi\u0105tek 16 listopada w Mediatece odby\u0142o si\u0119 spotkanie z Ann\u0105 Bellon, m\u0142od\u0105, uzdolnion\u0105 autork\u0105 cyklu trzech powie\u015bci adresowanych do m\u0142odzie\u017cy. Zadebiutowa\u0142a z ogromnym sukcesem na Wattpadzie \u2013 stronie internetowej i aplikacji mobilnej, kt\u00f3ra umo\u017cliwia publikacj\u0119 utwor\u00f3w literackich nieznanym jeszcze autorom. Jej ksi\u0105\u017cki wydane zosta\u0142y w wersji papierowej przez renomowane wydawnictwo Znak. Na spotkanie autorskie [&hellip;]<\/p>\n","protected":false},"author":2,"featured_media":2866,"comment_status":"closed","ping_status":"open","sticky":false,"template":"","format":"standard","meta":{"footnotes":""},"categories":[6,8,5],"tags":[],"class_list":["post-2865","post","type-post","status-publish","format-standard","has-post-thumbnail","hentry","category-kultura","category-roznosci","category-wiadomosci"],"_links":{"self":[{"href":"https:\/\/fleschmazowsza.com.pl\/index.php?rest_route=\/wp\/v2\/posts\/2865","targetHints":{"allow":["GET"]}}],"collection":[{"href":"https:\/\/fleschmazowsza.com.pl\/index.php?rest_route=\/wp\/v2\/posts"}],"about":[{"href":"https:\/\/fleschmazowsza.com.pl\/index.php?rest_route=\/wp\/v2\/types\/post"}],"author":[{"embeddable":true,"href":"https:\/\/fleschmazowsza.com.pl\/index.php?rest_route=\/wp\/v2\/users\/2"}],"replies":[{"embeddable":true,"href":"https:\/\/fleschmazowsza.com.pl\/index.php?rest_route=%2Fwp%2Fv2%2Fcomments&post=2865"}],"version-history":[{"count":1,"href":"https:\/\/fleschmazowsza.com.pl\/index.php?rest_route=\/wp\/v2\/posts\/2865\/revisions"}],"predecessor-version":[{"id":2867,"href":"https:\/\/fleschmazowsza.com.pl\/index.php?rest_route=\/wp\/v2\/posts\/2865\/revisions\/2867"}],"wp:featuredmedia":[{"embeddable":true,"href":"https:\/\/fleschmazowsza.com.pl\/index.php?rest_route=\/wp\/v2\/media\/2866"}],"wp:attachment":[{"href":"https:\/\/fleschmazowsza.com.pl\/index.php?rest_route=%2Fwp%2Fv2%2Fmedia&parent=2865"}],"wp:term":[{"taxonomy":"category","embeddable":true,"href":"https:\/\/fleschmazowsza.com.pl\/index.php?rest_route=%2Fwp%2Fv2%2Fcategories&post=2865"},{"taxonomy":"post_tag","embeddable":true,"href":"https:\/\/fleschmazowsza.com.pl\/index.php?rest_route=%2Fwp%2Fv2%2Ftags&post=2865"}],"curies":[{"name":"wp","href":"https:\/\/api.w.org\/{rel}","templated":true}]}}