{"id":2859,"date":"2018-11-26T14:11:29","date_gmt":"2018-11-26T13:11:29","guid":{"rendered":"http:\/\/fleschmazowsza.com.pl\/?p=2859"},"modified":"2018-11-26T14:11:29","modified_gmt":"2018-11-26T13:11:29","slug":"opoznienie-przy-budowie-przejsc-podziemnych","status":"publish","type":"post","link":"https:\/\/fleschmazowsza.com.pl\/?p=2859","title":{"rendered":"Op\u00f3\u017anienie przy budowie przej\u015b\u0107 podziemnych"},"content":{"rendered":"<p><strong>Mimo przywr\u00f3cenia ruchu kolejowego na linii Grodzisk Mazowiecki \u2013 Warszawa, nie wszystkie prace zosta\u0142y zako\u0144czone. Op\u00f3\u017anienie widoczne jest przy budowie przej\u015b\u0107 podziemnych pod torami linii 447. PKP PLK S.A. przewiduje, \u017ce zostan\u0105 one oddane do u\u017cytku dopiero w I kwartale 2019 r.<\/strong><\/p>\n<p style=\"text-align: center;\"><strong>Nawet 7-miesi\u0119czny po\u015blizg<\/strong><\/p>\n<p>We wrze\u015bniu otwarto zamkni\u0119t\u0105 przez ponad rok lini\u0119 kolejow\u0105 nr 447. Prace s\u0105 jednak dalekie od uko\u0144czenia. Najwi\u0119kszym problemem dla pasa\u017cer\u00f3w s\u0105 tymczasowe doj\u015bcia na perony oraz uszczuplony rozk\u0142ad jazdy. We W\u0142ochach, Ursusie, Piastowie, Parzniewie, Brwinowie i Milan\u00f3wku uruchomione zosta\u0142y tymczasowe doj\u015bcia do peron\u00f3w w poziomie szyn. W ka\u017cdym z tych miejsc poci\u0105gi zwalniaj\u0105 do 20 km\/h.<\/p>\n<p style=\"text-align: center;\"><strong>Zmiany termin\u00f3w<\/strong><\/p>\n<p>Op\u00f3\u017anienie prac powoduje te\u017c wolniejszy ruch poci\u0105g\u00f3w. Przyczyn\u0105 op\u00f3\u017anie\u0144 s\u0105 zmiany termin\u00f3w oddania do u\u017cytkowania przej\u015b\u0107 podziemnych przy stacji i przystankach, kt\u00f3re wynikaj\u0105 z dodatkowych zakres\u00f3w prac budowlanych, niekiedy zwi\u0105zanych z dodatkow\u0105 procedur\u0105 administracyjn\u0105, m.in. uzgodnieniami z Wojew\u00f3dzkim Konserwatorem Zabytk\u00f3w, czy pozwoleniami na rozbi\u00f3rk\u0119 pozyskiwanymi u Wojewody. Dodatkowo, zmiany wynikaj\u0105 z kolizji z liniami elektroenergetycznymi, kt\u00f3re nie by\u0142y zlokalizowane na mapach projektowych.<\/p>\n<p style=\"text-align: center;\"><strong>Pruszk\u00f3w: najwi\u0119ksze op\u00f3\u017anienia<\/strong><\/p>\n<p>Op\u00f3\u017anienie realizacji poszczeg\u00f3lnych przej\u015b\u0107 podziemnych wynosi od miesi\u0105ca do siedmiu miesi\u0119cy. Jak informuje przedstawiciel PKP PLK S.A., najwi\u0119ksze op\u00f3\u017anienia przy budowie przej\u015bcia podziemnego w Pruszkowie wynikaj\u0105 ze wstrzymania prac na wysoko\u015bci peronu do czasu nasuni\u0119cia nad istniej\u0105ce przej\u015bcie cz\u0119\u015bci zabytkowej wiaty oraz dodatkowych prac projektowych zwi\u0105zanych z ujawnionym w trakcie realizacji kontraktu z\u0142ym stanem cz\u0119\u015bci element\u00f3w przej\u015bcia podziemnego oraz wiaty bocznej.<\/p>\n<p style=\"text-align: center;\"><strong>Zako\u0144czenie remontu w I kwartale 2019 r.<\/strong><\/p>\n<p>&#8211; W Piastowie prace zwi\u0105zane z modernizacj\u0105 przej\u015bcia s\u0105 na etapie wyko\u0144czeniowym. Wykonawca ko\u0144czy uk\u0142adanie kafelk\u00f3w na \u015bcianach i posadzce. Niebawem rozpoczn\u0105 si\u0119 prace przy monta\u017cu o\u015bwietlenia i nag\u0142o\u015bnienia. W Brwinowie wej\u015bcie na peron od strony ul. Rynek jest ju\u017c w fazie wyko\u0144czenia. U\u0142o\u017cono ok\u0142adziny kamienne na schodach. W najbli\u017cszym czasie b\u0119d\u0105 uk\u0142adane p\u0142ytki ceramiczne na \u015bcianach klatki schodowej oraz b\u0119d\u0105 montowane windy. Natomiast w przej\u015bciu w Milan\u00f3wku zako\u0144czono roboty konstrukcyjne z wyj\u0105tkiem zadaszenia nad wyj\u015bciem od strony ul. Krakowskiej. Wyj\u015bcie, jak r\u00f3wnie\u017c zadaszenia wyj\u015bcia na peron musia\u0142o by\u0107 dodatkowo rozebrane z uwagi na z\u0142y stan techniczny. Obecnie projekty odtworzeniowe s\u0105 z\u0142o\u017cone u Wojewody dla pozyskania wymaganych decyzji \u2013 wyja\u015bnia Karol Jakubowski z PKP PLK S.A.\u2013 Przej\u015bcia podziemne zostan\u0105 oddane do u\u017cytku od razu po uzyskaniu wymaganych pozwole\u0144. Zak\u0142adamy, \u017ce b\u0119dzie to w pierwszym kwartale przysz\u0142ego roku \u2013 dodaje przedstawiciel PKP PLK S.A.<\/p>\n<p style=\"text-align: right;\"><strong>Kinga Rochalska<\/strong><\/p>\n","protected":false},"excerpt":{"rendered":"<p>Mimo przywr\u00f3cenia ruchu kolejowego na linii Grodzisk Mazowiecki \u2013 Warszawa, nie wszystkie prace zosta\u0142y zako\u0144czone. Op\u00f3\u017anienie widoczne jest przy budowie przej\u015b\u0107 podziemnych pod torami linii 447. PKP PLK S.A. przewiduje, \u017ce zostan\u0105 one oddane do u\u017cytku dopiero w I kwartale 2019 r. Nawet 7-miesi\u0119czny po\u015blizg We wrze\u015bniu otwarto zamkni\u0119t\u0105 przez ponad rok lini\u0119 kolejow\u0105 nr [&hellip;]<\/p>\n","protected":false},"author":2,"featured_media":2860,"comment_status":"closed","ping_status":"open","sticky":false,"template":"","format":"standard","meta":{"footnotes":""},"categories":[8,5],"tags":[],"class_list":["post-2859","post","type-post","status-publish","format-standard","has-post-thumbnail","hentry","category-roznosci","category-wiadomosci"],"_links":{"self":[{"href":"https:\/\/fleschmazowsza.com.pl\/index.php?rest_route=\/wp\/v2\/posts\/2859","targetHints":{"allow":["GET"]}}],"collection":[{"href":"https:\/\/fleschmazowsza.com.pl\/index.php?rest_route=\/wp\/v2\/posts"}],"about":[{"href":"https:\/\/fleschmazowsza.com.pl\/index.php?rest_route=\/wp\/v2\/types\/post"}],"author":[{"embeddable":true,"href":"https:\/\/fleschmazowsza.com.pl\/index.php?rest_route=\/wp\/v2\/users\/2"}],"replies":[{"embeddable":true,"href":"https:\/\/fleschmazowsza.com.pl\/index.php?rest_route=%2Fwp%2Fv2%2Fcomments&post=2859"}],"version-history":[{"count":1,"href":"https:\/\/fleschmazowsza.com.pl\/index.php?rest_route=\/wp\/v2\/posts\/2859\/revisions"}],"predecessor-version":[{"id":2861,"href":"https:\/\/fleschmazowsza.com.pl\/index.php?rest_route=\/wp\/v2\/posts\/2859\/revisions\/2861"}],"wp:featuredmedia":[{"embeddable":true,"href":"https:\/\/fleschmazowsza.com.pl\/index.php?rest_route=\/wp\/v2\/media\/2860"}],"wp:attachment":[{"href":"https:\/\/fleschmazowsza.com.pl\/index.php?rest_route=%2Fwp%2Fv2%2Fmedia&parent=2859"}],"wp:term":[{"taxonomy":"category","embeddable":true,"href":"https:\/\/fleschmazowsza.com.pl\/index.php?rest_route=%2Fwp%2Fv2%2Fcategories&post=2859"},{"taxonomy":"post_tag","embeddable":true,"href":"https:\/\/fleschmazowsza.com.pl\/index.php?rest_route=%2Fwp%2Fv2%2Ftags&post=2859"}],"curies":[{"name":"wp","href":"https:\/\/api.w.org\/{rel}","templated":true}]}}