{"id":2843,"date":"2018-11-09T12:36:17","date_gmt":"2018-11-09T11:36:17","guid":{"rendered":"http:\/\/fleschmazowsza.com.pl\/?p=2843"},"modified":"2018-11-09T12:36:17","modified_gmt":"2018-11-09T11:36:17","slug":"pruszkow-ognisko-odry-w-jednej-ze-szkol-podstawowych","status":"publish","type":"post","link":"https:\/\/fleschmazowsza.com.pl\/?p=2843","title":{"rendered":"PRUSZK\u00d3W. Ognisko odry w jednej ze szk\u00f3\u0142 podstawowych"},"content":{"rendered":"<p><strong>Na terenie powiatu pruszkowskiego pojawi\u0142o si\u0119 kolejne w kraju ognisko odry. W czwartek zanotowano a\u017c dziesi\u0119\u0107 zachorowa\u0144, a w\u015br\u00f3d nich jest ca\u0142a rodzina.<\/strong><\/p>\n<p>Wojew\u00f3dzka Stacja Sanitarno-Epidemiologiczna podaje, \u017ce ognisko chorobowe rozszerza si\u0119: \u201eLekarze zg\u0142osili do stacji sanitarno-epidemiologicznej w Pruszkowie 10 potwierdzonych zachorowa\u0144 na odr\u0119 w\u015br\u00f3d dzieci jednej ze szk\u00f3\u0142 podstawowych w Pruszkowie i ich rodzin. W tym ognisku znalaz\u0142a si\u0119 ca\u0142a 6-osobowa rodzina. \u017badna z chorych os\u00f3b nie by\u0142a wcze\u015bniej zaszczepiona\u201d \u2013 informuje WSSE.<\/p>\n<p>Wszyscy chorzy to osoby pochodzenia ukrai\u0144skiego. Stacja przekaza\u0142a, \u017ce ognisko epidemiczne rozszerza si\u0119, a Pa\u0144stwowa Inspekcja Sanitarna w Pruszkowie podj\u0119\u0142a dzia\u0142ania zapobiegaj\u0105ce temu. Poza powy\u017cszymi przypadkami zachorowa\u0144 s\u0105 r\u00f3wnie\u017c trzy pojedyncze przypadki zachorowa\u0144 niepotwierdzone i niepowi\u0105zane ze sob\u0105, kt\u00f3re odnotowano w innych miejscowo\u015bciach powiatu pruszkowskiego. Pojedynczy przypadek zachorowania na odr\u0119 odnotowano tak\u017ce w Piastowie. SANEPID sprawdzi\u0142 tak\u017ce sygna\u0142y p\u0142yn\u0105ce z Nadarzyna, gdzie z objawami odry zg\u0142osi\u0142y si\u0119 trzy osoby. W\u015br\u00f3d os\u00f3b, kt\u00f3re zachorowa\u0142y na odr\u0119 jest roczne dziecko, kt\u00f3re nie mo\u017ce by\u0107 zaszczepione. Pierwsz\u0105 szczepionk\u0119 podaje si\u0119 w 13 miesi\u0105cu \u017cycia.<\/p>\n<p>Obecnie trwa dochodzenie epidemiologiczne. Polega ono na zebraniu wywiad\u00f3w i dotarciu do wszystkich os\u00f3b kt\u00f3re mia\u0142y kontakt z chorymi. Uruchomione zosta\u0142y procedury pozyskania informacji na temat dzieci, kt\u00f3re do tej pory nie by\u0142y poddane szczepieniom ochronnym i skierowania ich do lekarza w celu bezp\u0142atnego zaszczepienia przeciwko odrze. Wed\u0142ug informacji z niedzieli 4 listopada spo\u015br\u00f3d 17 przypadk\u00f3w zachorowania lub podejrzenia zachorowania na odr\u0119 dwana\u015bcie os\u00f3b jest ju\u017c zdrowych. Trzy osoby nadal maj\u0105 objawy chorobowe, a dwie kolejne nadal s\u0105 hospitalizowane.<\/p>\n<p>Zast\u0119pca G\u0142\u00f3wnego Inspektora Sanitarnego Izabela Kucharska apeluje do nieszczepionych na odr\u0119 mieszka\u0144c\u00f3w Pruszkowa i os\u00f3b, kt\u00f3re mia\u0142y d\u0142u\u017cszy kontakt (powy\u017cej 1 godz.) z zara\u017conymi o zg\u0142aszanie si\u0119 do najbli\u017cszej stacji sanitarno-epidemiologicznej. Wszyscy b\u0119d\u0105 mogli zosta\u0107 bezp\u0142atnie zaszczepieni. Odra to choroba zaka\u017ana, wywo\u0142ywana przez wirusy. Jej charakterystyczne objawy to gor\u0105czka oraz czerwone plamki, grudki na ciele.<\/p>\n<p>G\u0142\u00f3wny Inspektor Sanitarny informuje: \u201eOdra jest wysoce zara\u017aliw\u0105 chorob\u0105 wirusow\u0105. \u0141atwo przenosi si\u0119 z osoby chorej na osoby nieuodpornione. Cz\u0142owiek jest jedynym rezerwuarem wirusa. Wirus ten przenosi si\u0119 drog\u0105 kropelkow\u0105 (kaszel, kichanie osoby chorej na osoby zdrowe) oraz przez bezpo\u015bredni\u0105 styczno\u015b\u0107 z wydzielin\u0105 z nosa, gard\u0142a lub moczem osoby chorej. Od momentu zaka\u017cenia wirusem odry do wyst\u0105pienia pierwszych objaw\u00f3w choroby mo\u017ce up\u0142yn\u0105\u0107 10-12 dni. (\u2026) <b>Pami\u0119tajmy, szczepienie jest jedyn\u0105 skuteczn\u0105 metod\u0105 pozwalaj\u0105c\u0105 na unikniecie zaka\u017cenia <\/b>\u2013 apeluje GIS.\u201d<\/p>\n<p>Sanepid poinformowa\u0142 tak\u017ce, \u017ce przed wprowadzeniem szczepie\u0144 przeciw odrze w dzieci\u0144stwie chorowa\u0142a prawie ka\u017cda osoba. Epidemie wyst\u0119powa\u0142y co 2-3 lata. Obecnie w Europie odnotowany zosta\u0142 wzrost liczby zachorowa\u0144, w tym r\u00f3wnie\u017c zgony. Wi\u0119kszo\u015b\u0107 chorych nie by\u0142a zaszczepiona. W Polsce zgodnie z Programem Szczepie\u0144 Ochronnych szczepienie przeciw odrze nale\u017cy do grupy szczepie\u0144 obowi\u0105zkowych. Ka\u017cdego roku w naszym kraju wyst\u0119puje od 60 do 130 zachorowa\u0144. W tym roku zachorowa\u0142o ju\u017c 120 os\u00f3b!<\/p>\n<p style=\"text-align: right;\"><strong>(mg)<\/strong><\/p>\n","protected":false},"excerpt":{"rendered":"<p>Na terenie powiatu pruszkowskiego pojawi\u0142o si\u0119 kolejne w kraju ognisko odry. W czwartek zanotowano a\u017c dziesi\u0119\u0107 zachorowa\u0144, a w\u015br\u00f3d nich jest ca\u0142a rodzina. Wojew\u00f3dzka Stacja Sanitarno-Epidemiologiczna podaje, \u017ce ognisko chorobowe rozszerza si\u0119: \u201eLekarze zg\u0142osili do stacji sanitarno-epidemiologicznej w Pruszkowie 10 potwierdzonych zachorowa\u0144 na odr\u0119 w\u015br\u00f3d dzieci jednej ze szk\u00f3\u0142 podstawowych w Pruszkowie i ich rodzin. [&hellip;]<\/p>\n","protected":false},"author":2,"featured_media":0,"comment_status":"closed","ping_status":"open","sticky":false,"template":"","format":"standard","meta":{"footnotes":""},"categories":[9,8,5],"tags":[],"class_list":["post-2843","post","type-post","status-publish","format-standard","hentry","category-edukacja","category-roznosci","category-wiadomosci"],"_links":{"self":[{"href":"https:\/\/fleschmazowsza.com.pl\/index.php?rest_route=\/wp\/v2\/posts\/2843","targetHints":{"allow":["GET"]}}],"collection":[{"href":"https:\/\/fleschmazowsza.com.pl\/index.php?rest_route=\/wp\/v2\/posts"}],"about":[{"href":"https:\/\/fleschmazowsza.com.pl\/index.php?rest_route=\/wp\/v2\/types\/post"}],"author":[{"embeddable":true,"href":"https:\/\/fleschmazowsza.com.pl\/index.php?rest_route=\/wp\/v2\/users\/2"}],"replies":[{"embeddable":true,"href":"https:\/\/fleschmazowsza.com.pl\/index.php?rest_route=%2Fwp%2Fv2%2Fcomments&post=2843"}],"version-history":[{"count":3,"href":"https:\/\/fleschmazowsza.com.pl\/index.php?rest_route=\/wp\/v2\/posts\/2843\/revisions"}],"predecessor-version":[{"id":2846,"href":"https:\/\/fleschmazowsza.com.pl\/index.php?rest_route=\/wp\/v2\/posts\/2843\/revisions\/2846"}],"wp:attachment":[{"href":"https:\/\/fleschmazowsza.com.pl\/index.php?rest_route=%2Fwp%2Fv2%2Fmedia&parent=2843"}],"wp:term":[{"taxonomy":"category","embeddable":true,"href":"https:\/\/fleschmazowsza.com.pl\/index.php?rest_route=%2Fwp%2Fv2%2Fcategories&post=2843"},{"taxonomy":"post_tag","embeddable":true,"href":"https:\/\/fleschmazowsza.com.pl\/index.php?rest_route=%2Fwp%2Fv2%2Ftags&post=2843"}],"curies":[{"name":"wp","href":"https:\/\/api.w.org\/{rel}","templated":true}]}}