{"id":2840,"date":"2018-11-09T12:18:59","date_gmt":"2018-11-09T11:18:59","guid":{"rendered":"http:\/\/fleschmazowsza.com.pl\/?p=2840"},"modified":"2018-11-09T12:18:59","modified_gmt":"2018-11-09T11:18:59","slug":"koncertowa-mediateka-koncert-w-stylu-lat-70-tych","status":"publish","type":"post","link":"https:\/\/fleschmazowsza.com.pl\/?p=2840","title":{"rendered":"Koncertowa Mediateka \u2013 koncert w stylu lat 70-tych"},"content":{"rendered":"<p><strong>W niedzielne popo\u0142udnie 4 listopada w grodziskiej Mediatece odby\u0142 si\u0119 koncert Anny \u017bebrowskiej zatytu\u0142owany \u201eTyle S\u0142o\u0144ca\u201d. S\u0142uchacze niezwykle licznie przybyli na wydarzenie, sala by\u0142a zape\u0142niona, w znacznej mierze przez senior\u00f3w.<\/strong><\/p>\n<p>Repertuar obejmowa\u0142 w wi\u0119kszo\u015bci piosenki dw\u00f3ch znanych wokalistek, kt\u00f3rych okres \u015bwietno\u015bci przypada na pi\u0119kne lata 70-te: Anny Jantar i Ireny Jarockiej. Anna \u017bebrowska, odtw\u00f3rczyni ich popularnych przeboj\u00f3w, wspomnia\u0142a o swojej s\u0142abo\u015bci do piosenek z tego okresu, ze wzgl\u0119du na ich szczeg\u00f3ln\u0105 melodyjno\u015b\u0107 i pi\u0119kno tekst\u00f3w.<br \/>\nM\u0142oda i pi\u0119kna wokalistka, obdarzona wyj\u0105tkowo mi\u0142ym dla ucha g\u0142osem i ubrana we wspania\u0142\u0105 sukni\u0119 przypominaj\u0105c\u0105 te z lat 70-tych, ka\u017cd\u0105 z piosenek opatrzy\u0142a stosownym, czasem humorystycznym komentarzem. Zabrzmia\u0142y takie przeboje, jak \u201eMotylem jestem\u201d, \u201eJambalaya\u201d, \u201ePrzeta\u0144czy\u0107 z Tob\u0105 chc\u0119 ca\u0142\u0105 noc\u201d, \u201eNiech ta\u0144cz\u0105 nasze serca\u201d, \u201eStaruszek \u015bwiat\u201d \u201eKawiarenki\u201d czy \u201eTyle s\u0142o\u0144ca w ca\u0142ym mie\u015bcie\u201d. Wykonane zosta\u0142y w ich oryginalnej stylistyce, w dok\u0142adnie niemal takim brzmieniu, w jakim je pami\u0119tamy sprzed lat. S\u0105dz\u0105c po emocjonalnej rekcji s\u0142uchaczy taki \u201eklasyczny\u201d styl wykonania doskonale trafi\u0142 w ich gust.<br \/>\nWroc\u0142awska wokalistka, kt\u00f3ra tak sympatycznie zago\u015bci\u0142a na grodziskiej scenie, repertuar lat 70-tych urozmaici\u0142a r\u00f3wnie\u017c o wsp\u00f3\u0142czesne, w\u0142asne utwory, o bardziej poetyckim charakterze. Koncert jako ca\u0142o\u015b\u0107 by\u0142 niezwykle udany, mo\u017cna \u015bmia\u0142o powiedzie\u0107, \u017ce \u201eroz\u015bwietli\u0142\u201d niedzielne popo\u0142udnie.<\/p>\n<p style=\"text-align: right;\">Tekst i foto: <strong>(PS)<\/strong><\/p>\n","protected":false},"excerpt":{"rendered":"<p>W niedzielne popo\u0142udnie 4 listopada w grodziskiej Mediatece odby\u0142 si\u0119 koncert Anny \u017bebrowskiej zatytu\u0142owany \u201eTyle S\u0142o\u0144ca\u201d. S\u0142uchacze niezwykle licznie przybyli na wydarzenie, sala by\u0142a zape\u0142niona, w znacznej mierze przez senior\u00f3w. Repertuar obejmowa\u0142 w wi\u0119kszo\u015bci piosenki dw\u00f3ch znanych wokalistek, kt\u00f3rych okres \u015bwietno\u015bci przypada na pi\u0119kne lata 70-te: Anny Jantar i Ireny Jarockiej. Anna \u017bebrowska, odtw\u00f3rczyni ich [&hellip;]<\/p>\n","protected":false},"author":2,"featured_media":2841,"comment_status":"closed","ping_status":"open","sticky":false,"template":"","format":"standard","meta":{"footnotes":""},"categories":[6,8,5],"tags":[],"class_list":["post-2840","post","type-post","status-publish","format-standard","has-post-thumbnail","hentry","category-kultura","category-roznosci","category-wiadomosci"],"_links":{"self":[{"href":"https:\/\/fleschmazowsza.com.pl\/index.php?rest_route=\/wp\/v2\/posts\/2840","targetHints":{"allow":["GET"]}}],"collection":[{"href":"https:\/\/fleschmazowsza.com.pl\/index.php?rest_route=\/wp\/v2\/posts"}],"about":[{"href":"https:\/\/fleschmazowsza.com.pl\/index.php?rest_route=\/wp\/v2\/types\/post"}],"author":[{"embeddable":true,"href":"https:\/\/fleschmazowsza.com.pl\/index.php?rest_route=\/wp\/v2\/users\/2"}],"replies":[{"embeddable":true,"href":"https:\/\/fleschmazowsza.com.pl\/index.php?rest_route=%2Fwp%2Fv2%2Fcomments&post=2840"}],"version-history":[{"count":1,"href":"https:\/\/fleschmazowsza.com.pl\/index.php?rest_route=\/wp\/v2\/posts\/2840\/revisions"}],"predecessor-version":[{"id":2842,"href":"https:\/\/fleschmazowsza.com.pl\/index.php?rest_route=\/wp\/v2\/posts\/2840\/revisions\/2842"}],"wp:featuredmedia":[{"embeddable":true,"href":"https:\/\/fleschmazowsza.com.pl\/index.php?rest_route=\/wp\/v2\/media\/2841"}],"wp:attachment":[{"href":"https:\/\/fleschmazowsza.com.pl\/index.php?rest_route=%2Fwp%2Fv2%2Fmedia&parent=2840"}],"wp:term":[{"taxonomy":"category","embeddable":true,"href":"https:\/\/fleschmazowsza.com.pl\/index.php?rest_route=%2Fwp%2Fv2%2Fcategories&post=2840"},{"taxonomy":"post_tag","embeddable":true,"href":"https:\/\/fleschmazowsza.com.pl\/index.php?rest_route=%2Fwp%2Fv2%2Ftags&post=2840"}],"curies":[{"name":"wp","href":"https:\/\/api.w.org\/{rel}","templated":true}]}}