{"id":282,"date":"2016-11-17T13:39:38","date_gmt":"2016-11-17T12:39:38","guid":{"rendered":"http:\/\/fleschmazowsza.com.pl\/?p=282"},"modified":"2016-11-17T13:39:38","modified_gmt":"2016-11-17T12:39:38","slug":"koncert-michala-bajora","status":"publish","type":"post","link":"https:\/\/fleschmazowsza.com.pl\/?p=282","title":{"rendered":"Koncert Micha\u0142a Bajora"},"content":{"rendered":"<p><strong>Miejski O\u015brodek Kultury im. A. Kami\u0144skiego ul. Miry Zimi\u0144skiej \u2013 Sygiety\u0144skiej 5 w Pruszkowie zaprasza na Koncert Micha\u0142a Bajora \u201eMoja Mi\u0142o\u015b\u0107\u201d z akompaniamentem Wojciech Borkowski.<\/strong><\/p>\n<p><strong>Micha\u0142 Bajor<\/strong> \u2013 od najm\u0142odszych lat mieszka\u0142 w Opolu, dorasta\u0142 w atmosferze festiwali i teatru. Czaruje nas i wzrusza swoim \u015bpiewem ju\u017c od ponad 40 lat, jak nikt inny \u0142\u0105cz\u0105c oryginalny styl z najwy\u017csz\u0105 jako\u015bci\u0105.\u00a0\u201eMoja mi\u0142o\u015b\u0107\u201d to 19 p\u0142yta w jego dyskografii i zarazem trzecie spotkanie mistrza interpretacji z mistrzem s\u0142owa \u2013 Wojciechem M\u0142ynarskim.<\/p>\n<p><strong>Wojciech Borkowski<\/strong> \u2013 pianista, aran\u017cer i kompozytor. Absolwentem Pa\u0144stwowej Wy\u017cszej Szko\u0142y Muzycznej im. Fryderyka Chopina w Warszawie. Od 15 lat piastuje stanowisko kierownika muzycznego warszawskiego Teatru Ateneum.<\/p>\n<p><strong>Wst\u0119p wolny! Ilo\u015b\u0107 miejsc ograniczona.<\/strong><\/p>\n<p>Zapraszamy w pi\u0105tek 25 listopada 2016 roku o godzina:18:00:<\/p>\n<p style=\"text-align: right;\">Organizator: MOK\u00a0 \u201eKamyk\u201d w Pruszkowie<\/p>\n<p style=\"text-align: right;\">tel.: (22) 728 39 40, 42, 44<\/p>\n<p style=\"text-align: right;\"><strong>www.mok-kamyk.pl<\/strong><\/p>\n","protected":false},"excerpt":{"rendered":"<p>Miejski O\u015brodek Kultury im. A. Kami\u0144skiego ul. Miry Zimi\u0144skiej \u2013 Sygiety\u0144skiej 5 w Pruszkowie zaprasza na Koncert Micha\u0142a Bajora \u201eMoja Mi\u0142o\u015b\u0107\u201d z akompaniamentem Wojciech Borkowski. Micha\u0142 Bajor \u2013 od najm\u0142odszych lat mieszka\u0142 w Opolu, dorasta\u0142 w atmosferze festiwali i teatru. Czaruje nas i wzrusza swoim \u015bpiewem ju\u017c od ponad 40 lat, jak nikt inny \u0142\u0105cz\u0105c [&hellip;]<\/p>\n","protected":false},"author":2,"featured_media":283,"comment_status":"closed","ping_status":"open","sticky":false,"template":"","format":"standard","meta":{"footnotes":""},"categories":[6],"tags":[],"class_list":["post-282","post","type-post","status-publish","format-standard","has-post-thumbnail","hentry","category-kultura"],"_links":{"self":[{"href":"https:\/\/fleschmazowsza.com.pl\/index.php?rest_route=\/wp\/v2\/posts\/282","targetHints":{"allow":["GET"]}}],"collection":[{"href":"https:\/\/fleschmazowsza.com.pl\/index.php?rest_route=\/wp\/v2\/posts"}],"about":[{"href":"https:\/\/fleschmazowsza.com.pl\/index.php?rest_route=\/wp\/v2\/types\/post"}],"author":[{"embeddable":true,"href":"https:\/\/fleschmazowsza.com.pl\/index.php?rest_route=\/wp\/v2\/users\/2"}],"replies":[{"embeddable":true,"href":"https:\/\/fleschmazowsza.com.pl\/index.php?rest_route=%2Fwp%2Fv2%2Fcomments&post=282"}],"version-history":[{"count":1,"href":"https:\/\/fleschmazowsza.com.pl\/index.php?rest_route=\/wp\/v2\/posts\/282\/revisions"}],"predecessor-version":[{"id":284,"href":"https:\/\/fleschmazowsza.com.pl\/index.php?rest_route=\/wp\/v2\/posts\/282\/revisions\/284"}],"wp:featuredmedia":[{"embeddable":true,"href":"https:\/\/fleschmazowsza.com.pl\/index.php?rest_route=\/wp\/v2\/media\/283"}],"wp:attachment":[{"href":"https:\/\/fleschmazowsza.com.pl\/index.php?rest_route=%2Fwp%2Fv2%2Fmedia&parent=282"}],"wp:term":[{"taxonomy":"category","embeddable":true,"href":"https:\/\/fleschmazowsza.com.pl\/index.php?rest_route=%2Fwp%2Fv2%2Fcategories&post=282"},{"taxonomy":"post_tag","embeddable":true,"href":"https:\/\/fleschmazowsza.com.pl\/index.php?rest_route=%2Fwp%2Fv2%2Ftags&post=282"}],"curies":[{"name":"wp","href":"https:\/\/api.w.org\/{rel}","templated":true}]}}