{"id":2819,"date":"2018-10-26T10:49:30","date_gmt":"2018-10-26T09:49:30","guid":{"rendered":"http:\/\/fleschmazowsza.com.pl\/?p=2819"},"modified":"2018-10-26T10:49:30","modified_gmt":"2018-10-26T09:49:30","slug":"lawka-niepodleglosci-dla-samorzadow","status":"publish","type":"post","link":"https:\/\/fleschmazowsza.com.pl\/?p=2819","title":{"rendered":"\u0141awka Niepodleg\u0142o\u015bci dla samorz\u0105d\u00f3w"},"content":{"rendered":"<p>Pod takim has\u0142em MON og\u0142osi\u0142o konkurs na realizacj\u0119 projektu budowy pomnikowych \u0142awek. Jeszcze w tym roku w 143 lokalizacjach w ca\u0142ej Polsce pojawi\u0105 si\u0119 multimedialne \u0141awki Niepodleg\u0142o\u015bci, kt\u00f3rych postawienie dofinansuje Ministerstwo Obrony Narodowej.<\/p>\n<p>Do resortu obrony narodowej trafi\u0142o 262 ofert od jednostek samorz\u0105du terytorialnego, kt\u00f3re przekonywa\u0142y, \u017ce to ich lokalizacja b\u0119dzie najlepszym miejsce na postawienie jednej z \u0141awek Niepodleg\u0142o\u015bci. Ostatecznie dotacje na budow\u0119 \u0142awki otrzyma 136 samorz\u0105d\u00f3w.<\/p>\n<p>\u0141awka Niepodleg\u0142o\u015bci ma uczci\u0107 pami\u0119\u0107 polskich patriot\u00f3w, dow\u00f3dc\u00f3w i \u017co\u0142nierzy. \u0141awki pojawi\u0105 si\u0119 w miejscach najcz\u0119\u015bciej odwiedzanych przez mieszka\u0144c\u00f3w, na rynkach, w parkach i w miejscach pami\u0119ci historycznej.<\/p>\n<p>&#8211; <i>Siedz\u0105c na \u0142awce, ka\u017cdy b\u0119dzie m\u00f3g\u0142 zapozna\u0107 si\u0119 z najwa\u017cniejszymi wydarzeniami, kt\u00f3re doprowadzi\u0142y do odzyskania przez Polsk\u0119 niepodleg\u0142o\u015bci. \u0141awki b\u0119d\u0105 r\u00f3wnie\u017c propagowa\u0142y histori\u0119 poszczeg\u00f3lnych region\u00f3w naszego kraju \u2013 dzi\u0119ki nim b\u0119dzie mo\u017cna ods\u0142ucha\u0107 Marsz Pierwszej Brygady, przem\u00f3wienia Marsza\u0142ka Pi\u0142sudskiego i inne nagrania. Du\u017cy nacisk postawiono na nowoczesno\u015b\u0107 \u2013 pomniki b\u0119d\u0105 posiada\u0107 fotokody QR, kt\u00f3re umo\u017cliwi\u0105 \u015bci\u0105gni\u0119cie materia\u0142\u00f3w historycznych oraz u\u0142atwienia, takie jak \u0142adowarki urz\u0105dze\u0144 mobilnych oraz hot-spot WiFi. Projekt \u0141awki pozwala na monta\u017c jednego, dw\u00f3ch lub wi\u0119kszej liczby siedzisk. \u0141awka b\u0119dzie pod\u015bwietlana systemem LED<\/i> &#8211; informuje MON.<\/p>\n<p>Ka\u017cda z \u0142awek b\u0119dzie wykonana wed\u0142ug projektu Marty Rosiak z Warszawy. To jej praca wygra\u0142a konkurs. B\u0119dzie to bia\u0142a, prosta \u0142awka, przypominaj\u0105ca czyst\u0105 kartk\u0119 papieru, na kt\u00f3rej widnieje kopia zapisanego przez marsza\u0142ka Pi\u0142sudskiego s\u0142owa <a href=\"http:\/\/www.polska-zbrojna.pl\/home\/articleshow\/25725?t=Lawka-ktora-laczy-tradycje-z-nowoczesnoscia\" target=\"_blank\" rel=\"noopener\"><span style=\"color: #000080;\"><span lang=\"zxx\"><u>\u201eNiepodleg\u0142a\u201d<\/u><\/span><\/span><\/a>.<\/p>\n<p>\u0141awki b\u0119d\u0105 multimedialne, a siedz\u0105cy na niej b\u0119d\u0105 mogli wys\u0142ucha\u0107 na przyk\u0142ad fragment\u00f3w Pie\u015bni Reprezentacyjnej Wojska Polskiego czy Depeszy J\u00f3zefa Pi\u0142sudskiego notyfikuj\u0105cej powstanie niepodleg\u0142ego Pa\u0144stwa Polskiego z 16 listopada 1918 roku. Nie zabraknie te\u017c nagra\u0144 dotycz\u0105cych walk, jakie rozgrywa\u0142y si\u0119 w poszczeg\u00f3lnych regionach Polski (Szlak Legionowy, Szlak Hallerowski, Szlak Powstania Wielkopolskiego, Szlak Powsta\u0144 \u015al\u0105skich, Szlak Wojny 1920, Polskie Drogi do Niepodleg\u0142o\u015bci, Szlak bia\u0142o-czerwonej szachownicy). Jeden, wybrany przez samorz\u0105d materia\u0142 nagraniowy b\u0119dzie opowiada\u0142 o lokalnych wydarzeniach zwi\u0105zanych z odzyskaniem niepodleg\u0142o\u015bci.<\/p>\n<p>\u0141awki w oryginalny spos\u00f3b maj\u0105 \u0142\u0105czy\u0107 histori\u0119 z nowoczesno\u015bci\u0105.<\/p>\n<p>\u2013 \u0141awki Niepodleg\u0142o\u015bci to nasz spos\u00f3b, by wsp\u00f3lnie uczci\u0107 pami\u0119\u0107 patriot\u00f3w, dow\u00f3dc\u00f3w i \u017co\u0142nierzy. Ogromna liczba zg\u0142osze\u0144 samorz\u0105d\u00f3w jest dowodem mi\u0142o\u015bci do Polski, przywi\u0105zania do tradycji i szacunku dla wojska \u2013 podkre\u015bla dyrektor Agnieszka Glapiak, przewodnicz\u0105ca komisji konkursowej.<\/p>\n<p>Maksymalny koszt dotacji dla samorz\u0105du na budow\u0119 \u0142awki z bud\u017cetu MON to kwota 30 tys. z\u0142.<\/p>\n<p>Tak\u0105 dotacj\u0119 w naszym regionie otrzyma\u0142y: powiat pruszkowski, gmina Milan\u00f3wek, miasto \u017byrard\u00f3w, gmina Lesznowola, gmina Bielany. Powiat warszawski \u2013 zachodni otrzyma dofinansowanie w kwocie 25 tys. z\u0142.<\/p>\n<p>Jak nas poinformowa\u0142 Zesp\u00f3\u0142 ds. Komunikacji Spo\u0142ecznej Urz\u0119du Miasta Milan\u00f3wka: multimedialna \u0142awka niepodleg\u0142o\u015bci zostanie wybudowana do ko\u0144ca bie\u017c\u0105cego roku na placu im. S. Starzy\u0144skiego przy ul. Ko\u015bciuszki w Milan\u00f3wku.<\/p>\n<p style=\"text-align: right;\">Oprac. <strong>(mg)<\/strong><\/p>\n<p style=\"text-align: right;\">fot. <strong><em>Ministerstwo Obrony Narodowej<\/em><\/strong><\/p>\n","protected":false},"excerpt":{"rendered":"<p>Pod takim has\u0142em MON og\u0142osi\u0142o konkurs na realizacj\u0119 projektu budowy pomnikowych \u0142awek. Jeszcze w tym roku w 143 lokalizacjach w ca\u0142ej Polsce pojawi\u0105 si\u0119 multimedialne \u0141awki Niepodleg\u0142o\u015bci, kt\u00f3rych postawienie dofinansuje Ministerstwo Obrony Narodowej. Do resortu obrony narodowej trafi\u0142o 262 ofert od jednostek samorz\u0105du terytorialnego, kt\u00f3re przekonywa\u0142y, \u017ce to ich lokalizacja b\u0119dzie najlepszym miejsce na postawienie [&hellip;]<\/p>\n","protected":false},"author":2,"featured_media":2820,"comment_status":"closed","ping_status":"open","sticky":false,"template":"","format":"standard","meta":{"footnotes":""},"categories":[9,6,8,5],"tags":[],"class_list":["post-2819","post","type-post","status-publish","format-standard","has-post-thumbnail","hentry","category-edukacja","category-kultura","category-roznosci","category-wiadomosci"],"_links":{"self":[{"href":"https:\/\/fleschmazowsza.com.pl\/index.php?rest_route=\/wp\/v2\/posts\/2819","targetHints":{"allow":["GET"]}}],"collection":[{"href":"https:\/\/fleschmazowsza.com.pl\/index.php?rest_route=\/wp\/v2\/posts"}],"about":[{"href":"https:\/\/fleschmazowsza.com.pl\/index.php?rest_route=\/wp\/v2\/types\/post"}],"author":[{"embeddable":true,"href":"https:\/\/fleschmazowsza.com.pl\/index.php?rest_route=\/wp\/v2\/users\/2"}],"replies":[{"embeddable":true,"href":"https:\/\/fleschmazowsza.com.pl\/index.php?rest_route=%2Fwp%2Fv2%2Fcomments&post=2819"}],"version-history":[{"count":1,"href":"https:\/\/fleschmazowsza.com.pl\/index.php?rest_route=\/wp\/v2\/posts\/2819\/revisions"}],"predecessor-version":[{"id":2821,"href":"https:\/\/fleschmazowsza.com.pl\/index.php?rest_route=\/wp\/v2\/posts\/2819\/revisions\/2821"}],"wp:featuredmedia":[{"embeddable":true,"href":"https:\/\/fleschmazowsza.com.pl\/index.php?rest_route=\/wp\/v2\/media\/2820"}],"wp:attachment":[{"href":"https:\/\/fleschmazowsza.com.pl\/index.php?rest_route=%2Fwp%2Fv2%2Fmedia&parent=2819"}],"wp:term":[{"taxonomy":"category","embeddable":true,"href":"https:\/\/fleschmazowsza.com.pl\/index.php?rest_route=%2Fwp%2Fv2%2Fcategories&post=2819"},{"taxonomy":"post_tag","embeddable":true,"href":"https:\/\/fleschmazowsza.com.pl\/index.php?rest_route=%2Fwp%2Fv2%2Ftags&post=2819"}],"curies":[{"name":"wp","href":"https:\/\/api.w.org\/{rel}","templated":true}]}}