{"id":2795,"date":"2018-10-12T14:17:13","date_gmt":"2018-10-12T13:17:13","guid":{"rendered":"http:\/\/fleschmazowsza.com.pl\/?p=2795"},"modified":"2018-10-12T14:17:13","modified_gmt":"2018-10-12T13:17:13","slug":"wielkie-otwarcie-mediateki","status":"publish","type":"post","link":"https:\/\/fleschmazowsza.com.pl\/?p=2795","title":{"rendered":"Wielkie otwarcie Mediateki!"},"content":{"rendered":"<p><strong><div id=\"envira-gallery-wrap-2796\" class=\"envira-gallery-wrap envira-gallery-theme-base envira-lightbox-theme-base\" itemscope itemtype=\"https:\/\/schema.org\/ImageGallery\"><div data-row-height=\"150\" data-gallery-theme=\"normal\" id=\"envira-gallery-2796\" class=\"envira-gallery-public envira-gallery-justified-public envira-gallery-0-columns envira-clear enviratope envira-gallery-css-animations\" data-envira-columns=\"0\"><div id=\"envira-gallery-item-2797\" class=\"envira-gallery-item enviratope-item envira-gallery-item-1 envira-lazy-load\" style=\"padding-left: 5px; padding-bottom: 10px; padding-right: 5px;\"  itemscope itemtype=\"https:\/\/schema.org\/ImageObject\"><div class=\"envira-gallery-item-inner\"><div class=\"envira-gallery-position-overlay  envira-gallery-top-left\"><\/div><div class=\"envira-gallery-position-overlay  envira-gallery-top-right\"><\/div><div class=\"envira-gallery-position-overlay  envira-gallery-bottom-left\"><\/div><div class=\"envira-gallery-position-overlay  envira-gallery-bottom-right\"><\/div><a href=\"http:\/\/fleschmazowsza.com.pl\/wp-content\/uploads\/2018\/10\/www_1607250.jpg\" class=\"envira-gallery-2796 envira-gallery-link\" rel=\"enviragallery2796\" title=\"www_160725(0)\" data-envira-caption=\"www_160725(0)\" data-envira-retina=\"\" data-thumbnail=\"\"  itemprop=\"contentUrl\"><img decoding=\"async\" id=\"envira-gallery-image-2797\" class=\"envira-gallery-image envira-gallery-image-1 envira-normal envira-lazy\" data-envira-index=\"1\" src=\"https:\/\/fleschmazowsza.com.pl\/wp-content\/uploads\/2018\/10\/www_1607250-640x480.jpg\" data-envira-src=\"https:\/\/fleschmazowsza.com.pl\/wp-content\/uploads\/2018\/10\/www_1607250-640x480.jpg\" data-envira-gallery-id=\"2796\" data-envira-item-id=\"2797\" data-envira-caption=\"www_160725(0)\" alt=\"\" title=\"www_160725(0)\"  itemprop=\"thumbnailUrl\" data-envira-srcset=\"https:\/\/fleschmazowsza.com.pl\/wp-content\/uploads\/2018\/10\/www_1607250-640x480.jpg 400w,https:\/\/fleschmazowsza.com.pl\/wp-content\/uploads\/2018\/10\/www_1607250-640x480.jpg 2x\" data-envira-width=\"300\" data-envira-height=\"182\" srcset=\"data:image\/gif;base64,R0lGODlhAQABAIAAAP\/\/\/\/\/\/\/yH5BAEKAAEALAAAAAABAAEAAAICTAEAOw==\" data-safe-src=\"data:image\/gif;base64,R0lGODlhAQABAIAAAP\/\/\/\/\/\/\/yH5BAEKAAEALAAAAAABAAEAAAICTAEAOw==\" \/><\/a><\/div><\/div><div id=\"envira-gallery-item-2799\" class=\"envira-gallery-item enviratope-item envira-gallery-item-2 envira-lazy-load\" style=\"padding-left: 5px; padding-bottom: 10px; padding-right: 5px;\"  itemscope itemtype=\"https:\/\/schema.org\/ImageObject\"><div class=\"envira-gallery-item-inner\"><div class=\"envira-gallery-position-overlay  envira-gallery-top-left\"><\/div><div class=\"envira-gallery-position-overlay  envira-gallery-top-right\"><\/div><div class=\"envira-gallery-position-overlay  envira-gallery-bottom-left\"><\/div><div class=\"envira-gallery-position-overlay  envira-gallery-bottom-right\"><\/div><a href=\"http:\/\/fleschmazowsza.com.pl\/wp-content\/uploads\/2018\/10\/www_ParterSenior\u00f3w2.jpg\" class=\"envira-gallery-2796 envira-gallery-link\" rel=\"enviragallery2796\" title=\"www_ParterSenior&oacute;w2\" data-envira-caption=\"www_ParterSenior&oacute;w2\" data-envira-retina=\"\" data-thumbnail=\"\"  itemprop=\"contentUrl\"><img decoding=\"async\" id=\"envira-gallery-image-2799\" class=\"envira-gallery-image envira-gallery-image-2 envira-normal envira-lazy\" data-envira-index=\"2\" src=\"https:\/\/fleschmazowsza.com.pl\/wp-content\/uploads\/2018\/10\/www_ParterSenior\u00f3w2-640x480.jpg\" data-envira-src=\"https:\/\/fleschmazowsza.com.pl\/wp-content\/uploads\/2018\/10\/www_ParterSenior\u00f3w2-640x480.jpg\" data-envira-gallery-id=\"2796\" data-envira-item-id=\"2799\" data-envira-caption=\"www_ParterSenior&oacute;w2\" alt=\"\" title=\"www_ParterSenior\u00f3w2\"  itemprop=\"thumbnailUrl\" data-envira-srcset=\"https:\/\/fleschmazowsza.com.pl\/wp-content\/uploads\/2018\/10\/www_ParterSenior\u00f3w2-640x480.jpg 400w,https:\/\/fleschmazowsza.com.pl\/wp-content\/uploads\/2018\/10\/www_ParterSenior\u00f3w2-640x480.jpg 2x\" data-envira-width=\"300\" data-envira-height=\"191\" srcset=\"data:image\/gif;base64,R0lGODlhAQABAIAAAP\/\/\/\/\/\/\/yH5BAEKAAEALAAAAAABAAEAAAICTAEAOw==\" data-safe-src=\"data:image\/gif;base64,R0lGODlhAQABAIAAAP\/\/\/\/\/\/\/yH5BAEKAAEALAAAAAABAAEAAAICTAEAOw==\" \/><\/a><\/div><\/div><div id=\"envira-gallery-item-2798\" class=\"envira-gallery-item enviratope-item envira-gallery-item-3 envira-lazy-load\" style=\"padding-left: 5px; padding-bottom: 10px; padding-right: 5px;\"  itemscope itemtype=\"https:\/\/schema.org\/ImageObject\"><div class=\"envira-gallery-item-inner\"><div class=\"envira-gallery-position-overlay  envira-gallery-top-left\"><\/div><div class=\"envira-gallery-position-overlay  envira-gallery-top-right\"><\/div><div class=\"envira-gallery-position-overlay  envira-gallery-bottom-left\"><\/div><div class=\"envira-gallery-position-overlay  envira-gallery-bottom-right\"><\/div><a href=\"http:\/\/fleschmazowsza.com.pl\/wp-content\/uploads\/2018\/10\/www_ParterSenior\u00f3w.jpg\" class=\"envira-gallery-2796 envira-gallery-link\" rel=\"enviragallery2796\" title=\"www_ParterSenior&oacute;w\" data-envira-caption=\"www_ParterSenior&oacute;w\" data-envira-retina=\"\" data-thumbnail=\"\"  itemprop=\"contentUrl\"><img decoding=\"async\" id=\"envira-gallery-image-2798\" class=\"envira-gallery-image envira-gallery-image-3 envira-normal envira-lazy\" data-envira-index=\"3\" src=\"https:\/\/fleschmazowsza.com.pl\/wp-content\/uploads\/2018\/10\/www_ParterSenior\u00f3w-640x480.jpg\" data-envira-src=\"https:\/\/fleschmazowsza.com.pl\/wp-content\/uploads\/2018\/10\/www_ParterSenior\u00f3w-640x480.jpg\" data-envira-gallery-id=\"2796\" data-envira-item-id=\"2798\" data-envira-caption=\"www_ParterSenior&oacute;w\" alt=\"\" title=\"www_ParterSenior\u00f3w\"  itemprop=\"thumbnailUrl\" data-envira-srcset=\"https:\/\/fleschmazowsza.com.pl\/wp-content\/uploads\/2018\/10\/www_ParterSenior\u00f3w-640x480.jpg 400w,https:\/\/fleschmazowsza.com.pl\/wp-content\/uploads\/2018\/10\/www_ParterSenior\u00f3w-640x480.jpg 2x\" data-envira-width=\"300\" data-envira-height=\"225\" srcset=\"data:image\/gif;base64,R0lGODlhAQABAIAAAP\/\/\/\/\/\/\/yH5BAEKAAEALAAAAAABAAEAAAICTAEAOw==\" data-safe-src=\"data:image\/gif;base64,R0lGODlhAQABAIAAAP\/\/\/\/\/\/\/yH5BAEKAAEALAAAAAABAAEAAAICTAEAOw==\" \/><\/a><\/div><\/div><div id=\"envira-gallery-item-2801\" class=\"envira-gallery-item enviratope-item envira-gallery-item-4 envira-lazy-load\" style=\"padding-left: 5px; padding-bottom: 10px; padding-right: 5px;\"  itemscope itemtype=\"https:\/\/schema.org\/ImageObject\"><div class=\"envira-gallery-item-inner\"><div class=\"envira-gallery-position-overlay  envira-gallery-top-left\"><\/div><div class=\"envira-gallery-position-overlay  envira-gallery-top-right\"><\/div><div class=\"envira-gallery-position-overlay  envira-gallery-bottom-left\"><\/div><div class=\"envira-gallery-position-overlay  envira-gallery-bottom-right\"><\/div><a href=\"http:\/\/fleschmazowsza.com.pl\/wp-content\/uploads\/2018\/10\/www_Sala\u0106wicze\u0144Senior\u00f3w.jpg\" class=\"envira-gallery-2796 envira-gallery-link\" rel=\"enviragallery2796\" title=\"www_Sala\u0106wicze\u0144Senior&oacute;w\" data-envira-caption=\"www_Sala\u0106wicze\u0144Senior&oacute;w\" data-envira-retina=\"\" data-thumbnail=\"\"  itemprop=\"contentUrl\"><img decoding=\"async\" id=\"envira-gallery-image-2801\" class=\"envira-gallery-image envira-gallery-image-4 envira-normal envira-lazy\" data-envira-index=\"4\" src=\"https:\/\/fleschmazowsza.com.pl\/wp-content\/uploads\/2018\/10\/www_Sala\u0106wicze\u0144Senior\u00f3w-640x480.jpg\" data-envira-src=\"https:\/\/fleschmazowsza.com.pl\/wp-content\/uploads\/2018\/10\/www_Sala\u0106wicze\u0144Senior\u00f3w-640x480.jpg\" data-envira-gallery-id=\"2796\" data-envira-item-id=\"2801\" data-envira-caption=\"www_Sala\u0106wicze\u0144Senior&oacute;w\" alt=\"\" title=\"www_Sala\u0106wicze\u0144Senior\u00f3w\"  itemprop=\"thumbnailUrl\" data-envira-srcset=\"https:\/\/fleschmazowsza.com.pl\/wp-content\/uploads\/2018\/10\/www_Sala\u0106wicze\u0144Senior\u00f3w-640x480.jpg 400w,https:\/\/fleschmazowsza.com.pl\/wp-content\/uploads\/2018\/10\/www_Sala\u0106wicze\u0144Senior\u00f3w-640x480.jpg 2x\" data-envira-width=\"300\" data-envira-height=\"200\" srcset=\"data:image\/gif;base64,R0lGODlhAQABAIAAAP\/\/\/\/\/\/\/yH5BAEKAAEALAAAAAABAAEAAAICTAEAOw==\" data-safe-src=\"data:image\/gif;base64,R0lGODlhAQABAIAAAP\/\/\/\/\/\/\/yH5BAEKAAEALAAAAAABAAEAAAICTAEAOw==\" \/><\/a><\/div><\/div><div id=\"envira-gallery-item-2800\" class=\"envira-gallery-item enviratope-item envira-gallery-item-5 envira-lazy-load\" style=\"padding-left: 5px; padding-bottom: 10px; padding-right: 5px;\"  itemscope itemtype=\"https:\/\/schema.org\/ImageObject\"><div class=\"envira-gallery-item-inner\"><div class=\"envira-gallery-position-overlay  envira-gallery-top-left\"><\/div><div class=\"envira-gallery-position-overlay  envira-gallery-top-right\"><\/div><div class=\"envira-gallery-position-overlay  envira-gallery-bottom-left\"><\/div><div class=\"envira-gallery-position-overlay  envira-gallery-bottom-right\"><\/div><a href=\"http:\/\/fleschmazowsza.com.pl\/wp-content\/uploads\/2018\/10\/www_Sala-Nowe-Media.jpg\" class=\"envira-gallery-2796 envira-gallery-link\" rel=\"enviragallery2796\" title=\"www_Sala Nowe Media\" data-envira-caption=\"www_Sala Nowe Media\" data-envira-retina=\"\" data-thumbnail=\"\"  itemprop=\"contentUrl\"><img decoding=\"async\" id=\"envira-gallery-image-2800\" class=\"envira-gallery-image envira-gallery-image-5 envira-normal envira-lazy\" data-envira-index=\"5\" src=\"https:\/\/fleschmazowsza.com.pl\/wp-content\/uploads\/2018\/10\/www_Sala-Nowe-Media-640x480.jpg\" data-envira-src=\"https:\/\/fleschmazowsza.com.pl\/wp-content\/uploads\/2018\/10\/www_Sala-Nowe-Media-640x480.jpg\" data-envira-gallery-id=\"2796\" data-envira-item-id=\"2800\" data-envira-caption=\"www_Sala Nowe Media\" alt=\"\" title=\"www_Sala Nowe Media\"  itemprop=\"thumbnailUrl\" data-envira-srcset=\"https:\/\/fleschmazowsza.com.pl\/wp-content\/uploads\/2018\/10\/www_Sala-Nowe-Media-640x480.jpg 400w,https:\/\/fleschmazowsza.com.pl\/wp-content\/uploads\/2018\/10\/www_Sala-Nowe-Media-640x480.jpg 2x\" data-envira-width=\"300\" data-envira-height=\"225\" srcset=\"data:image\/gif;base64,R0lGODlhAQABAIAAAP\/\/\/\/\/\/\/yH5BAEKAAEALAAAAAABAAEAAAICTAEAOw==\" data-safe-src=\"data:image\/gif;base64,R0lGODlhAQABAIAAAP\/\/\/\/\/\/\/yH5BAEKAAEALAAAAAABAAEAAAICTAEAOw==\" \/><\/a><\/div><\/div><\/div><\/div><noscript><img decoding=\"async\" src=\"https:\/\/fleschmazowsza.com.pl\/wp-content\/uploads\/2018\/10\/www_1607250.jpg\" alt=\"\" \/><img decoding=\"async\" src=\"https:\/\/fleschmazowsza.com.pl\/wp-content\/uploads\/2018\/10\/www_ParterSenior\u00f3w2.jpg\" alt=\"\" \/><img decoding=\"async\" src=\"https:\/\/fleschmazowsza.com.pl\/wp-content\/uploads\/2018\/10\/www_ParterSenior\u00f3w.jpg\" alt=\"\" \/><img decoding=\"async\" src=\"https:\/\/fleschmazowsza.com.pl\/wp-content\/uploads\/2018\/10\/www_Sala\u0106wicze\u0144Senior\u00f3w.jpg\" alt=\"\" \/><img decoding=\"async\" src=\"https:\/\/fleschmazowsza.com.pl\/wp-content\/uploads\/2018\/10\/www_Sala-Nowe-Media.jpg\" alt=\"\" \/><\/noscript>W sobot\u0119 6 pa\u017adziernika o godz. 14 nast\u0105pi\u0142 wyczekiwany moment \u2013 ruszy\u0142a Mediateka, najnowszy i najbardziej spektakularny obiekt na mapie kulturalnej Grodziska. Pi\u0119tro zosta\u0142o pomy\u015blane jako siedziba nowoczesnej biblioteki, wyposa\u017conej w multimedia i narz\u0119dzia edukacyjne. Parter dedykowany zosta\u0142 seniorom, ich integracji i aktywno\u015bci.<\/strong><\/p>\n<p>Jak ogromne jest zapotrzebowanie na tego typu nowoczesn\u0105, wsp\u00f3ln\u0105 przestrze\u0144, wida\u0107 by\u0142o go\u0142ym okiem. Na uroczysto\u015b\u0107 otwarcia wyj\u0105tkowo t\u0142umnie przybyli zw\u0142aszcza seniorzy i seniorki, chyba nigdy dot\u0105d \u017cadne wydarzenie nie zgromadzi\u0142o ich a\u017c tak wielu.<\/p>\n<p>Uroczysto\u015b\u0107 odbywa\u0142a si\u0119 \u201ez pomp\u0105\u201d adekwatn\u0105 do rangi wydarzenia. Przed zamkni\u0119t\u0105 jeszcze Mediatek\u0105, w oczekiwaniu na przybycie samorz\u0105dowc\u00f3w i zaproszonych znamienitych go\u015bci, przygrywa\u0142a Orkiestra Gedeon Richter. Pogoda jak na zam\u00f3wienie. Park Skarbk\u00f3w odbijaj\u0105cy si\u0119 w przeszklonej fasadzie, parasole nad kilkoma stolikami, flagi w stojaku i kwiaty w donicach \u2013 oczekiwanie na rozpocz\u0119cie mia\u0142o sw\u00f3j urok, bo otoczenie Mediateki daje poczucie komfortu.<\/p>\n<p style=\"text-align: center;\"><strong>Mi\u0119dzynarodowa oprawa<\/strong><\/p>\n<p>Oficjalne otwarcie obiektu przebieg\u0142o z energi\u0105 i z humorem, w kilku j\u0119zykach. Na uroczysto\u015b\u0107 przybyli przedstawiciele wsp\u00f3\u0142pracuj\u0105cych z Grodziskiem trzech miast: w Austrii, we Francji i na Litwie oraz delegacja samorz\u0105dowc\u00f3w z Ukrainy. Entuzjastyczne przem\u00f3wienia go\u015bci podkre\u015bla\u0142y warto\u015b\u0107 Mediateki jako przestrzeni do dzielenia si\u0119 kultur\u0105 i zarazem realizacji wi\u0119zi mi\u0119dzyludzkich, a Grodzisk scharakteryzowany zosta\u0142 jako miasto, kt\u00f3re umie prze\u0142o\u017cy\u0107 sw\u00f3j rozw\u00f3j ekonomiczny na rozw\u00f3j spo\u0142eczny. By\u0142y gratulacje, szczere wyrazy uznania i prezenty dla miasta i Mediateki.<\/p>\n<p>Jak przysta\u0142o na tego typu uroczysto\u015b\u0107 sporo miejsca zaj\u0119\u0142y podzi\u0119kowania dla ludzi i firm zaanga\u017cowanych w powstanie obiektu. Ju\u017c na pierwszy rzut oka wida\u0107 zas\u0142ugi projektanta, kt\u00f3ry idealnie skomponowa\u0142 budynek z otoczeniem \u2013 zar\u00f3wno od strony wizualnej, wykorzystuj\u0105c efekt lustrzanego odbicia otaczaj\u0105cej przyrody, jak i pod k\u0105tem \u0142atwej dost\u0119pno\u015bci dla wszystkich, r\u00f3wnie\u017c os\u00f3b niepe\u0142nosprawnych.<\/p>\n<p style=\"text-align: center;\"><strong>Robimy to dla senior\u00f3w<\/strong><\/p>\n<p>Burmistrz Grzegorz Benedykci\u0144ski w bezpo\u015bredni spos\u00f3b zwr\u00f3ci\u0142 si\u0119 do grodziskich senior\u00f3w, m\u00f3wi\u0105c: \u201edla Was to robimy\u201d. Przewodnicz\u0105ca Rady Miasta Joanna Wr\u00f3blewska wyrazi\u0142a my\u015bl, \u017ce \u201ecz\u0142owiek stworzony jest do tego, by by\u0107 blisko drugiego cz\u0142owieka\u201d i \u017ce \u201eproblemem senior\u00f3w jest samotno\u015b\u0107 i izolacja spo\u0142eczna \u2013 ale nie w Grodzisku\u201d. Dyrektor Mediateki Dorota Olejnik zaznaczy\u0142a, \u017ce podobnych obiekt\u00f3w w Polsce nie ma, projekt funkcjonowania Mediateki jest poniek\u0105d otwarty i w miar\u0119 potrzeby mo\u017cna b\u0119dzie wsp\u00f3lnie poszukiwa\u0107 nowych rozwi\u0105za\u0144.<\/p>\n<p>Po wyczerpaniu przem\u00f3wie\u0144, aby uczyni\u0107 zado\u015b\u0107 tradycji ksi\u0105dz dziekan dokona\u0142 po\u015bwi\u0119cenia obiektu a dyrektor Mediateki przy d\u017awi\u0119kach fanfar przeci\u0119\u0142a wst\u0119g\u0119. Podwoje obiektu zosta\u0142y otwarte i rozpocz\u0119\u0142o si\u0119 zwiedzanie. Mediateka nie ma barier architektonicznych, pod\u0142oga parteru jest przed\u0142u\u017ceniem nawierzchni przed budynkiem, na pi\u0119tra mo\u017cna wjecha\u0107 przeszklon\u0105 wind\u0105. Wszechobecny jest kontakt wizualny z krajobrazem na zewn\u0105trz, szczeg\u00f3lnie od strony Parku Skarbk\u00f3w i ma\u0142ego, malowniczego bulwaru nad rzeczk\u0105 Rokiciank\u0105. Jest przestronnie, komfortowo, pi\u0119knie.<\/p>\n<p style=\"text-align: center;\"><strong>Weekend pe\u0142en wra\u017ce\u0144<\/strong><\/p>\n<p>Warto wspomnie\u0107 o wyj\u0105tkowo nowoczesnych rozwi\u0105zaniach, kt\u00f3re znalaz\u0142y zastosowanie w Mediatece. Jest tu mianowicie e-kiosk telemedyczny, kt\u00f3ry pozwoli seniorom na szybki pomiar i ocen\u0119 podstawowych parametr\u00f3w zdrowotnych, w kontakcie ze Szpitalem Zachodnim. Jest profesjonalne studio do nagra\u0144 muzycznych. Na pi\u0119trze bibliotecznym, w sali YouMedia skierowanej do starszych dzieci i m\u0142odzie\u017cy, dost\u0119pna jest tak po\u017c\u0105dana dzisiaj drukarka 3D oraz bie\u017cnia VR \u2013 czyli bie\u017cnia wirtualnej rzeczywisto\u015bci, kt\u00f3ra pozwala ruch cia\u0142a prze\u0142o\u017cy\u0107 na dzia\u0142anie w rzeczywisto\u015bci gry komputerowej.<\/p>\n<p>Sobotnie zwiedzanie Mediateki zwie\u0144czone zosta\u0142o dwoma koncertami na \u015bwie\u017cym powietrzu: Bohdana \u0141azuki i Mateusza Zi\u00f3\u0142ko, na kt\u00f3re przej\u015b\u0107 si\u0119 mo\u017cna by\u0142o bulwarem nad Rokiciank\u0105. To jednak nie koniec weekendowych atrakcji, zwi\u0105zanych z otwarciem nowego obiektu kulturalnego. W niedziel\u0119 w godzinach popo\u0142udniowych w Mediatece odby\u0142 si\u0119 koncert o bardziej uroczystym charakterze. Sala p\u0119ka\u0142a dos\u0142ownie w szwach, zn\u00f3w publiczno\u015b\u0107 zdominowali seniorzy. Wyst\u0105pili: Grodziski Ch\u00f3r Bogorya oraz kwartet instrument\u00f3w d\u0119tych \u201eCzw\u00f3rka na drodze donik\u0105d\u201d, przyby\u0142y ze wspomnianego ju\u017c partnerskiego miasta Weiz w Austrii, daj\u0105c pokaz prawdziwie wyrafinowanej muzyki. A na zako\u0144czenie pe\u0142nego wra\u017ce\u0144 weekendu odby\u0142y si\u0119, m\u00f3wi\u0105c s\u0142owami burmistrza, \u201eta\u0144ce, hulanki, swawole\u201d w wykonaniu senior\u00f3w, w niespodziewanie dyskotekowej oprawie.<\/p>\n<p style=\"text-align: right;\">Tekst i foto: <strong>(PS)<\/strong><\/p>\n","protected":false},"excerpt":{"rendered":"<p>W sobot\u0119 6 pa\u017adziernika o godz. 14 nast\u0105pi\u0142 wyczekiwany moment \u2013 ruszy\u0142a Mediateka, najnowszy i najbardziej spektakularny obiekt na mapie kulturalnej Grodziska. Pi\u0119tro zosta\u0142o pomy\u015blane jako siedziba nowoczesnej biblioteki, wyposa\u017conej w multimedia i narz\u0119dzia edukacyjne. Parter dedykowany zosta\u0142 seniorom, ich integracji i aktywno\u015bci. Jak ogromne jest zapotrzebowanie na tego typu nowoczesn\u0105, wsp\u00f3ln\u0105 przestrze\u0144, wida\u0107 by\u0142o [&hellip;]<\/p>\n","protected":false},"author":2,"featured_media":2798,"comment_status":"closed","ping_status":"open","sticky":false,"template":"","format":"standard","meta":{"footnotes":""},"categories":[9,6,8,5],"tags":[],"class_list":["post-2795","post","type-post","status-publish","format-standard","has-post-thumbnail","hentry","category-edukacja","category-kultura","category-roznosci","category-wiadomosci"],"_links":{"self":[{"href":"https:\/\/fleschmazowsza.com.pl\/index.php?rest_route=\/wp\/v2\/posts\/2795","targetHints":{"allow":["GET"]}}],"collection":[{"href":"https:\/\/fleschmazowsza.com.pl\/index.php?rest_route=\/wp\/v2\/posts"}],"about":[{"href":"https:\/\/fleschmazowsza.com.pl\/index.php?rest_route=\/wp\/v2\/types\/post"}],"author":[{"embeddable":true,"href":"https:\/\/fleschmazowsza.com.pl\/index.php?rest_route=\/wp\/v2\/users\/2"}],"replies":[{"embeddable":true,"href":"https:\/\/fleschmazowsza.com.pl\/index.php?rest_route=%2Fwp%2Fv2%2Fcomments&post=2795"}],"version-history":[{"count":1,"href":"https:\/\/fleschmazowsza.com.pl\/index.php?rest_route=\/wp\/v2\/posts\/2795\/revisions"}],"predecessor-version":[{"id":2802,"href":"https:\/\/fleschmazowsza.com.pl\/index.php?rest_route=\/wp\/v2\/posts\/2795\/revisions\/2802"}],"wp:featuredmedia":[{"embeddable":true,"href":"https:\/\/fleschmazowsza.com.pl\/index.php?rest_route=\/wp\/v2\/media\/2798"}],"wp:attachment":[{"href":"https:\/\/fleschmazowsza.com.pl\/index.php?rest_route=%2Fwp%2Fv2%2Fmedia&parent=2795"}],"wp:term":[{"taxonomy":"category","embeddable":true,"href":"https:\/\/fleschmazowsza.com.pl\/index.php?rest_route=%2Fwp%2Fv2%2Fcategories&post=2795"},{"taxonomy":"post_tag","embeddable":true,"href":"https:\/\/fleschmazowsza.com.pl\/index.php?rest_route=%2Fwp%2Fv2%2Ftags&post=2795"}],"curies":[{"name":"wp","href":"https:\/\/api.w.org\/{rel}","templated":true}]}}