{"id":279,"date":"2016-11-15T11:00:28","date_gmt":"2016-11-15T10:00:28","guid":{"rendered":"http:\/\/fleschmazowsza.com.pl\/?p=279"},"modified":"2016-11-15T11:00:28","modified_gmt":"2016-11-15T10:00:28","slug":"doceniono-utalentowana-mlodziez","status":"publish","type":"post","link":"https:\/\/fleschmazowsza.com.pl\/?p=279","title":{"rendered":"Doceniono utalentowan\u0105 m\u0142odzie\u017c"},"content":{"rendered":"<p><strong>Podczas pa\u017adziernikowej sesji rady miejskiej w\u0142adze przyzna\u0142y stypendia wybitnie uzdolnionym uczniom za osi\u0105gni\u0119cia edukacyjne, sportowe i artystyczne.<\/strong><\/p>\n<p>Stypendia otrzymywane z r\u0105k Joanny Wr\u00f3blewskiej, przewodnicz\u0105cej rady miejskiej oraz burmistrza Grzegorza Benedykci\u0144skiego s\u0105 nobilitacj\u0105 dla nagrodzonych uczni\u00f3w, kt\u00f3rzy na swoje wyniki pracuj\u0105 przez ca\u0142y rok.<\/p>\n<p>\u2013 Chcia\u0142bym podzi\u0119kowa\u0107 rodzicom, dzia\u0142aczom i trenerom oraz powiedzie\u0107, \u017ce inwestowanie w kluby sportowe przynios\u0142o oczekiwane rezultaty. Dzisiejsze spotkanie to efekt decyzji sprzed 18 lat \u2013 doda\u0142 burmistrz Grzegorz Benedykci\u0144ski.<\/p>\n<p>Stypendium za wybitne osi\u0105gni\u0119cia artystyczne otrzyma\u0142a Kamila Krzonkalla, laureatka XII Og\u00f3lnopolskiego Forum M\u0142odych Instrumentalist\u00f3w im. Karola i Antoniego Szafrank\u00f3w w Rybniku. Za wybitne osi\u0105gni\u0119cia edukacyjne nagrodzeni zostali: Pawe\u0142 Jastrz\u0119bski, laureat konkursu informatycznego oraz Maximilian Tymoteusz Rajski, finalista olimpiady chemicznej.<\/p>\n<p>Jednak najwi\u0119cej wyr\u00f3\u017cnie\u0144 trafi\u0142o do m\u0142odych sportowc\u00f3w: Kacpra Jarz\u0119bowskiego, Wiktorii Kr\u00f3l, Aleksandry Czapli\u0144skiej, Barbary Smoli\u0144skiej, Mateusza \u015aliwki, Jana Szel\u0105gowskiego, Szymona Wi\u015bniewskiego i Mi\u0142osza Redzimskiego.<\/p>\n<p>\u2013 Przez wiele lat gra\u0142am m.in. w koszyk\u00f3wk\u0119 i siatk\u00f3wk\u0119, dlatego wiem, jakie znaczenie ma sport w \u017cyciu ka\u017cdego z Was \u2013 podsumowa\u0142a osi\u0105gni\u0119cia m\u0142odych talent\u00f3w Joanna Wr\u00f3blewska, przewodnicz\u0105ca rady miejskiej.<\/p>\n<p style=\"text-align: right;\">Tekst i foto:<\/p>\n<p style=\"text-align: right;\"><strong>Daria G\u0142owacka<\/strong><\/p>\n","protected":false},"excerpt":{"rendered":"<p>Podczas pa\u017adziernikowej sesji rady miejskiej w\u0142adze przyzna\u0142y stypendia wybitnie uzdolnionym uczniom za osi\u0105gni\u0119cia edukacyjne, sportowe i artystyczne. Stypendia otrzymywane z r\u0105k Joanny Wr\u00f3blewskiej, przewodnicz\u0105cej rady miejskiej oraz burmistrza Grzegorza Benedykci\u0144skiego s\u0105 nobilitacj\u0105 dla nagrodzonych uczni\u00f3w, kt\u00f3rzy na swoje wyniki pracuj\u0105 przez ca\u0142y rok. \u2013 Chcia\u0142bym podzi\u0119kowa\u0107 rodzicom, dzia\u0142aczom i trenerom oraz powiedzie\u0107, \u017ce inwestowanie w [&hellip;]<\/p>\n","protected":false},"author":2,"featured_media":280,"comment_status":"closed","ping_status":"open","sticky":false,"template":"","format":"standard","meta":{"footnotes":""},"categories":[9],"tags":[],"class_list":["post-279","post","type-post","status-publish","format-standard","has-post-thumbnail","hentry","category-edukacja"],"_links":{"self":[{"href":"https:\/\/fleschmazowsza.com.pl\/index.php?rest_route=\/wp\/v2\/posts\/279","targetHints":{"allow":["GET"]}}],"collection":[{"href":"https:\/\/fleschmazowsza.com.pl\/index.php?rest_route=\/wp\/v2\/posts"}],"about":[{"href":"https:\/\/fleschmazowsza.com.pl\/index.php?rest_route=\/wp\/v2\/types\/post"}],"author":[{"embeddable":true,"href":"https:\/\/fleschmazowsza.com.pl\/index.php?rest_route=\/wp\/v2\/users\/2"}],"replies":[{"embeddable":true,"href":"https:\/\/fleschmazowsza.com.pl\/index.php?rest_route=%2Fwp%2Fv2%2Fcomments&post=279"}],"version-history":[{"count":1,"href":"https:\/\/fleschmazowsza.com.pl\/index.php?rest_route=\/wp\/v2\/posts\/279\/revisions"}],"predecessor-version":[{"id":281,"href":"https:\/\/fleschmazowsza.com.pl\/index.php?rest_route=\/wp\/v2\/posts\/279\/revisions\/281"}],"wp:featuredmedia":[{"embeddable":true,"href":"https:\/\/fleschmazowsza.com.pl\/index.php?rest_route=\/wp\/v2\/media\/280"}],"wp:attachment":[{"href":"https:\/\/fleschmazowsza.com.pl\/index.php?rest_route=%2Fwp%2Fv2%2Fmedia&parent=279"}],"wp:term":[{"taxonomy":"category","embeddable":true,"href":"https:\/\/fleschmazowsza.com.pl\/index.php?rest_route=%2Fwp%2Fv2%2Fcategories&post=279"},{"taxonomy":"post_tag","embeddable":true,"href":"https:\/\/fleschmazowsza.com.pl\/index.php?rest_route=%2Fwp%2Fv2%2Ftags&post=279"}],"curies":[{"name":"wp","href":"https:\/\/api.w.org\/{rel}","templated":true}]}}