{"id":2789,"date":"2018-10-12T13:01:21","date_gmt":"2018-10-12T12:01:21","guid":{"rendered":"http:\/\/fleschmazowsza.com.pl\/?p=2789"},"modified":"2018-10-12T13:01:21","modified_gmt":"2018-10-12T12:01:21","slug":"biale-kruki-ksiazkomaty-e-uslugi-biblioteczne","status":"publish","type":"post","link":"https:\/\/fleschmazowsza.com.pl\/?p=2789","title":{"rendered":"Bia\u0142e kruki, ksi\u0105\u017ckomaty, e-us\u0142ugi biblioteczne"},"content":{"rendered":"<p><strong>W niedziel\u0119 7 pa\u017adziernika w budynku nowo otwartej Mediateki w Grodzisku Mazowieckim odby\u0142o si\u0119 uroczyste podpisanie umowy dotycz\u0105cej projektu \u201eMoja e-bibliotek@ liderem informatyzacji na Mazowszu\u201d. Projekt wsp\u00f3\u0142finansowany jest ze \u015brodk\u00f3w unijnych, w ramach Regionalnego Programu Operacyjnego Wojew\u00f3dztwa Mazowieckiego na lata 2014-2020.<\/strong><\/p>\n<p>Do og\u0142oszonego w ubieg\u0142ym roku projektu przyst\u0105pi\u0142o 13 bibliotek z Mazowsza. Obok grodziskiej Biblioteki Publicznej w gronie beneficjent\u00f3w znalaz\u0142y si\u0119 biblioteki z: Milan\u00f3wka, Piastowa, Nadarzyna, Jaktorowa, Mszczonowa, \u017babiej Woli, Piaseczna, G\u00f3ry Kalwarii, Sierpca, \u0141omianek, Leszna i P\u0142ocka.<\/p>\n<p>Celem przedsi\u0119wzi\u0119cia jest wyr\u00f3wnanie, zr\u00f3\u017cnicowanego jak dot\u0105d, poziomu informatyzacji plac\u00f3wek, zintegrowanie ich w jeden system i wdro\u017cenie nowoczesnych e-us\u0142ug bibliotecznych. Chodzi tu o mo\u017cliwo\u015b\u0107 rezerwowania lub zamawiania ksi\u0105\u017cek przez internet, wyszukiwania w systemie unikalnych, trudno dost\u0119pnych pozycji czy te\u017c odbioru ksi\u0105\u017cek za pomoc\u0105 ksi\u0105\u017ckomatu, funkcjonuj\u0105cego na podobnej zasadzie jak popularne paczkomaty. Nadrz\u0119dnym celem jest promocja czytelnictwa, poprzez maksymalne u\u0142atwienie i przyspieszenie dost\u0119pu do ksi\u0105\u017cek.<\/p>\n<p>Dofinansowanie dla grodziskiej Biblioteki Publicznej wynosi 1 701 280 z\u0142. Kwota ta zostanie przeznaczona na nowy sprz\u0119t komputerowy, oprogramowanie komputerowe i biblioteczne, modernizacj\u0119 strony internetowej biblioteki oraz finalnie na wdro\u017cenie e-us\u0142ug.<\/p>\n<p>Koordynatorem ca\u0142ego projektu na Mazowszu jest grodziska Biblioteka Publiczna, tote\u017c umow\u0119 o dofinansowanie podpisali: Burmistrz Grzegorz Benedykci\u0144ski i Dyrektor Biblioteki Publicznej Gminy Grodzisk Mazowiecki Dorota Olejnik, jako przedstawiciele wszystkich bibliotek bior\u0105cych udzia\u0142 w projekcie, oraz Marsza\u0142ek Wojew\u00f3dztwa Mazowieckiego Adam Struzik.<\/p>\n<p style=\"text-align: right;\">Tekst i foto: <strong>(PS)<\/strong><\/p>\n","protected":false},"excerpt":{"rendered":"<p>W niedziel\u0119 7 pa\u017adziernika w budynku nowo otwartej Mediateki w Grodzisku Mazowieckim odby\u0142o si\u0119 uroczyste podpisanie umowy dotycz\u0105cej projektu \u201eMoja e-bibliotek@ liderem informatyzacji na Mazowszu\u201d. Projekt wsp\u00f3\u0142finansowany jest ze \u015brodk\u00f3w unijnych, w ramach Regionalnego Programu Operacyjnego Wojew\u00f3dztwa Mazowieckiego na lata 2014-2020. Do og\u0142oszonego w ubieg\u0142ym roku projektu przyst\u0105pi\u0142o 13 bibliotek z Mazowsza. Obok grodziskiej Biblioteki [&hellip;]<\/p>\n","protected":false},"author":2,"featured_media":2790,"comment_status":"closed","ping_status":"open","sticky":false,"template":"","format":"standard","meta":{"footnotes":""},"categories":[9,6,5],"tags":[],"class_list":["post-2789","post","type-post","status-publish","format-standard","has-post-thumbnail","hentry","category-edukacja","category-kultura","category-wiadomosci"],"_links":{"self":[{"href":"https:\/\/fleschmazowsza.com.pl\/index.php?rest_route=\/wp\/v2\/posts\/2789","targetHints":{"allow":["GET"]}}],"collection":[{"href":"https:\/\/fleschmazowsza.com.pl\/index.php?rest_route=\/wp\/v2\/posts"}],"about":[{"href":"https:\/\/fleschmazowsza.com.pl\/index.php?rest_route=\/wp\/v2\/types\/post"}],"author":[{"embeddable":true,"href":"https:\/\/fleschmazowsza.com.pl\/index.php?rest_route=\/wp\/v2\/users\/2"}],"replies":[{"embeddable":true,"href":"https:\/\/fleschmazowsza.com.pl\/index.php?rest_route=%2Fwp%2Fv2%2Fcomments&post=2789"}],"version-history":[{"count":1,"href":"https:\/\/fleschmazowsza.com.pl\/index.php?rest_route=\/wp\/v2\/posts\/2789\/revisions"}],"predecessor-version":[{"id":2791,"href":"https:\/\/fleschmazowsza.com.pl\/index.php?rest_route=\/wp\/v2\/posts\/2789\/revisions\/2791"}],"wp:featuredmedia":[{"embeddable":true,"href":"https:\/\/fleschmazowsza.com.pl\/index.php?rest_route=\/wp\/v2\/media\/2790"}],"wp:attachment":[{"href":"https:\/\/fleschmazowsza.com.pl\/index.php?rest_route=%2Fwp%2Fv2%2Fmedia&parent=2789"}],"wp:term":[{"taxonomy":"category","embeddable":true,"href":"https:\/\/fleschmazowsza.com.pl\/index.php?rest_route=%2Fwp%2Fv2%2Fcategories&post=2789"},{"taxonomy":"post_tag","embeddable":true,"href":"https:\/\/fleschmazowsza.com.pl\/index.php?rest_route=%2Fwp%2Fv2%2Ftags&post=2789"}],"curies":[{"name":"wp","href":"https:\/\/api.w.org\/{rel}","templated":true}]}}