{"id":2773,"date":"2018-09-28T14:48:25","date_gmt":"2018-09-28T13:48:25","guid":{"rendered":"http:\/\/fleschmazowsza.com.pl\/?p=2773"},"modified":"2018-09-28T14:48:25","modified_gmt":"2018-09-28T13:48:25","slug":"ursus-festiwal-oswiatowy-park-hassow","status":"publish","type":"post","link":"https:\/\/fleschmazowsza.com.pl\/?p=2773","title":{"rendered":"URSUS. Festiwal o\u015bwiatowy \u2013 park \u201eHass\u00f3w\u201d"},"content":{"rendered":"<p><strong>22 wrze\u015bnia w Parku Hass\u00f3w, w setn\u0105 rocznic\u0119 odzyskania niepodleg\u0142o\u015bci przez nasz\u0105 Ojczyzn\u0119 po raz kolejny odby\u0142 si\u0119 Festiwal O\u015bwiatowy Przedszkoli i Szk\u00f3\u0142 z Dzielnicy Ursus m.st. Warszawy. Tegoroczna edycja odbywa\u0142a si\u0119 pod has\u0142em \u201eUrsus dla niepodleg\u0142ej\u201d, kt\u00f3r\u0105 rozpocz\u0105\u0142 uroczysty poch\u00f3d ulicami Ursusa. W paradzie wzi\u0119li udzia\u0142 uczniowie ursusowskich szk\u00f3\u0142, kt\u00f3rzy nie\u015bli 25-metrow\u0105 flag\u0119 Polski, pododdzia\u0142y grup rekonstrukcyjnych oraz wozy bojowe.<\/strong><\/p>\n<p>Podczas festynu przygotowanych by\u0142o wiele atrakcji. Uczniowie mogli wzi\u0105\u0107 udzia\u0142 m. in.: w warsztatach patriotycznych, pokazach mo\u017adzierzy, grach miejskich jak i pos\u0142ucha\u0107 koncertu patriotycznego w wykonaniu swoich koleg\u00f3w.<\/p>\n<p>Mieszka\u0144com dzielnicy jak i uczniom dzi\u0119kujemy za liczny udzia\u0142 w Festiwalu.<\/p>\n<p style=\"text-align: right;\">Tekst i foto: <strong>(PS)<\/strong><\/p>\n","protected":false},"excerpt":{"rendered":"<p>22 wrze\u015bnia w Parku Hass\u00f3w, w setn\u0105 rocznic\u0119 odzyskania niepodleg\u0142o\u015bci przez nasz\u0105 Ojczyzn\u0119 po raz kolejny odby\u0142 si\u0119 Festiwal O\u015bwiatowy Przedszkoli i Szk\u00f3\u0142 z Dzielnicy Ursus m.st. Warszawy. Tegoroczna edycja odbywa\u0142a si\u0119 pod has\u0142em \u201eUrsus dla niepodleg\u0142ej\u201d, kt\u00f3r\u0105 rozpocz\u0105\u0142 uroczysty poch\u00f3d ulicami Ursusa. W paradzie wzi\u0119li udzia\u0142 uczniowie ursusowskich szk\u00f3\u0142, kt\u00f3rzy nie\u015bli 25-metrow\u0105 flag\u0119 Polski, [&hellip;]<\/p>\n","protected":false},"author":2,"featured_media":2775,"comment_status":"closed","ping_status":"open","sticky":false,"template":"","format":"standard","meta":{"footnotes":""},"categories":[9,6,8,5],"tags":[],"class_list":["post-2773","post","type-post","status-publish","format-standard","has-post-thumbnail","hentry","category-edukacja","category-kultura","category-roznosci","category-wiadomosci"],"_links":{"self":[{"href":"https:\/\/fleschmazowsza.com.pl\/index.php?rest_route=\/wp\/v2\/posts\/2773","targetHints":{"allow":["GET"]}}],"collection":[{"href":"https:\/\/fleschmazowsza.com.pl\/index.php?rest_route=\/wp\/v2\/posts"}],"about":[{"href":"https:\/\/fleschmazowsza.com.pl\/index.php?rest_route=\/wp\/v2\/types\/post"}],"author":[{"embeddable":true,"href":"https:\/\/fleschmazowsza.com.pl\/index.php?rest_route=\/wp\/v2\/users\/2"}],"replies":[{"embeddable":true,"href":"https:\/\/fleschmazowsza.com.pl\/index.php?rest_route=%2Fwp%2Fv2%2Fcomments&post=2773"}],"version-history":[{"count":1,"href":"https:\/\/fleschmazowsza.com.pl\/index.php?rest_route=\/wp\/v2\/posts\/2773\/revisions"}],"predecessor-version":[{"id":2776,"href":"https:\/\/fleschmazowsza.com.pl\/index.php?rest_route=\/wp\/v2\/posts\/2773\/revisions\/2776"}],"wp:featuredmedia":[{"embeddable":true,"href":"https:\/\/fleschmazowsza.com.pl\/index.php?rest_route=\/wp\/v2\/media\/2775"}],"wp:attachment":[{"href":"https:\/\/fleschmazowsza.com.pl\/index.php?rest_route=%2Fwp%2Fv2%2Fmedia&parent=2773"}],"wp:term":[{"taxonomy":"category","embeddable":true,"href":"https:\/\/fleschmazowsza.com.pl\/index.php?rest_route=%2Fwp%2Fv2%2Fcategories&post=2773"},{"taxonomy":"post_tag","embeddable":true,"href":"https:\/\/fleschmazowsza.com.pl\/index.php?rest_route=%2Fwp%2Fv2%2Ftags&post=2773"}],"curies":[{"name":"wp","href":"https:\/\/api.w.org\/{rel}","templated":true}]}}