{"id":2770,"date":"2018-09-28T14:36:32","date_gmt":"2018-09-28T13:36:32","guid":{"rendered":"http:\/\/fleschmazowsza.com.pl\/?p=2770"},"modified":"2018-09-28T14:36:32","modified_gmt":"2018-09-28T13:36:32","slug":"rodzinny-piknik-historyczny-w-grodzisku-mazowieckim","status":"publish","type":"post","link":"https:\/\/fleschmazowsza.com.pl\/?p=2770","title":{"rendered":"Rodzinny Piknik Historyczny w Grodzisku Mazowieckim"},"content":{"rendered":"<p><strong>Ju\u017c po raz czwarty w grodziskiej dzielnicy \u0141\u0105ki odby\u0142 si\u0119 Rodzinny Piknik Historyczny. Sze\u015bciogodzinna impreza, zorganizowana 15 wrze\u015bnia przez Centrum Kultury i Will\u0119 \u201eRadogoszcz\u201d, tradycyjnie mia\u0142a na celu popularyzacj\u0119 historii lokalnej i ponadlokalnej oraz integracj\u0119 mieszka\u0144c\u00f3w. Tym razem odbywa\u0142a si\u0119 pod has\u0142em \u201eDrogi wolno\u015bci\u201d.<\/strong><\/p>\n<p>\u017bywa lekcja historii, kt\u00f3ra rozpocz\u0119\u0142a si\u0119 po po\u0142udniu, zgromadzi\u0142a ca\u0142e rodziny, m\u0142odzie\u017c i senior\u00f3w. Czynne przez ca\u0142y czas stoiska rzemie\u015blnik\u00f3w i warsztaty r\u0119kodzielnicze przywo\u0142ywa\u0142y klimat zwyk\u0142ego, codziennego \u017cycia u zarania niepodleg\u0142o\u015bci. Podczas warsztat\u00f3w dla dzieci najm\u0142odsi wykonywali m.in. \u201ew\u0105sy Pi\u0142sudskiego\u201d i \u201erakiety bez dymu\u201d, kt\u00f3re pos\u0142u\u017cy\u0142y do zbiorowej, efektownej \u201esalwy niepodleg\u0142o\u015bci\u201d. Mo\u017cna by\u0142o wzi\u0105\u0107 udzia\u0142 w edukacyjnej grze historycznej.<\/p>\n<p style=\"text-align: center;\"><strong>Grupy rekonstrukcyjne<\/strong><\/p>\n<p>Jak zazwyczaj najbardziej emocjonuj\u0105c\u0105 cz\u0119\u015b\u0107 plenerowego wydarzenia stanowi\u0142y pokazy rekonstruktor\u00f3w historycznych. Kilka zaproszonych grup rekonstrukcyjnych odtwarza\u0142o formacje wojskowe, w kt\u00f3rych s\u0142u\u017cyli Polacy na r\u00f3\u017cnych frontach I wojny \u015bwiatowej. Pokazy efektownych umiej\u0119tno\u015bci kawalerzyst\u00f3w, prezentacja najr\u00f3\u017cniejszych mundur\u00f3w piechoty i wyposa\u017cenia saper\u00f3w, kt\u00f3rzy w warunkach wojny pozycyjnej musieli jako pierwsi atakowa\u0107 okopy nieprzyjaciela \u2013 wszystko to opatrzone by\u0142o wyczerpuj\u0105cym komentarzem, kt\u00f3ry stanowi\u0142 o walorach edukacyjnych wydarzenia.<\/p>\n<p style=\"text-align: center;\"><strong>\u017bywa lekcja historii<\/strong><\/p>\n<p>Zrekonstruowane stanowisko strzeleckie z poka\u017anych rozmiar\u00f3w karabinem oblega\u0142y dzieci, a wyposa\u017cenie jednostek saperskich skupia\u0142o zainteresowanie doros\u0142ych. Pewn\u0105 groz\u0119 wzbudza\u0142 \u017co\u0142nierz w masce przeciwgazowej. Warto wspomnie\u0107, \u017ce atak gazowy podczas I wojny \u015bwiatowej mia\u0142 miejsce m.in. w nieodleg\u0142ym Bolimowie, z komentarzy rekonstruktor\u00f3w wynika\u0142o jednak, \u017ce tego typu ataki na froncie wschodnim mia\u0142y chaotyczny charakter i ma\u0142\u0105 skuteczno\u015b\u0107.<br \/>\nRekonstruktorzy zaprezentowali te\u017c symboliczn\u0105 inscenizacj\u0119 wydarze\u0144 z 11 listopada 1918r., gdy Polska Organizacja Wojskowa podleg\u0142a J\u00f3zefowi Pi\u0142sudskiemu, przy wsparciu innych polskich jednostek, przyst\u0105pi\u0142a do pokojowego przejmowania i rozbrajania posterunk\u00f3w niemieckich.<\/p>\n<p style=\"text-align: center;\"><strong>Walor artystyczny<\/strong><\/p>\n<p>Piknik znacz\u0105co uatrakcyjni\u0142 \u015bwietny wyst\u0119p Zespo\u0142u Ta\u0144ca Ludowego \u201eWarszawa\u201d, dzia\u0142aj\u0105cego przy AWF im. J. Pi\u0142sudskiego. Grupa tancerek i tancerzy wyst\u0105pi\u0142a w historycznych strojach z okresu Ksi\u0119stwa Warszawskiego oraz strojach wedle mody staropolskiej, prezentuj\u0105c wspania\u0142e wykonanie poloneza i \u201etrojaka\u201d. Do zabawy tanecznej zaproszeni zostali wszyscy obecni na pikniku.<br \/>\nWieczorem Zesp\u00f3\u0142 \u201eWarszawa\u201d zaprezentowa\u0142, r\u00f3wnie wspania\u0142y jak pokaz ta\u0144ca, koncert znanych i popularnych do dzi\u015b pie\u015bni \u017co\u0142nierskich, legionowych i u\u0142a\u0144skich, powsta\u0142ych w czasie I wojny \u015bwiatowej lub si\u0119gaj\u0105cych korzeniami 2-giej po\u0142owy XIXw. Takie tytu\u0142y jak \u201eO m\u00f3j rozmarynie\u201d czy \u201ePierwsza kadrowa\u201d m\u00f3wi\u0105 same za siebie.<br \/>\nZwie\u0144czeniem imprezy by\u0142 widowiskowy, nocny spektakl Teatru Ognia \u201eBohema\u201d, opowiadaj\u0105cy o polskich drogach ku wolno\u015bci, pocz\u0105wszy od czas\u00f3w s\u0142owia\u0144skich.<\/p>\n<p style=\"text-align: right;\">Tekst i foto: <strong>(PS)<\/strong><\/p>\n","protected":false},"excerpt":{"rendered":"<p>Ju\u017c po raz czwarty w grodziskiej dzielnicy \u0141\u0105ki odby\u0142 si\u0119 Rodzinny Piknik Historyczny. Sze\u015bciogodzinna impreza, zorganizowana 15 wrze\u015bnia przez Centrum Kultury i Will\u0119 \u201eRadogoszcz\u201d, tradycyjnie mia\u0142a na celu popularyzacj\u0119 historii lokalnej i ponadlokalnej oraz integracj\u0119 mieszka\u0144c\u00f3w. Tym razem odbywa\u0142a si\u0119 pod has\u0142em \u201eDrogi wolno\u015bci\u201d. \u017bywa lekcja historii, kt\u00f3ra rozpocz\u0119\u0142a si\u0119 po po\u0142udniu, zgromadzi\u0142a ca\u0142e rodziny, [&hellip;]<\/p>\n","protected":false},"author":2,"featured_media":2771,"comment_status":"closed","ping_status":"open","sticky":false,"template":"","format":"standard","meta":{"footnotes":""},"categories":[6,8,5],"tags":[],"class_list":["post-2770","post","type-post","status-publish","format-standard","has-post-thumbnail","hentry","category-kultura","category-roznosci","category-wiadomosci"],"_links":{"self":[{"href":"https:\/\/fleschmazowsza.com.pl\/index.php?rest_route=\/wp\/v2\/posts\/2770","targetHints":{"allow":["GET"]}}],"collection":[{"href":"https:\/\/fleschmazowsza.com.pl\/index.php?rest_route=\/wp\/v2\/posts"}],"about":[{"href":"https:\/\/fleschmazowsza.com.pl\/index.php?rest_route=\/wp\/v2\/types\/post"}],"author":[{"embeddable":true,"href":"https:\/\/fleschmazowsza.com.pl\/index.php?rest_route=\/wp\/v2\/users\/2"}],"replies":[{"embeddable":true,"href":"https:\/\/fleschmazowsza.com.pl\/index.php?rest_route=%2Fwp%2Fv2%2Fcomments&post=2770"}],"version-history":[{"count":1,"href":"https:\/\/fleschmazowsza.com.pl\/index.php?rest_route=\/wp\/v2\/posts\/2770\/revisions"}],"predecessor-version":[{"id":2772,"href":"https:\/\/fleschmazowsza.com.pl\/index.php?rest_route=\/wp\/v2\/posts\/2770\/revisions\/2772"}],"wp:featuredmedia":[{"embeddable":true,"href":"https:\/\/fleschmazowsza.com.pl\/index.php?rest_route=\/wp\/v2\/media\/2771"}],"wp:attachment":[{"href":"https:\/\/fleschmazowsza.com.pl\/index.php?rest_route=%2Fwp%2Fv2%2Fmedia&parent=2770"}],"wp:term":[{"taxonomy":"category","embeddable":true,"href":"https:\/\/fleschmazowsza.com.pl\/index.php?rest_route=%2Fwp%2Fv2%2Fcategories&post=2770"},{"taxonomy":"post_tag","embeddable":true,"href":"https:\/\/fleschmazowsza.com.pl\/index.php?rest_route=%2Fwp%2Fv2%2Ftags&post=2770"}],"curies":[{"name":"wp","href":"https:\/\/api.w.org\/{rel}","templated":true}]}}