{"id":2761,"date":"2018-09-28T14:03:56","date_gmt":"2018-09-28T13:03:56","guid":{"rendered":"http:\/\/fleschmazowsza.com.pl\/?p=2761"},"modified":"2018-09-28T14:03:56","modified_gmt":"2018-09-28T13:03:56","slug":"willa-niespodzianka-perelka-grodziska-mazowieckiego","status":"publish","type":"post","link":"https:\/\/fleschmazowsza.com.pl\/?p=2761","title":{"rendered":"Willa \u201eNiespodzianka\u201d &#8211; pere\u0142ka Grodziska Mazowieckiego"},"content":{"rendered":"<p><strong>Ju\u017c od kilku miesi\u0119cy w krajobrazie Grodziska Mazowieckiego podziwia\u0107 mo\u017cemy kolejny zabytkowy obiekt architektoniczny, kt\u00f3ry doczeka\u0142 si\u0119 rewitalizacji i odzyska\u0142 \u015bwietno\u015b\u0107 utracon\u0105 na d\u0142ugie lata. Willa \u201eNiespodzianka\u201d po\u0142o\u017cona przy ul. Ko\u015bciuszki 12, vis a vis Centrum Kultury, \u015bwiec\u0105ca obecnie pe\u0142nym blaskiem, jest widomym \u015bwiadectwem dba\u0142o\u015bci o dziedzictwo kulturalne i historyczne miasta. Tym bardziej, \u017ce droga do rewitalizacji by\u0142a ciernista.<\/strong><\/p>\n<p>Od kilku dziesi\u0119cioleci \u201eNiespodzianka\u201d, pozostaj\u0105ca w prywatnych r\u0119kach, ulega\u0142a stopniowej degradacji. W centrum Grodziska, w zaniedbanym ogrodzie, coraz bardziej \u201estraszy\u0142a\u201d malownicza, chyl\u0105ca si\u0119 ku upadkowi ruina. Przyci\u0105ga\u0142a wzrok strzelist\u0105, intryguj\u0105c\u0105 wie\u017cyczk\u0105, o kt\u00f3rej kr\u0105\u017cy\u0142y z\u0142owieszcze opowie\u015bci. Ostatni prywatni w\u0142a\u015bciciele posesji nosili si\u0119 z zamiarem wyburzenia budynku.<\/p>\n<p>Zwa\u017cywszy na pi\u0119kno jego architektury i centralne usytuowanie w przestrzeni miejskiej, by\u0142oby to niepowetowan\u0105 strat\u0105 dla miasta. W tej sytuacji odwa\u017cne decyzje i cierpliwe starania samorz\u0105du miejskiego odnios\u0142y skutek. Po kilkuletnich negocjacjach w sprawie zakupu willa wraz z dzia\u0142k\u0105 sta\u0142a si\u0119 w\u0142asno\u015bci\u0105 miasta, jeden z naj\u0142adniejszych grodziskich zabytk\u00f3w zosta\u0142 uratowany.<\/p>\n<p style=\"text-align: center;\"><strong>\u015arodki z UE na rewitalizacj\u0119<\/strong><\/p>\n<p>Kolejnym krokiem by\u0142o zdobycie funduszy na rewitalizacj\u0119. Z pomoc\u0105 przysz\u0142y fundusze unijne, dzi\u0119ki kt\u00f3rym uda\u0142o si\u0119 odremontowa\u0107 \u201eNiespodziank\u0119\u201d zar\u00f3wno zgodnie z wszelkimi regu\u0142ami sztuki, jak i w wersji maksymalnej \u2013 dzi\u0119ki czemu ma obecnie walory zar\u00f3wno obiektu zabytkowego, jak i przyjaznego budynku u\u017cyteczno\u015bci publicznej.<\/p>\n<p>Staranny remont pod \u015bcis\u0142ym nadzorem konserwatorskim w pe\u0142ni uwidoczni\u0142 unikalne detale Willi, jak cho\u0107by secesyjne balustrady balkonowe czy iglicowy dach na wie\u017cyczce. Poniewa\u017c pierwotne wyposa\u017cenie \u201eNiespodzianki\u201d nie dotrwa\u0142o do naszych czas\u00f3w, wewn\u0105trz panuje duch minimalistycznej elegancji, kt\u00f3ry wsp\u00f3\u0142gra z przeznaczeniem budynku na cele administracyjno \u2013 kulturalne. Sympatyczn\u0105 ciekawostk\u0105 s\u0105 kr\u0119cone schody w okr\u0105g\u0142ej wie\u017cyczce.<\/p>\n<p style=\"text-align: center;\"><strong>Nowe funkcje budynku<\/strong><\/p>\n<p>Willa \u201eNiespodzianka\u201d podlega grodziskiemu Centrum Kultury, pe\u0142ni\u0105c jednocze\u015bnie r\u00f3\u017cne funkcje: Pa\u0142acu \u015alub\u00f3w, budynku obrad Rady Miejskiej i galerii dzie\u0142 artystycznych \u2013 obecnie eksponowane s\u0105 prace prawnuczki J\u00f3zefa Che\u0142mo\u0144skiego Marii Aust \u2013 \u0141api\u0144skiej i jej m\u0119\u017ca Tadeusza \u0141api\u0144skiego, znanych artyst\u00f3w.<\/p>\n<p style=\"text-align: center;\"><strong>Ciekawa historia<\/strong><\/p>\n<p>Podobnie jak inne zabytkowe obiekty w Grodzisku, \u201eNiespodzianka\u201d ma ciekaw\u0105 i godn\u0105 przypomnienia histori\u0119. Powsta\u0142a na samym pocz\u0105tku XX wieku, w czasach, gdy Grodzisk by\u0142 modnym, rozwijaj\u0105cym si\u0119 dynamicznie podwarszawskim uzdrowiskiem.<\/p>\n<p>Efektowny projekt zawdzi\u0119cza wzi\u0119temu petersburskiemu architektowi, J\u00f3zefowi Moszy\u0144skiemu, kt\u00f3ry zakupi\u0142 tu dzia\u0142k\u0119 i wybudowa\u0142 will\u0119 jako niespodziank\u0119 dla matki i siostry. Powsta\u0142 niedu\u017cy budynek w eklektycznym stylu, z ozdobnymi detalami, kt\u00f3ry harmonijnie po\u0142\u0105czy\u0142 cechy szwajcarskiego zameczku i willi w stylu w\u0142oskim. Jako\u015b\u0107 wyko\u0144czenia powierzono \u015bwietnym rzemie\u015blnikom. Moszy\u0144ski sam zaprojektowa\u0142 te\u017c meble \u2013 w stylu secesyjnym, wtedy dopiero wschodz\u0105cym, o urodzie secesji \u015bwiadcz\u0105 do dzi\u015b przepi\u0119kne balustrady balkon\u00f3w.<\/p>\n<p style=\"text-align: center;\"><strong>W s\u0105siedztwie ratusza<\/strong><\/p>\n<p>Od lat 30-tych XX wieku do czas\u00f3w wsp\u00f3\u0142czesnych willa pozostawa\u0142a ju\u017c w r\u0119kach innych rodzin. Jak m\u00f3wi \u0141ukasz Nowacki, historyk Grodziska, \u201edochodzi\u0142o tu do romans\u00f3w, otru\u0107, tajemniczych pr\u00f3b samob\u00f3jczych\u201d, by\u0142a historia okupacyjna i AK-owska, jednym s\u0142owem dzieje \u201eNiespodzianki\u201d by\u0142y nietuzinkowe, a tajemnicza aura z niej emanuj\u0105ca niebezpodstawna.<\/p>\n<p>Obecnie willa zachwyca urod\u0105, tchnie \u015bwie\u017co\u015bci\u0105, podobnie jak elegancka, nowa nawierzchnia wok\u00f3\u0142 niej, zharmonizowana stylistycznie. Projekt Ratusza, kt\u00f3ry ma powsta\u0107 obok, zak\u0142ada, \u017ce w p\u00f3\u0142kolistej szklanej fasadzie odbija\u0107 si\u0119 b\u0119dzie \u201eNiespodzianka\u201d. Mo\u017cna wi\u0119c spodziewa\u0107 si\u0119 nie lada efektu.<\/p>\n<p style=\"text-align: right;\">Tekst i foto: <strong>(PS)<\/strong><\/p>\n","protected":false},"excerpt":{"rendered":"<p>Ju\u017c od kilku miesi\u0119cy w krajobrazie Grodziska Mazowieckiego podziwia\u0107 mo\u017cemy kolejny zabytkowy obiekt architektoniczny, kt\u00f3ry doczeka\u0142 si\u0119 rewitalizacji i odzyska\u0142 \u015bwietno\u015b\u0107 utracon\u0105 na d\u0142ugie lata. Willa \u201eNiespodzianka\u201d po\u0142o\u017cona przy ul. Ko\u015bciuszki 12, vis a vis Centrum Kultury, \u015bwiec\u0105ca obecnie pe\u0142nym blaskiem, jest widomym \u015bwiadectwem dba\u0142o\u015bci o dziedzictwo kulturalne i historyczne miasta. Tym bardziej, \u017ce droga [&hellip;]<\/p>\n","protected":false},"author":2,"featured_media":2762,"comment_status":"closed","ping_status":"open","sticky":false,"template":"","format":"standard","meta":{"footnotes":""},"categories":[9,6,8,5],"tags":[],"class_list":["post-2761","post","type-post","status-publish","format-standard","has-post-thumbnail","hentry","category-edukacja","category-kultura","category-roznosci","category-wiadomosci"],"_links":{"self":[{"href":"https:\/\/fleschmazowsza.com.pl\/index.php?rest_route=\/wp\/v2\/posts\/2761","targetHints":{"allow":["GET"]}}],"collection":[{"href":"https:\/\/fleschmazowsza.com.pl\/index.php?rest_route=\/wp\/v2\/posts"}],"about":[{"href":"https:\/\/fleschmazowsza.com.pl\/index.php?rest_route=\/wp\/v2\/types\/post"}],"author":[{"embeddable":true,"href":"https:\/\/fleschmazowsza.com.pl\/index.php?rest_route=\/wp\/v2\/users\/2"}],"replies":[{"embeddable":true,"href":"https:\/\/fleschmazowsza.com.pl\/index.php?rest_route=%2Fwp%2Fv2%2Fcomments&post=2761"}],"version-history":[{"count":1,"href":"https:\/\/fleschmazowsza.com.pl\/index.php?rest_route=\/wp\/v2\/posts\/2761\/revisions"}],"predecessor-version":[{"id":2763,"href":"https:\/\/fleschmazowsza.com.pl\/index.php?rest_route=\/wp\/v2\/posts\/2761\/revisions\/2763"}],"wp:featuredmedia":[{"embeddable":true,"href":"https:\/\/fleschmazowsza.com.pl\/index.php?rest_route=\/wp\/v2\/media\/2762"}],"wp:attachment":[{"href":"https:\/\/fleschmazowsza.com.pl\/index.php?rest_route=%2Fwp%2Fv2%2Fmedia&parent=2761"}],"wp:term":[{"taxonomy":"category","embeddable":true,"href":"https:\/\/fleschmazowsza.com.pl\/index.php?rest_route=%2Fwp%2Fv2%2Fcategories&post=2761"},{"taxonomy":"post_tag","embeddable":true,"href":"https:\/\/fleschmazowsza.com.pl\/index.php?rest_route=%2Fwp%2Fv2%2Ftags&post=2761"}],"curies":[{"name":"wp","href":"https:\/\/api.w.org\/{rel}","templated":true}]}}