{"id":2755,"date":"2018-09-28T13:24:45","date_gmt":"2018-09-28T12:24:45","guid":{"rendered":"http:\/\/fleschmazowsza.com.pl\/?p=2755"},"modified":"2018-09-28T13:24:45","modified_gmt":"2018-09-28T12:24:45","slug":"dodatkowe-pieniadze-dla-trzech-szkol","status":"publish","type":"post","link":"https:\/\/fleschmazowsza.com.pl\/?p=2755","title":{"rendered":"Dodatkowe pieni\u0105dze dla trzech szk\u00f3\u0142"},"content":{"rendered":"<p><strong>Prawie 650 tys. z\u0142 dofinansowania otrzyma\u0142y trzy szko\u0142y z terenu Pruszkowa. Pieni\u0105dze maj\u0105 zosta\u0107 przeznaczone na podnoszenie kompetencji kluczowych uczni\u00f3w i doposa\u017cenie pracowni.<\/strong><\/p>\n<p>Projekt \u201ePodniesienie kompetencji kluczowych uczni\u00f3w oraz rozw\u00f3j indywidualnego podej\u015bcia do ucznia, zw\u0142aszcza ze specjalnymi potrzebami edukacyjnymi, w szko\u0142ach Powiatu Pruszkowskiego (L.O. im. T. Ko\u015bciuszki w Pruszkowie, L.O. im. T. Zana w Pruszkowie, Zesp\u00f3\u0142 Szk\u00f3\u0142 Og\u00f3lnokszta\u0142c\u0105cych i Sportowych w Pruszkowie)\u201d uzyska\u0142 649 141,55 z\u0142 dofinansowania. Wsparciem zostanie obj\u0119tych minimum 506 uczni\u00f3w oraz 90 nauczycieli w trzech szko\u0142ach \u015brednich.<\/p>\n<p>G\u0142\u00f3wnym za\u0142o\u017ceniem projektu jest poszerzanie wiedzy matematyczno-przyrodniczej i teleinformatycznej uczni\u00f3w oraz doskonalenie ich znajomo\u015bci j\u0119zyk\u00f3w obcych. W ramach projektu b\u0119d\u0105 prowadzone m.in. zaj\u0119cia pozalekcyjne z programowania, biologiczne k\u00f3\u0142ka do\u015bwiadczalne, a tak\u017ce dodatkowe zaj\u0119cia z matematyki i j\u0119zyk\u00f3w obcych.<\/p>\n<p>Zaplanowano r\u00f3wnie\u017c wyjazdy edukacyjne dla uczni\u00f3w do takich miejsc jak Centrum Nauki Kopernik, Narodowe Muzeum Techniki czy Narodowe Centrum Bada\u0144 J\u0105drowych. Projekt zak\u0142ada tak\u017ce podnoszenie kompetencji zawodowych nauczycieli m.in. poprzez przeprowadzenie szkole\u0144 z nowoczesnych technik nauczania. Za otrzymane \u015brodki ma zosta\u0107 r\u00f3wnie\u017c zakupiony sprz\u0119t teleinformatyczny i wyposa\u017cenie pracowni matematyczno-przyrodniczych.<\/p>\n<p>Dzi\u0119ki temu w Liceum im. Tomasza Zana powstanie mobilne laboratorium z pomocami do wykonywania do\u015bwiadcze\u0144 z zakresu mechaniki, elektryczno\u015bci, termodynamiki, magnetyzmu, optyki, chemii i biologii, a wszystkie szko\u0142y bior\u0105ce udzia\u0142 w projekcie otrzymaj\u0105 nowy sprz\u0119t informatyczny. Wszystkie za\u0142o\u017cenia programu maj\u0105 by\u0107 zrealizowane do ko\u0144ca czerwca 2020 roku.<\/p>\n<p><a name=\"_GoBack\"><\/a>&#8211; To bardzo dobra wiadomo\u015b\u0107 dla uczni\u00f3w i ich rodzic\u00f3w, nauczycieli oraz wszystkich mieszka\u0144c\u00f3w powiatu pruszkowskiego, kt\u00f3rzy b\u0119d\u0105 mogli obserwowa\u0107 dalszy rozw\u00f3j prowadzonych przez nas plac\u00f3wek \u2013 m\u00f3wi starosta pruszkowski Maksym Go\u0142o\u015b.<\/p>\n<p style=\"text-align: right;\"><strong>Kinga Rochalska<\/strong><\/p>\n","protected":false},"excerpt":{"rendered":"<p>Prawie 650 tys. z\u0142 dofinansowania otrzyma\u0142y trzy szko\u0142y z terenu Pruszkowa. Pieni\u0105dze maj\u0105 zosta\u0107 przeznaczone na podnoszenie kompetencji kluczowych uczni\u00f3w i doposa\u017cenie pracowni. Projekt \u201ePodniesienie kompetencji kluczowych uczni\u00f3w oraz rozw\u00f3j indywidualnego podej\u015bcia do ucznia, zw\u0142aszcza ze specjalnymi potrzebami edukacyjnymi, w szko\u0142ach Powiatu Pruszkowskiego (L.O. im. T. Ko\u015bciuszki w Pruszkowie, L.O. im. T. Zana w Pruszkowie, [&hellip;]<\/p>\n","protected":false},"author":2,"featured_media":2756,"comment_status":"closed","ping_status":"open","sticky":false,"template":"","format":"standard","meta":{"footnotes":""},"categories":[9,8,5],"tags":[],"class_list":["post-2755","post","type-post","status-publish","format-standard","has-post-thumbnail","hentry","category-edukacja","category-roznosci","category-wiadomosci"],"_links":{"self":[{"href":"https:\/\/fleschmazowsza.com.pl\/index.php?rest_route=\/wp\/v2\/posts\/2755","targetHints":{"allow":["GET"]}}],"collection":[{"href":"https:\/\/fleschmazowsza.com.pl\/index.php?rest_route=\/wp\/v2\/posts"}],"about":[{"href":"https:\/\/fleschmazowsza.com.pl\/index.php?rest_route=\/wp\/v2\/types\/post"}],"author":[{"embeddable":true,"href":"https:\/\/fleschmazowsza.com.pl\/index.php?rest_route=\/wp\/v2\/users\/2"}],"replies":[{"embeddable":true,"href":"https:\/\/fleschmazowsza.com.pl\/index.php?rest_route=%2Fwp%2Fv2%2Fcomments&post=2755"}],"version-history":[{"count":1,"href":"https:\/\/fleschmazowsza.com.pl\/index.php?rest_route=\/wp\/v2\/posts\/2755\/revisions"}],"predecessor-version":[{"id":2757,"href":"https:\/\/fleschmazowsza.com.pl\/index.php?rest_route=\/wp\/v2\/posts\/2755\/revisions\/2757"}],"wp:featuredmedia":[{"embeddable":true,"href":"https:\/\/fleschmazowsza.com.pl\/index.php?rest_route=\/wp\/v2\/media\/2756"}],"wp:attachment":[{"href":"https:\/\/fleschmazowsza.com.pl\/index.php?rest_route=%2Fwp%2Fv2%2Fmedia&parent=2755"}],"wp:term":[{"taxonomy":"category","embeddable":true,"href":"https:\/\/fleschmazowsza.com.pl\/index.php?rest_route=%2Fwp%2Fv2%2Fcategories&post=2755"},{"taxonomy":"post_tag","embeddable":true,"href":"https:\/\/fleschmazowsza.com.pl\/index.php?rest_route=%2Fwp%2Fv2%2Ftags&post=2755"}],"curies":[{"name":"wp","href":"https:\/\/api.w.org\/{rel}","templated":true}]}}