{"id":2745,"date":"2018-09-14T13:30:15","date_gmt":"2018-09-14T12:30:15","guid":{"rendered":"http:\/\/fleschmazowsza.com.pl\/?p=2745"},"modified":"2018-09-14T13:30:15","modified_gmt":"2018-09-14T12:30:15","slug":"zegnaj-lato-na-rok","status":"publish","type":"post","link":"https:\/\/fleschmazowsza.com.pl\/?p=2745","title":{"rendered":"\u017begnaj lato na rok"},"content":{"rendered":"<p><strong>Ju\u017c po raz osiemnasty mieszka\u0144cy Pruszkowa mieli okazj\u0119 bawi\u0107 si\u0119 podczas corocznej imprezy organizowanej pod has\u0142em \u201ePo\u017cegnanie lata\u201d. W tym roku gwiazd\u0105 wieczoru by\u0142 zesp\u00f3\u0142 Perfect.<\/strong><\/p>\n<p>Tegoroczne \u201ePo\u017cegnanie lata\u201d oby\u0142o si\u0119 w Parku Mazowsze na pruszkowskim \u017bbikowie. Impreza rozpocz\u0119\u0142a si\u0119 o godzinie 12 \u2013 tej i trwa\u0142a do p\u00f3\u017anych godzin wieczornych. Organizacja XVIII edycji imprezy na zako\u0144czenie lata nie zawiod\u0142a. Jak co roku, by\u0142 to wyj\u0105tkowy piknik rodzinny po\u0142\u0105czony z dawk\u0105 dobrej muzyki. Na pruszkowian czeka\u0142y wycieczki krajoznawcze, gry, konkursy i zabawy.<\/p>\n<p>Piknikowi towarzyszy\u0142y koncerty plenerowe zespo\u0142u Fantazja z Szyd\u0142owca oraz zespo\u0142u 4 Szmery, kt\u00f3ry przedstawi\u0142 covery znanego na ca\u0142ym \u015bwiecie zespo\u0142u AC\/DC. Gwiazd\u0105 wieczoru by\u0142 zesp\u00f3\u0142 Perfect, na kt\u00f3rego wyst\u0119p, pomimo deszczowej aury, zjawi\u0142y si\u0119 t\u0142umy mieszka\u0144c\u00f3w.<\/p>\n<p style=\"text-align: right;\"><strong>Kinga Rochalska<\/strong><\/p>\n<p style=\"text-align: right;\">Fot. <strong><em>www.pruszkow.pl<\/em><\/strong><\/p>\n","protected":false},"excerpt":{"rendered":"<p>Ju\u017c po raz osiemnasty mieszka\u0144cy Pruszkowa mieli okazj\u0119 bawi\u0107 si\u0119 podczas corocznej imprezy organizowanej pod has\u0142em \u201ePo\u017cegnanie lata\u201d. W tym roku gwiazd\u0105 wieczoru by\u0142 zesp\u00f3\u0142 Perfect. Tegoroczne \u201ePo\u017cegnanie lata\u201d oby\u0142o si\u0119 w Parku Mazowsze na pruszkowskim \u017bbikowie. Impreza rozpocz\u0119\u0142a si\u0119 o godzinie 12 \u2013 tej i trwa\u0142a do p\u00f3\u017anych godzin wieczornych. Organizacja XVIII edycji imprezy [&hellip;]<\/p>\n","protected":false},"author":2,"featured_media":2746,"comment_status":"closed","ping_status":"open","sticky":false,"template":"","format":"standard","meta":{"footnotes":""},"categories":[9,6,8,5],"tags":[],"class_list":["post-2745","post","type-post","status-publish","format-standard","has-post-thumbnail","hentry","category-edukacja","category-kultura","category-roznosci","category-wiadomosci"],"_links":{"self":[{"href":"https:\/\/fleschmazowsza.com.pl\/index.php?rest_route=\/wp\/v2\/posts\/2745","targetHints":{"allow":["GET"]}}],"collection":[{"href":"https:\/\/fleschmazowsza.com.pl\/index.php?rest_route=\/wp\/v2\/posts"}],"about":[{"href":"https:\/\/fleschmazowsza.com.pl\/index.php?rest_route=\/wp\/v2\/types\/post"}],"author":[{"embeddable":true,"href":"https:\/\/fleschmazowsza.com.pl\/index.php?rest_route=\/wp\/v2\/users\/2"}],"replies":[{"embeddable":true,"href":"https:\/\/fleschmazowsza.com.pl\/index.php?rest_route=%2Fwp%2Fv2%2Fcomments&post=2745"}],"version-history":[{"count":1,"href":"https:\/\/fleschmazowsza.com.pl\/index.php?rest_route=\/wp\/v2\/posts\/2745\/revisions"}],"predecessor-version":[{"id":2747,"href":"https:\/\/fleschmazowsza.com.pl\/index.php?rest_route=\/wp\/v2\/posts\/2745\/revisions\/2747"}],"wp:featuredmedia":[{"embeddable":true,"href":"https:\/\/fleschmazowsza.com.pl\/index.php?rest_route=\/wp\/v2\/media\/2746"}],"wp:attachment":[{"href":"https:\/\/fleschmazowsza.com.pl\/index.php?rest_route=%2Fwp%2Fv2%2Fmedia&parent=2745"}],"wp:term":[{"taxonomy":"category","embeddable":true,"href":"https:\/\/fleschmazowsza.com.pl\/index.php?rest_route=%2Fwp%2Fv2%2Fcategories&post=2745"},{"taxonomy":"post_tag","embeddable":true,"href":"https:\/\/fleschmazowsza.com.pl\/index.php?rest_route=%2Fwp%2Fv2%2Ftags&post=2745"}],"curies":[{"name":"wp","href":"https:\/\/api.w.org\/{rel}","templated":true}]}}