{"id":2723,"date":"2018-09-14T12:36:16","date_gmt":"2018-09-14T11:36:16","guid":{"rendered":"http:\/\/fleschmazowsza.com.pl\/?p=2723"},"modified":"2018-09-14T12:36:16","modified_gmt":"2018-09-14T11:36:16","slug":"jesien-z-kinem-retro-w-ursusie","status":"publish","type":"post","link":"https:\/\/fleschmazowsza.com.pl\/?p=2723","title":{"rendered":"Jesie\u0144 z Kinem Retro w Ursusie"},"content":{"rendered":"<p><strong><a name=\"__DdeLink__115_459884645\"><\/a>Po przerwie wakacyjnej wracaj\u0105 mi\u0119dzypokoleniowe bezp\u0142atne pokazy filmowe, kt\u00f3rych organizatorem jest Stowarzyszenie Pracownia Etnograficzna. Pierwszy film obejrzeli\u015bmy ju\u017c 12 wrze\u015bnia. Po projekcjach, jak zawsze, odb\u0119d\u0105 si\u0119 dyskusje z ciekawymi go\u015b\u0107mi. Projekt jest wsp\u00f3\u0142finansowany ze \u015brodk\u00f3w Miasta Sto\u0142ecznego Warszawy.<\/strong><\/p>\n<p>Wi\u0119kszo\u015b\u0107 pokaz\u00f3w odb\u0119dzie si\u0119 w Kinie Ursus w O\u015brodku Kultury \u201eArsus\u201d, przy ul. Traktorzyst\u00f3w 14. Wszystkie projekcje rozpoczynaj\u0105 si\u0119 o godzinie 17.00. Wst\u0119p jest wolny.<\/p>\n<p>W \u015brod\u0119, 12 wrze\u015bnia, obejrzeli\u015bmy \u201eHappy end\u201d Michael Hanekego. Film ukazuje krytyk\u0119 zachodniej bur\u017cuazji, a nawet, jak twierdz\u0105 niekt\u00f3rzy krytycy, schy\u0142ek zachodniej cywilizacji. Jak zawsze w przypadku film\u00f3w austriackiego re\u017cysera przedstawione historie nie pozostawiaj\u0105 odbiorcom \u017cadnych z\u0142udze\u0144.<\/p>\n<p>Kolejny film, to z kolei klasyka polskiego kina, widzowie b\u0119d\u0119 mieli okazj\u0119 obejrze\u0107 film z 1977 roku \u201e\u015amier\u0107 prezydenta\u201d, w re\u017cyserii Jerzego Kawalerowicza. Historia zab\u00f3jstwa Gabriela Narutowicza przez fanatycznego zamachowca przedstawiona jest na tle Polski lat dwudziestych.<\/p>\n<p>W pa\u017adzierniku wy\u015bwietlone b\u0119d\u0105 a\u017c dwa filmy. 10-ego na ekranie kina Ursus b\u0119dzie mo\u017cna obejrze\u0107 film \u201eBarany\u201d. Islandzka opowie\u015b\u0107 z 2015 roku. Film Gr\u00edmura H\u00e1konarsona zosta\u0142 nagrodzony w Cannes, by\u0142 te\u017c islandzkim kandydatem do Oscara. To historia sk\u0142\u00f3conych od ponad czterdziestu lat braci, kt\u00f3rych konflikt za\u017cegnuje mi\u0142o\u015b\u0107 do owiec. Dwa tygodnie p\u00f3\u017aniej poznamy histori\u0119 50-letniej Aurory, kt\u00f3ra \u015bwie\u017co po rozstaniu z m\u0119\u017cem straci\u0142a prac\u0119 i dowiaduje si\u0119, \u017ce zostanie babci\u0105. Czy to jest dobry moment na spotkanie swojej dawnej wielkiej mi\u0142o\u015bci sprzed lat? \u2013 dowiemy si\u0119 z filmu \u201e50 wiosen Aurory\u201d.<\/p>\n<p>Listopadowe seanse odb\u0119d\u0105 si\u0119 pod znakiem polskiego kina. 7-ego obejrzymy dramat fabularny z 2017 roku w re\u017cyserii Andrzeja Jakimowskiego \u201ePewnego razu w listopadzie\u201d. To przyk\u0142ad kina zaanga\u017cowanego spo\u0142ecznie, poruszaj\u0105cego temat dzikiej reprywatyzacji. Opowiada o warszawiakach, kt\u00f3rzy w wyniku eksmisji trafiaj\u0105 na ulic\u0119.<\/p>\n<p>Natomiast 21-ego listopada na ekranie pojawi si\u0119 dokument grupy Filmownia \u201eGdyby koty mog\u0142y m\u00f3wi\u0107\u201d. Film opowiada o \u017cyciu miejskich kot\u00f3w w Polsce i jest odpowiedzi\u0105 na turecki film \u201eKedi \u2013 sekretne \u017cycie kot\u00f3w\u201d. Po seansie odb\u0119dzie si\u0119 dyskusja na temat bezdomnych zwierz\u0105t i formach udzielania im pomocy.<\/p>\n<p>A na koniec zobaczymy \u201eKobiet\u0119 z lodu\u201d czeski komediodramat z 2017 roku w re\u017cyserii Bohdana Sl\u00e1my. Film opowiada o wdowie, kt\u00f3ra rozpoczyna swoje nowe \u017cycie w grupie mors\u00f3w. Kobieta stopniowo uczy si\u0119 jak pokona\u0107 strach przed lodowat\u0105 wod\u0105, a tak\u017ce ponownie spotyka mi\u0142o\u015b\u0107.<\/p>\n<p style=\"text-align: center;\"><strong>***<\/strong><\/p>\n<p>W tym p\u00f3\u0142roczu cykl Kino Retro dofinansowany jest ze \u015brodk\u00f3w unijnych pochodz\u0105cych z programu Europa dla obywateli a tak\u017ce przez O\u015brodek Kultury \u201eArsus\u201d, w kt\u00f3rym odbywaj\u0105 si\u0119 pokazy. Partnerem projektu jest Biblioteka Publiczna w Dzielnicy Ursus m.st. Warszawy.<\/p>\n<p style=\"text-align: right;\">Tekst i foto: <strong>Lucyna D\u0105browska<\/strong><\/p>\n","protected":false},"excerpt":{"rendered":"<p>Po przerwie wakacyjnej wracaj\u0105 mi\u0119dzypokoleniowe bezp\u0142atne pokazy filmowe, kt\u00f3rych organizatorem jest Stowarzyszenie Pracownia Etnograficzna. Pierwszy film obejrzeli\u015bmy ju\u017c 12 wrze\u015bnia. Po projekcjach, jak zawsze, odb\u0119d\u0105 si\u0119 dyskusje z ciekawymi go\u015b\u0107mi. Projekt jest wsp\u00f3\u0142finansowany ze \u015brodk\u00f3w Miasta Sto\u0142ecznego Warszawy. Wi\u0119kszo\u015b\u0107 pokaz\u00f3w odb\u0119dzie si\u0119 w Kinie Ursus w O\u015brodku Kultury \u201eArsus\u201d, przy ul. Traktorzyst\u00f3w 14. Wszystkie projekcje [&hellip;]<\/p>\n","protected":false},"author":2,"featured_media":2724,"comment_status":"closed","ping_status":"open","sticky":false,"template":"","format":"standard","meta":{"footnotes":""},"categories":[6,8,5],"tags":[],"class_list":["post-2723","post","type-post","status-publish","format-standard","has-post-thumbnail","hentry","category-kultura","category-roznosci","category-wiadomosci"],"_links":{"self":[{"href":"https:\/\/fleschmazowsza.com.pl\/index.php?rest_route=\/wp\/v2\/posts\/2723","targetHints":{"allow":["GET"]}}],"collection":[{"href":"https:\/\/fleschmazowsza.com.pl\/index.php?rest_route=\/wp\/v2\/posts"}],"about":[{"href":"https:\/\/fleschmazowsza.com.pl\/index.php?rest_route=\/wp\/v2\/types\/post"}],"author":[{"embeddable":true,"href":"https:\/\/fleschmazowsza.com.pl\/index.php?rest_route=\/wp\/v2\/users\/2"}],"replies":[{"embeddable":true,"href":"https:\/\/fleschmazowsza.com.pl\/index.php?rest_route=%2Fwp%2Fv2%2Fcomments&post=2723"}],"version-history":[{"count":1,"href":"https:\/\/fleschmazowsza.com.pl\/index.php?rest_route=\/wp\/v2\/posts\/2723\/revisions"}],"predecessor-version":[{"id":2725,"href":"https:\/\/fleschmazowsza.com.pl\/index.php?rest_route=\/wp\/v2\/posts\/2723\/revisions\/2725"}],"wp:featuredmedia":[{"embeddable":true,"href":"https:\/\/fleschmazowsza.com.pl\/index.php?rest_route=\/wp\/v2\/media\/2724"}],"wp:attachment":[{"href":"https:\/\/fleschmazowsza.com.pl\/index.php?rest_route=%2Fwp%2Fv2%2Fmedia&parent=2723"}],"wp:term":[{"taxonomy":"category","embeddable":true,"href":"https:\/\/fleschmazowsza.com.pl\/index.php?rest_route=%2Fwp%2Fv2%2Fcategories&post=2723"},{"taxonomy":"post_tag","embeddable":true,"href":"https:\/\/fleschmazowsza.com.pl\/index.php?rest_route=%2Fwp%2Fv2%2Ftags&post=2723"}],"curies":[{"name":"wp","href":"https:\/\/api.w.org\/{rel}","templated":true}]}}