{"id":272,"date":"2016-11-15T08:37:42","date_gmt":"2016-11-15T07:37:42","guid":{"rendered":"http:\/\/fleschmazowsza.com.pl\/?p=272"},"modified":"2016-11-15T08:37:42","modified_gmt":"2016-11-15T07:37:42","slug":"droga-redakcjo","status":"publish","type":"post","link":"https:\/\/fleschmazowsza.com.pl\/?p=272","title":{"rendered":"Droga Redakcjo"},"content":{"rendered":"<p><em><strong>Zwracam si\u0119 do Pa\u0144stwa licz\u0105c na to, \u017ce pomo\u017cecie mi nag\u0142o\u015bni\u0107 spraw\u0119 przyprowadzania chorych dzieci do przedszkoli.<\/strong><\/em><\/p>\n<p><em>Jestem mam\u0105 4 letniego Fabianka, moje dziecko nieustannie choruje, ledwo zd\u0105\u017cymy go wyleczy\u0107 synek idzie do przedszkola i od chorego dziecka znowu si\u0119 zara\u017ca. Tak jest ca\u0142y czas a odporno\u015b\u0107 dziecka z choroby na chorob\u0119 coraz bardziej spada.<\/em><\/p>\n<p><em>Rozmawia\u0142am ju\u017c z Dyrekcj\u0105, nauczycielkami, wszyscy umywaj\u0105 r\u0119ce, m\u00f3wi\u0105, \u017ce nie s\u0105 w stanie zmusi\u0107 rodzic\u00f3w \u017ceby leczyli swoje dzieci i do przedszkola przyprowadzali zdrowe.<\/em><\/p>\n<p><em>Czasem ju\u017c zastanawiam si\u0119 czy nie jest im tak wygodniej bo czym wi\u0119cej dzieci chorych i w domu tym maj\u0105 mniej pod opiek\u0105. Oboje z m\u0119\u017cem mamy wykorzystane ca\u0142e urlopy, ci\u0105gle wymiennie jeste\u015bmy na zwolnieniach.<\/em><\/p>\n<p><em>Prosz\u0119 o rad\u0119, o nag\u0142o\u015bnienie sprawy bo z rozm\u00f3w ze znajomymi wiem, \u017ce taka sytuacja ma miejsce w wi\u0119kszo\u015bci przedszkoli w Pruszkowie.<\/em><\/p>\n<p style=\"text-align: right;\"><em>Pozdrawiam,<\/em><\/p>\n<p style=\"text-align: right;\"><strong><em>Daria 37 l<\/em><\/strong><\/p>\n<p style=\"text-align: right;\"><em>Bezradna mama Fabianka<\/em><\/p>\n<p><strong>Szanowna Pani Dario<\/strong><\/p>\n<p>Wiem doskonale co Pani czuje gdy\u017c temat niestety jest mi osobi\u015bcie bardzo bliski. Moja 5 letnia c\u00f3reczka r\u00f3wnie\u017c notorycznie zostaje zara\u017cana przez niedoleczone dzieci w przedszkolu.<\/p>\n<p>Mimo tego, \u017ce my jako rodzice dbamy o ni\u0105, zostawiamy w domu gdy tylko pojawia si\u0119 katar nie jeste\u015bmy w stanie unikn\u0105\u0107 ci\u0105g\u0142ych przezi\u0119bie\u0144, kt\u00f3re s\u0105 w\u0142a\u015bnie efektem lekkomy\u015blno\u015bci rodzic\u00f3w przyprowadzaj\u0105ce chore dzieci.<\/p>\n<p>Pani Dario informacja jak\u0105 uzyska\u0142a Pani od Dyrekcji przedszkola jest tylko cz\u0119\u015bciowo prawdziwa poniewa\u017c faktycznie przepisy prawa nie reguluj\u0105 kwestii dotycz\u0105cych przyprowadzania chorych dzieci do przedszkola. Plac\u00f3wka powinna wi\u0119c dzia\u0142a\u0107 w oparciu o zasady okre\u015blone w prawie wewn\u0105trzprzedszkolnym, kt\u00f3re b\u0119d\u0105 znane rodzicom i do kt\u00f3rych przestrzegania s\u0105 zobowi\u0105zani. Ustalenia dotycz\u0105ce bezpiecze\u0144stwa powinny by\u0107 wi\u0119c uregulowane w statucie.<\/p>\n<p>Rzecznik Praw Dziecka w wyst\u0105pieniu z 23 czerwca 2010 r., informuj\u0105c, \u017ce chore dziecko nie powinno trafi\u0107 do przedszkola, bo nara\u017ca swoje zdrowie oraz zdrowie innych dzieci argumentowa\u0142 za wprowadzeniem do statutu zapis\u00f3w reguluj\u0105cych uprawnienia i obowi\u0105zki pracownik\u00f3w plac\u00f3wki w stosunku do chorych dzieci i ich rodzic\u00f3w.<\/p>\n<p>Zatem umieszczenie tych\u017ce zapis\u00f3w w wewn\u0119trznym statucie przedszkola jest mo\u017cliwe i powinni\u015bmy egzekwowa\u0107 to w swoich plac\u00f3wkach.<\/p>\n<p>Oczywi\u015bcie pozostaje jeszcze opcja rozmawiania z rodzicami na zebraniach lecz tu nie spodziewa\u0142abym si\u0119 sukces\u00f3w gdy\u017c wszyscy jeste\u015bmy doros\u0142ymi lud\u017ami i \u015bwiadomymi zagro\u017ce\u0144 a jednak wielu z nas puszcza chore dzieci do przedszkoli i szk\u00f3\u0142.<\/p>\n<p>W imieniu Pani Darii i wielu rodzic\u00f3w, kt\u00f3rych ten problem dotyka bezpo\u015brednio zwracam si\u0119 z pro\u015bb\u0105 do os\u00f3b zarz\u0105dzaj\u0105cych plac\u00f3wkami kszta\u0142cenia o podj\u0119cie zdecydowanych dzia\u0142a\u0144, kt\u00f3re zminimalizuj\u0105 obecne zjawisko.<\/p>\n<p style=\"text-align: right;\">Pozdrawiam<\/p>\n<p style=\"text-align: right;\"><strong>Kasia W\u0142odarczyk<\/strong><\/p>\n<p><em>Drodzy czytelnicy czekam na Wasze maile na ka\u017cdy temat: redakcja@flesch.pl.<\/em><br \/>\n<em>Na \u0142amach gazety odpowiem Pa\u0144stwu na ka\u017cde trapi\u0105ce Was pytanie: gdzie najlepiej zje\u015b\u0107, gdzie kupi\u0107 tanio i fajnie, jak usun\u0105\u0107 plamy z t\u0142uszczu czy jak z pomp\u0105 o\u015bwiadczy\u0107 si\u0119 ukochanej.<\/em><\/p>\n","protected":false},"excerpt":{"rendered":"<p>Zwracam si\u0119 do Pa\u0144stwa licz\u0105c na to, \u017ce pomo\u017cecie mi nag\u0142o\u015bni\u0107 spraw\u0119 przyprowadzania chorych dzieci do przedszkoli. Jestem mam\u0105 4 letniego Fabianka, moje dziecko nieustannie choruje, ledwo zd\u0105\u017cymy go wyleczy\u0107 synek idzie do przedszkola i od chorego dziecka znowu si\u0119 zara\u017ca. Tak jest ca\u0142y czas a odporno\u015b\u0107 dziecka z choroby na chorob\u0119 coraz bardziej spada. [&hellip;]<\/p>\n","protected":false},"author":2,"featured_media":135,"comment_status":"closed","ping_status":"open","sticky":false,"template":"","format":"standard","meta":{"footnotes":""},"categories":[8],"tags":[],"class_list":["post-272","post","type-post","status-publish","format-standard","has-post-thumbnail","hentry","category-roznosci"],"_links":{"self":[{"href":"https:\/\/fleschmazowsza.com.pl\/index.php?rest_route=\/wp\/v2\/posts\/272","targetHints":{"allow":["GET"]}}],"collection":[{"href":"https:\/\/fleschmazowsza.com.pl\/index.php?rest_route=\/wp\/v2\/posts"}],"about":[{"href":"https:\/\/fleschmazowsza.com.pl\/index.php?rest_route=\/wp\/v2\/types\/post"}],"author":[{"embeddable":true,"href":"https:\/\/fleschmazowsza.com.pl\/index.php?rest_route=\/wp\/v2\/users\/2"}],"replies":[{"embeddable":true,"href":"https:\/\/fleschmazowsza.com.pl\/index.php?rest_route=%2Fwp%2Fv2%2Fcomments&post=272"}],"version-history":[{"count":1,"href":"https:\/\/fleschmazowsza.com.pl\/index.php?rest_route=\/wp\/v2\/posts\/272\/revisions"}],"predecessor-version":[{"id":273,"href":"https:\/\/fleschmazowsza.com.pl\/index.php?rest_route=\/wp\/v2\/posts\/272\/revisions\/273"}],"wp:featuredmedia":[{"embeddable":true,"href":"https:\/\/fleschmazowsza.com.pl\/index.php?rest_route=\/wp\/v2\/media\/135"}],"wp:attachment":[{"href":"https:\/\/fleschmazowsza.com.pl\/index.php?rest_route=%2Fwp%2Fv2%2Fmedia&parent=272"}],"wp:term":[{"taxonomy":"category","embeddable":true,"href":"https:\/\/fleschmazowsza.com.pl\/index.php?rest_route=%2Fwp%2Fv2%2Fcategories&post=272"},{"taxonomy":"post_tag","embeddable":true,"href":"https:\/\/fleschmazowsza.com.pl\/index.php?rest_route=%2Fwp%2Fv2%2Ftags&post=272"}],"curies":[{"name":"wp","href":"https:\/\/api.w.org\/{rel}","templated":true}]}}