{"id":268,"date":"2016-11-02T08:38:04","date_gmt":"2016-11-02T07:38:04","guid":{"rendered":"http:\/\/fleschmazowsza.com.pl\/?p=268"},"modified":"2016-11-02T08:38:04","modified_gmt":"2016-11-02T07:38:04","slug":"renowacje-mogil-wojennych-na-mazowszu","status":"publish","type":"post","link":"https:\/\/fleschmazowsza.com.pl\/?p=268","title":{"rendered":"Renowacje mogi\u0142 wojennych na Mazowszu"},"content":{"rendered":"<p><strong>Remonty 119 cmentarzy i kwater wojennych w 54 gminach prowadzone s\u0105 w wojew\u00f3dztwie mazowieckim. W tym roku na konserwacj\u0119 historycznych mogi\u0142 Wojewoda Mazowiecki przeznaczy\u0142 ok. 2,5 mln z\u0142. Na Mazowszu znajduje si\u0119 najwi\u0119cej w Polsce grob\u00f3w i cmentarzy wojennych\u00a0 \u2013 ponad 1300.<\/strong><\/p>\n<p>Najwi\u0119kszym przedsi\u0119wzi\u0119ciem by\u0142 remont kwatery \u017co\u0142nierzy Wojska Polskiego 1920 roku na Pow\u0105zkach Wojskowych w Warszawie. Z bud\u017cetu Wojewody przeznaczono na ten cel ponad 1 mln z\u0142. Podczas prac wymieniono m.in. 1 231 zniszczonych betonowych krzy\u017cy, a tak\u017ce poddano renowacji 1288 tabliczek epitafijnych oraz alejki mi\u0119dzy grobami poleg\u0142ych \u017co\u0142nierzy.<\/p>\n<p>Ponadto wykonano nast\u0119puj\u0105ce prace renowacyjne:<\/p>\n<p><em>Czernice Borowe<\/em> \u2013 remont mogi\u0142y nieznanego \u017co\u0142nierza na cmentarzu parafialnym w\u00a0Czernicach Borowych \u2013 koszt: 26,5 tys. z\u0142;<\/p>\n<p><em>Czerwi\u0144sk nad Wis\u0142\u0105<\/em> \u2013 remont mogi\u0142y zbiorowej \u017co\u0142nierzy Wojska Polskiego z 1939 r. na\u00a0cmentarzu parafialnym w Czerwi\u0144sku nad Wis\u0142\u0105 \u2013 koszt: 45 tys. z\u0142;<\/p>\n<p><em>Sobienie Jeziory<\/em> \u2013 remont mogi\u0142y nieznanych \u017co\u0142nierzy Wojska Polskiego z II wojny \u015bwiatowej na cmentarzu parafialnym w Sobieniach Jeziorach \u2013 koszt: ok. 33 tys. z\u0142;<\/p>\n<p><em>G\u0105bin<\/em> \u2013 remont mogi\u0142y zbiorowej \u017co\u0142nierzy Wojska Polskiego z 1939 r. \u2013 koszt: 10 tys. z\u0142;<\/p>\n<p><em>Wy\u015bmierzyce<\/em> \u2013 remont mogi\u0142y zbiorowej ofiar terroru z II wojny \u015bwiatowej we wsi Brodek \u2013 koszt: 40 tys. z\u0142;<\/p>\n<p><em>Jab\u0142onna<\/em> \u2013 remont mogi\u0142y zbiorowej 12 wi\u0119\u017ani\u00f3w Pawiaka na cmentarzu parafialnym \u2013 koszt ok. 28 tys. z\u0142;<\/p>\n<p><em>Gostynin<\/em> \u2013 odtworzenie mogi\u0142y \u017co\u0142nierzy niemieckich z I wojny \u015bwiatowej na cmentarzu ewangelicko augsburskim \u2013 koszt: 25 tys. z\u0142.<\/p>\n<p>Moim obowi\u0105zkiem jako Wojewody jest zapewnienie funduszy na remonty, konserwacje mogi\u0142 i cmentarzy z okresu I i II wojny \u015bwiatowej, powsta\u0144 narodowych oraz czas\u00f3w represji komunistycznej. To przecie\u017c nasza historia, nasza polsko\u015b\u0107, nauka dla m\u0142odego pokolenia \u2013 powiedzia\u0142 Zdzis\u0142aw Sipiera, Wojewoda Mazowiecki.<\/p>\n<p>W 2017 r. planowane s\u0105 kompleksowe remonty kwater wojennych \u017co\u0142nierzy Wrze\u015bnia 1939 r. na\u00a0Pow\u0105zkach Wojskowych w Warszawie oraz cmentarzach Bitwy nad Bzur\u0105 w I\u0142owie, Juliopolu, Teresinie, Budach Starych, Brwinowie, Kampinosie i Granicy.\u00a0Ka\u017cdego roku Wojewoda Mazowiecki przeznacza pieni\u0105dze na remonty mogi\u0142, utrzymanie porz\u0105dku na cmentarzach oraz konserwacj\u0119 zieleni cmentarzy wojennych. Wnioski o przyznanie dotacji gminy mog\u0105 sk\u0142ada\u0107 do 30 czerwca ka\u017cdego roku.<\/p>\n<p style=\"text-align: right;\"><strong>Zesp\u00f3\u0142 Prasowy Wojewody Mazowieckiego<\/strong><\/p>\n","protected":false},"excerpt":{"rendered":"<p>Remonty 119 cmentarzy i kwater wojennych w 54 gminach prowadzone s\u0105 w wojew\u00f3dztwie mazowieckim. W tym roku na konserwacj\u0119 historycznych mogi\u0142 Wojewoda Mazowiecki przeznaczy\u0142 ok. 2,5 mln z\u0142. Na Mazowszu znajduje si\u0119 najwi\u0119cej w Polsce grob\u00f3w i cmentarzy wojennych\u00a0 \u2013 ponad 1300. Najwi\u0119kszym przedsi\u0119wzi\u0119ciem by\u0142 remont kwatery \u017co\u0142nierzy Wojska Polskiego 1920 roku na Pow\u0105zkach Wojskowych [&hellip;]<\/p>\n","protected":false},"author":2,"featured_media":269,"comment_status":"closed","ping_status":"open","sticky":false,"template":"","format":"standard","meta":{"footnotes":""},"categories":[5],"tags":[],"class_list":["post-268","post","type-post","status-publish","format-standard","has-post-thumbnail","hentry","category-wiadomosci"],"_links":{"self":[{"href":"https:\/\/fleschmazowsza.com.pl\/index.php?rest_route=\/wp\/v2\/posts\/268","targetHints":{"allow":["GET"]}}],"collection":[{"href":"https:\/\/fleschmazowsza.com.pl\/index.php?rest_route=\/wp\/v2\/posts"}],"about":[{"href":"https:\/\/fleschmazowsza.com.pl\/index.php?rest_route=\/wp\/v2\/types\/post"}],"author":[{"embeddable":true,"href":"https:\/\/fleschmazowsza.com.pl\/index.php?rest_route=\/wp\/v2\/users\/2"}],"replies":[{"embeddable":true,"href":"https:\/\/fleschmazowsza.com.pl\/index.php?rest_route=%2Fwp%2Fv2%2Fcomments&post=268"}],"version-history":[{"count":1,"href":"https:\/\/fleschmazowsza.com.pl\/index.php?rest_route=\/wp\/v2\/posts\/268\/revisions"}],"predecessor-version":[{"id":270,"href":"https:\/\/fleschmazowsza.com.pl\/index.php?rest_route=\/wp\/v2\/posts\/268\/revisions\/270"}],"wp:featuredmedia":[{"embeddable":true,"href":"https:\/\/fleschmazowsza.com.pl\/index.php?rest_route=\/wp\/v2\/media\/269"}],"wp:attachment":[{"href":"https:\/\/fleschmazowsza.com.pl\/index.php?rest_route=%2Fwp%2Fv2%2Fmedia&parent=268"}],"wp:term":[{"taxonomy":"category","embeddable":true,"href":"https:\/\/fleschmazowsza.com.pl\/index.php?rest_route=%2Fwp%2Fv2%2Fcategories&post=268"},{"taxonomy":"post_tag","embeddable":true,"href":"https:\/\/fleschmazowsza.com.pl\/index.php?rest_route=%2Fwp%2Fv2%2Ftags&post=268"}],"curies":[{"name":"wp","href":"https:\/\/api.w.org\/{rel}","templated":true}]}}