{"id":2674,"date":"2018-08-14T13:33:27","date_gmt":"2018-08-14T12:33:27","guid":{"rendered":"http:\/\/fleschmazowsza.com.pl\/?p=2674"},"modified":"2018-08-14T13:33:27","modified_gmt":"2018-08-14T12:33:27","slug":"milanowek-mieszkancy-czekaja-na-otwarcie-basenu","status":"publish","type":"post","link":"https:\/\/fleschmazowsza.com.pl\/?p=2674","title":{"rendered":"MILAN\u00d3WEK. Mieszka\u0144cy czekaj\u0105 na otwarcie basenu"},"content":{"rendered":"<p><span style=\"color: #000000;\"><span lang=\"en-US\"><b>Sezon wakacyjny w pe<\/b><\/span><\/span><span style=\"color: #000000;\"><span style=\"font-family: Times New Roman CE, serif;\"><b>\u0142ni. Niestety mieszka\u0144cy Milan\u00f3wka nie mog\u0105 korzysta\u0107 z urok\u00f3w miejskiego k\u0105pieliska. Plenerowy basen na terenie miasta od d\u0142u\u017cszego czasu jest wy\u0142\u0105czony z u\u017cytku. W tym roku tak\u017ce nie zostanie otwarty.<\/b><\/span><\/span><\/p>\n<p><span style=\"color: #000000;\"><span lang=\"en-US\">Przed sezonem letnim w 2016 roku w<\/span><\/span><span style=\"color: #000000;\"><span style=\"font-family: Times New Roman CE, serif;\">\u0142adze Milan\u00f3wka zamkn\u0119\u0142y miejski basen. Magistrat uzasadnia\u0142 decyzj\u0119 zagro\u017ceniem dla bezpiecze\u0144stwa mieszka\u0144c\u00f3w.<\/span><\/span><\/p>\n<p><span style=\"color: #000000;\"><span style=\"font-family: Times New Roman CE, serif;\">Jak wskazywa\u0142y w\u0142adze miasta, dno basenu by\u0142o pop\u0119kane, beton p\u0142yty dennej by\u0142 z\u0142ej jako\u015bci, \u0142uszczy\u0142 si\u0119 i \u0142atwo dawa\u0142 si\u0119 odspaja\u0107. Du\u017ce zastrze\u017cenia budzi\u0142 tak\u017ce stan techniczny \u015bcian oporowych stanowi\u0105cych boki niecki basenu. Remont k\u0105pieliska lub ewentualn\u0105 budow\u0119 nowego plenerowego basenu w\u0142odarze miasta uzale\u017cniali od otrzymania dodatkowych dotacji. Pomys\u0142em by\u0142o pozyskanie funduszy norweskich w ramach rz\u0105dowego programu.<\/span><\/span><\/p>\n<p><span style=\"color: #000000;\"><span style=\"font-family: Times New Roman CE, serif;\">Niestety w czasie obecnej kadencji nie uda\u0142o si\u0119 uruchomi\u0107 dotacji, kt\u00f3re da\u0142yby szans\u0119 na rozpocz\u0119cie odbudowy basenu. Niemniej jednak, jak zapewniaj\u0105 w\u0142odarze Milan\u00f3wka, temat nie zosta\u0142 zapomniany. Wykonano wielowariantowe studium wykonalno\u015bci, w kt\u00f3rym znalaz\u0142y si\u0119 rysunki przedstawiaj\u0105ce koncepcje budowy potencjalnego basenu. Przygotowanie dokumentacji wymaga\u0142o jednak znacznie mniejszych nak\u0142ad\u00f3w finansowych, ni\u017c suma pieni\u0119dzy potrzebna do wykonania inwestycji. A tych, jak podkre\u015blaj\u0105 w\u0142adze miasta, na budow\u0119 basenu Milan\u00f3wek nie ma. <\/span><\/span><\/p>\n<p><span style=\"color: #000000;\">\u2013 <span lang=\"en-US\">M\u00f3wimy o kilkumilionowej inwestycji, kt\u00f3ra z punktu widzenia funkcjonowania ca<\/span><\/span><span style=\"color: #000000;\"><span style=\"font-family: Times New Roman CE, serif;\">\u0142ej gminy nie jest najwa\u017cniejsza. Z kolei obecnie jedyn\u0105 opcj\u0105 dofinansowania tej inwestycji by\u0142yby \u015brodki z funduszy norweskich, ale taki program wci\u0105\u017c nie ruszy\u0142 &#8211; m\u00f3wi Wies\u0142awa Kwiatkowska, burmistrz Milan\u00f3wka. \u2013 Na start programu jeszcze poczekamy, dlatego basen na pewno nie powstanie w tej kadencji \u2013 dodaje.<\/span><\/span><\/p>\n<p><span style=\"color: #000000;\"><span lang=\"en-US\">Jak wskazuje magistrat, pod koniec wakacji zostanie zorganizowana seria konsultacji na temat przysz<\/span><\/span><span style=\"color: #000000;\"><span style=\"font-family: Times New Roman CE, serif;\">\u0142o\u015bci basenu. W\u0142adze miasta chc\u0105 dowiedzie\u0107 si\u0119, jak mieszka\u0144cy widz\u0105 dalsze wykorzystanie terenu przy ul. Sportowej. <\/span><\/span><\/p>\n<p lang=\"en-US\" style=\"text-align: right;\" align=\"RIGHT\"><strong><span style=\"color: #000000;\">Kinga Rochalska<\/span><\/strong><\/p>\n<p style=\"text-align: right;\" align=\"RIGHT\"><span style=\"color: #000000;\"><span style=\"font-family: Times New Roman CE, serif;\">Fot. <\/span><\/span><span style=\"color: #0000ff;\"><span style=\"font-family: Times New Roman CE, serif;\"><u><strong><em>www.milanowek.pl<\/em><\/strong><\/u><\/span><\/span><\/p>\n","protected":false},"excerpt":{"rendered":"<p>Sezon wakacyjny w pe\u0142ni. Niestety mieszka\u0144cy Milan\u00f3wka nie mog\u0105 korzysta\u0107 z urok\u00f3w miejskiego k\u0105pieliska. Plenerowy basen na terenie miasta od d\u0142u\u017cszego czasu jest wy\u0142\u0105czony z u\u017cytku. W tym roku tak\u017ce nie zostanie otwarty. Przed sezonem letnim w 2016 roku w\u0142adze Milan\u00f3wka zamkn\u0119\u0142y miejski basen. Magistrat uzasadnia\u0142 decyzj\u0119 zagro\u017ceniem dla bezpiecze\u0144stwa mieszka\u0144c\u00f3w. Jak wskazywa\u0142y w\u0142adze miasta, [&hellip;]<\/p>\n","protected":false},"author":2,"featured_media":2675,"comment_status":"closed","ping_status":"open","sticky":false,"template":"","format":"standard","meta":{"footnotes":""},"categories":[8,5],"tags":[],"class_list":["post-2674","post","type-post","status-publish","format-standard","has-post-thumbnail","hentry","category-roznosci","category-wiadomosci"],"_links":{"self":[{"href":"https:\/\/fleschmazowsza.com.pl\/index.php?rest_route=\/wp\/v2\/posts\/2674","targetHints":{"allow":["GET"]}}],"collection":[{"href":"https:\/\/fleschmazowsza.com.pl\/index.php?rest_route=\/wp\/v2\/posts"}],"about":[{"href":"https:\/\/fleschmazowsza.com.pl\/index.php?rest_route=\/wp\/v2\/types\/post"}],"author":[{"embeddable":true,"href":"https:\/\/fleschmazowsza.com.pl\/index.php?rest_route=\/wp\/v2\/users\/2"}],"replies":[{"embeddable":true,"href":"https:\/\/fleschmazowsza.com.pl\/index.php?rest_route=%2Fwp%2Fv2%2Fcomments&post=2674"}],"version-history":[{"count":2,"href":"https:\/\/fleschmazowsza.com.pl\/index.php?rest_route=\/wp\/v2\/posts\/2674\/revisions"}],"predecessor-version":[{"id":2677,"href":"https:\/\/fleschmazowsza.com.pl\/index.php?rest_route=\/wp\/v2\/posts\/2674\/revisions\/2677"}],"wp:featuredmedia":[{"embeddable":true,"href":"https:\/\/fleschmazowsza.com.pl\/index.php?rest_route=\/wp\/v2\/media\/2675"}],"wp:attachment":[{"href":"https:\/\/fleschmazowsza.com.pl\/index.php?rest_route=%2Fwp%2Fv2%2Fmedia&parent=2674"}],"wp:term":[{"taxonomy":"category","embeddable":true,"href":"https:\/\/fleschmazowsza.com.pl\/index.php?rest_route=%2Fwp%2Fv2%2Fcategories&post=2674"},{"taxonomy":"post_tag","embeddable":true,"href":"https:\/\/fleschmazowsza.com.pl\/index.php?rest_route=%2Fwp%2Fv2%2Ftags&post=2674"}],"curies":[{"name":"wp","href":"https:\/\/api.w.org\/{rel}","templated":true}]}}