{"id":2672,"date":"2018-08-14T13:30:07","date_gmt":"2018-08-14T12:30:07","guid":{"rendered":"http:\/\/fleschmazowsza.com.pl\/?p=2672"},"modified":"2018-08-14T13:30:07","modified_gmt":"2018-08-14T12:30:07","slug":"wyremontuja-bloki-w-piastowie","status":"publish","type":"post","link":"https:\/\/fleschmazowsza.com.pl\/?p=2672","title":{"rendered":"Wyremontuj\u0105 bloki w Piastowie"},"content":{"rendered":"<p><strong>Zarz\u0105d Wojew\u00f3dztwa Mazowieckiego przyzna\u0142 miastu Piast\u00f3w dotacj\u0119 na realizacj\u0119 projektu pn. \u201eOdnowa tkanki mieszkaniowej w mie\u015bcie Piast\u00f3w\u201d. Kilka dni temu Burmistrz Piastowa podpisa\u0142 umow\u0119 na dofinansowanie inwestycji.<\/strong><\/p>\n<p>Piast\u00f3w otrzyma blisko 6 mln z\u0142 dotacji na odnow\u0119 tkanki mieszkaniowej w mie\u015bcie. Ponad 5 mln z\u0142 dotacji to pieni\u0105dze pochodz\u0105ce ze \u015brodk\u00f3w Europejskiego Funduszu Rozwoju Regionalnego. Ca\u0142kowita warto\u015b\u0107 projektu szacowana jest na kwot\u0119 prawie 7,5 mln z\u0142.<\/p>\n<p>Jakich zmian mo\u017cemy si\u0119 spodziewa\u0107?<\/p>\n<p>&#8211; Zakres rob\u00f3t remontowych i termomodernizacyjnych przewidzianych w projekcie dotyczy m.in. fundament\u00f3w, \u015bcian zewn\u0119trznych i wewn\u0119trznych, pod\u0142\u00f3g, strop\u00f3w, dach\u00f3w, stolarki drzwiowej i okiennej, instalacji elektrycznych, wentylacyjnych, gazowych, wodnych, centralnego ogrzewania, wodnych i kanalizacyjnych a tak\u017ce komin\u00f3w, korytarzy, poddaszy oraz docieplenia budynk\u00f3w \u2013 informuje Agnieszka Tomaszewska-Kula, inspektor ds. funduszy zewn\u0119trznych piastowskiego magistratu. &#8211; Wykonane przed z\u0142o\u017ceniem wniosku o dofinansowanie audyty potwierdzi\u0142y, \u017ce przewidziane w projekcie dzia\u0142ania b\u0119d\u0105 skutkowa\u0107 zwi\u0119kszeniem efektywno\u015bci energetycznej budynk\u00f3w obj\u0119tych projektem o co najmniej 25 proc. oraz ogranicz\u0105 emisje dwutlenku w\u0119gla \u2013 dodaje.<\/p>\n<p><a name=\"_GoBack\"><\/a>Projekt dotyczy w szczeg\u00f3lno\u015bci rewitalizacji wielorodzinnych budynk\u00f3w mieszkalnych po\u0142o\u017conych przy: Al. Krakowskiej 70, ul. G\u0119sickiego 3, ul. Godebskiego 3a, ul. Godebskiego 3b, ul. Godebskiego 3c, ul. Le\u015bmiana 3, ul. Ujejskiego 35, ul. Sienkiewicza 47, ul. Tuwima 4, ul. Moniuszki 8, ul. Bohater\u00f3w Wolno\u015bci 26. Obiekty te uj\u0119te s\u0105 w \u201eProgramie rewitalizacji Miasta Piastowa 2016+\u201d. Zako\u0144czenie projektu zaplanowano na czerwiec 2020 roku.<\/p>\n<p style=\"text-align: right;\"><strong>Kinga Rochalska<\/strong><\/p>\n","protected":false},"excerpt":{"rendered":"<p>Zarz\u0105d Wojew\u00f3dztwa Mazowieckiego przyzna\u0142 miastu Piast\u00f3w dotacj\u0119 na realizacj\u0119 projektu pn. \u201eOdnowa tkanki mieszkaniowej w mie\u015bcie Piast\u00f3w\u201d. Kilka dni temu Burmistrz Piastowa podpisa\u0142 umow\u0119 na dofinansowanie inwestycji. Piast\u00f3w otrzyma blisko 6 mln z\u0142 dotacji na odnow\u0119 tkanki mieszkaniowej w mie\u015bcie. Ponad 5 mln z\u0142 dotacji to pieni\u0105dze pochodz\u0105ce ze \u015brodk\u00f3w Europejskiego Funduszu Rozwoju Regionalnego. Ca\u0142kowita [&hellip;]<\/p>\n","protected":false},"author":2,"featured_media":0,"comment_status":"closed","ping_status":"open","sticky":false,"template":"","format":"standard","meta":{"footnotes":""},"categories":[8,5],"tags":[],"class_list":["post-2672","post","type-post","status-publish","format-standard","hentry","category-roznosci","category-wiadomosci"],"_links":{"self":[{"href":"https:\/\/fleschmazowsza.com.pl\/index.php?rest_route=\/wp\/v2\/posts\/2672","targetHints":{"allow":["GET"]}}],"collection":[{"href":"https:\/\/fleschmazowsza.com.pl\/index.php?rest_route=\/wp\/v2\/posts"}],"about":[{"href":"https:\/\/fleschmazowsza.com.pl\/index.php?rest_route=\/wp\/v2\/types\/post"}],"author":[{"embeddable":true,"href":"https:\/\/fleschmazowsza.com.pl\/index.php?rest_route=\/wp\/v2\/users\/2"}],"replies":[{"embeddable":true,"href":"https:\/\/fleschmazowsza.com.pl\/index.php?rest_route=%2Fwp%2Fv2%2Fcomments&post=2672"}],"version-history":[{"count":1,"href":"https:\/\/fleschmazowsza.com.pl\/index.php?rest_route=\/wp\/v2\/posts\/2672\/revisions"}],"predecessor-version":[{"id":2673,"href":"https:\/\/fleschmazowsza.com.pl\/index.php?rest_route=\/wp\/v2\/posts\/2672\/revisions\/2673"}],"wp:attachment":[{"href":"https:\/\/fleschmazowsza.com.pl\/index.php?rest_route=%2Fwp%2Fv2%2Fmedia&parent=2672"}],"wp:term":[{"taxonomy":"category","embeddable":true,"href":"https:\/\/fleschmazowsza.com.pl\/index.php?rest_route=%2Fwp%2Fv2%2Fcategories&post=2672"},{"taxonomy":"post_tag","embeddable":true,"href":"https:\/\/fleschmazowsza.com.pl\/index.php?rest_route=%2Fwp%2Fv2%2Ftags&post=2672"}],"curies":[{"name":"wp","href":"https:\/\/api.w.org\/{rel}","templated":true}]}}