{"id":2660,"date":"2018-08-14T13:03:26","date_gmt":"2018-08-14T12:03:26","guid":{"rendered":"http:\/\/fleschmazowsza.com.pl\/?p=2660"},"modified":"2018-08-14T13:03:26","modified_gmt":"2018-08-14T12:03:26","slug":"poszerzanie-wiedzy","status":"publish","type":"post","link":"https:\/\/fleschmazowsza.com.pl\/?p=2660","title":{"rendered":"Poszerzanie wiedzy"},"content":{"rendered":"<p><strong>Projekt \u201ePodniesienie kompetencji kluczowych uczni\u00f3w oraz rozw\u00f3j indywidualnego podej\u015bcia do ucznia, zw\u0142aszcza ze specjalnymi potrzebami edukacyjnymi, w szko\u0142ach Powiatu Pruszkowskiego (L.O. im. T. Ko\u015bciuszki w Pruszkowie, L.O. im. T. Zana w Pruszkowie, Zesp\u00f3\u0142 Szk\u00f3\u0142 Og\u00f3lnokszta\u0142c\u0105cych i Sportowych w Pruszkowie)\u201d uzyska\u0142 649 141,55 z\u0142 dofinansowania. \u015arodki unijne, w ramach RPO Wojew\u00f3dztwa Mazowieckiego na lata 2014-2020, zostan\u0105 przekazane w umowie z Urz\u0119dem Marsza\u0142kowskim.<\/strong><\/p>\n<p>G\u0142\u00f3wnym za\u0142o\u017ceniem projektu jest poszerzanie wiedzy matematyczno-przyrodniczej i teleinformatycznej uczni\u00f3w oraz doskonalenie ich znajomo\u015bci j\u0119zyk\u00f3w obcych. W ramach projektu b\u0119d\u0105 prowadzone m.in. zaj\u0119cia pozalekcyjne z programowania, biologiczne k\u00f3\u0142ka do\u015bwiadczalne, a tak\u017ce dodatkowe zaj\u0119cia z matematyki i j\u0119zyk\u00f3w obcych. W ramach projektu zaplanowano r\u00f3wnie\u017c wyjazdy edukacyjne dla uczni\u00f3w do takich miejsc jak Centrum Nauki Kopernik, Narodowe Muzeum Techniki czy Narodowe Centrum Bada\u0144 J\u0105drowych.<\/p>\n<p>Projekt zak\u0142ada tak\u017ce podnoszenie kompetencji zawodowych nauczycieli, m.in. poprzez przeprowadzenie szkole\u0144 z nowoczesnych technik nauczania. W ramach projektu zostanie r\u00f3wnie\u017c zakupiony sprz\u0119t teleinformatyczny i wyposa\u017cenie pracowni matematyczno-przyrodniczych.<\/p>\n<p>Dzi\u0119ki temu w Liceum im. Tomasza Zana powstanie mobilne laboratorium z pomocami do wykonywania do\u015bwiadcze\u0144 z zakresu mechaniki, elektryczno\u015bci, termodynamiki, magnetyzmu, optyki, chemii i biologii, a wszystkie szko\u0142y bior\u0105ce udzia\u0142 w projekcie otrzymaj\u0105 nowy sprz\u0119t informatyczny.<\/p>\n<p>-To bardzo dobra wiadomo\u015b\u0107 dla uczni\u00f3w i ich rodzic\u00f3w, nauczycieli oraz wszystkich mieszka\u0144c\u00f3w Powiatu Pruszkowskiego, kt\u00f3rzy b\u0119d\u0105 mogli obserwowa\u0107 dalszy rozw\u00f3j prowadzonych przez nas plac\u00f3wek. Jestem dumny z utrzymywania tak pomy\u015blnego trendu w skutecznym pozyskiwaniu funduszy zewn\u0119trznych \u2013 m\u00f3wi Starosta Pruszkowski Maksym Go\u0142o\u015b.<\/p>\n<p>\u0141\u0105cznie wsparciem zostanie obj\u0119tych minimum 506 uczni\u00f3w oraz 90 nauczycieli w Liceum Og\u00f3lnokszta\u0142c\u0105cym im. T. Ko\u015bciuszki w Pruszkowie, Liceum Og\u00f3lnokszta\u0142c\u0105cym im. T. Zana w Pruszkowie oraz w Zespole Szk\u00f3\u0142 Og\u00f3lnokszta\u0142c\u0105cych i Sportowych w Pruszkowie. \u0141\u0105czna warto\u015b\u0107 projektu to 683 312,75 z\u0142. Wszystkie zamierzenia projektu maj\u0105 by\u0107 zrealizowane do 30 czerwca 2020 roku.<\/p>\n<p style=\"text-align: right;\"><strong>Krzysztof Bukowski<\/strong><\/p>\n<p style=\"text-align: right;\">Zast\u0119pca Naczelnika Biura Zarz\u0105du<\/p>\n","protected":false},"excerpt":{"rendered":"<p>Projekt \u201ePodniesienie kompetencji kluczowych uczni\u00f3w oraz rozw\u00f3j indywidualnego podej\u015bcia do ucznia, zw\u0142aszcza ze specjalnymi potrzebami edukacyjnymi, w szko\u0142ach Powiatu Pruszkowskiego (L.O. im. T. Ko\u015bciuszki w Pruszkowie, L.O. im. T. Zana w Pruszkowie, Zesp\u00f3\u0142 Szk\u00f3\u0142 Og\u00f3lnokszta\u0142c\u0105cych i Sportowych w Pruszkowie)\u201d uzyska\u0142 649 141,55 z\u0142 dofinansowania. \u015arodki unijne, w ramach RPO Wojew\u00f3dztwa Mazowieckiego na lata 2014-2020, zostan\u0105 [&hellip;]<\/p>\n","protected":false},"author":2,"featured_media":2661,"comment_status":"closed","ping_status":"open","sticky":false,"template":"","format":"standard","meta":{"footnotes":""},"categories":[9,8,5],"tags":[],"class_list":["post-2660","post","type-post","status-publish","format-standard","has-post-thumbnail","hentry","category-edukacja","category-roznosci","category-wiadomosci"],"_links":{"self":[{"href":"https:\/\/fleschmazowsza.com.pl\/index.php?rest_route=\/wp\/v2\/posts\/2660","targetHints":{"allow":["GET"]}}],"collection":[{"href":"https:\/\/fleschmazowsza.com.pl\/index.php?rest_route=\/wp\/v2\/posts"}],"about":[{"href":"https:\/\/fleschmazowsza.com.pl\/index.php?rest_route=\/wp\/v2\/types\/post"}],"author":[{"embeddable":true,"href":"https:\/\/fleschmazowsza.com.pl\/index.php?rest_route=\/wp\/v2\/users\/2"}],"replies":[{"embeddable":true,"href":"https:\/\/fleschmazowsza.com.pl\/index.php?rest_route=%2Fwp%2Fv2%2Fcomments&post=2660"}],"version-history":[{"count":1,"href":"https:\/\/fleschmazowsza.com.pl\/index.php?rest_route=\/wp\/v2\/posts\/2660\/revisions"}],"predecessor-version":[{"id":2662,"href":"https:\/\/fleschmazowsza.com.pl\/index.php?rest_route=\/wp\/v2\/posts\/2660\/revisions\/2662"}],"wp:featuredmedia":[{"embeddable":true,"href":"https:\/\/fleschmazowsza.com.pl\/index.php?rest_route=\/wp\/v2\/media\/2661"}],"wp:attachment":[{"href":"https:\/\/fleschmazowsza.com.pl\/index.php?rest_route=%2Fwp%2Fv2%2Fmedia&parent=2660"}],"wp:term":[{"taxonomy":"category","embeddable":true,"href":"https:\/\/fleschmazowsza.com.pl\/index.php?rest_route=%2Fwp%2Fv2%2Fcategories&post=2660"},{"taxonomy":"post_tag","embeddable":true,"href":"https:\/\/fleschmazowsza.com.pl\/index.php?rest_route=%2Fwp%2Fv2%2Ftags&post=2660"}],"curies":[{"name":"wp","href":"https:\/\/api.w.org\/{rel}","templated":true}]}}