{"id":2640,"date":"2018-07-27T12:40:02","date_gmt":"2018-07-27T11:40:02","guid":{"rendered":"http:\/\/fleschmazowsza.com.pl\/?p=2640"},"modified":"2018-07-27T12:40:02","modified_gmt":"2018-07-27T11:40:02","slug":"dolnoslaska-perelka-epoki-baroku","status":"publish","type":"post","link":"https:\/\/fleschmazowsza.com.pl\/?p=2640","title":{"rendered":"Dolno\u015bl\u0105ska pere\u0142ka epoki baroku"},"content":{"rendered":"<p><strong>Lubi\u0105\u017c po\u0142o\u017cony jest na Dolnym \u015al\u0105sku, a wi\u0119c daleko, cho\u0107 droga do niego jest prosta. Dlaczego warto pokusi\u0107 si\u0119 o jednodniow\u0105 wypraw\u0119 do klasztoru cysters\u00f3w w Lubi\u0105\u017cu, nawet je\u015bli sp\u0119dzimy sporo godzin w samochodzie? Bo niczego podobnego nie znajdziemy na Mazowszu!<\/strong><\/p>\n<p>Je\u017celi kochamy zabytkowe budowle sakralne, ale te nieodrestaurowane, kt\u00f3re trwaj\u0105 nadgryzione z\u0119bem czasu i kt\u00f3re zachowa\u0142y w swoich murach nieuchwytnego ducha innej epoki, to zesp\u00f3\u0142 klasztorny w Lubi\u0105\u017cu spe\u0142ni te oczekiwania jak \u017cadne inne miejsce.<\/p>\n<p style=\"text-align: center;\"><strong>Piastowskie korzenie<\/strong><\/p>\n<p>Pocz\u0105tki klasztoru w Lubi\u0105\u017cu si\u0119gaj\u0105 XII wieku i ksi\u0105\u017c\u0105t z dynastii Piast\u00f3w \u015bl\u0105skich. Ich nagrobki znajduj\u0105 si\u0119 w podziemiach, niestety szcz\u0105tki, podobnie jak opat\u00f3w i zakonnik\u00f3w, zosta\u0142y zdewastowane pod koniec II wojny. Niemniej w kryptach pod klasztornym ko\u015bcio\u0142em do dzi\u015b znajduje si\u0119 98 zmumifikowanych cia\u0142, co warto sobie wyobrazi\u0107, spaceruj\u0105c po posadzce.<\/p>\n<p>Obecna forma architektoniczna opactwa w Lubi\u0105\u017cu jest efektem wielkiej rozbudowy dokonanej na prze\u0142omie XVII\/XVIII wieku w stylu barokowym. Powsta\u0142 imponuj\u0105cy, monumentalny zesp\u00f3\u0142 po\u0142\u0105czonych budynk\u00f3w, na kt\u00f3ry sk\u0142adaj\u0105 si\u0119: Pa\u0142ac Opat\u00f3w, klasztor w czworoboku i ko\u015bci\u00f3\u0142 Wniebowzi\u0119cia NMP.<\/p>\n<p>Kiedy zbli\u017camy si\u0119 ju\u017c do Lubi\u0105\u017ca jad\u0105c samochodem, nagle przez luk\u0119 w zieleni drzew wy\u0142ania si\u0119 ogromna, malownicza budowla i jest to widok niezapomniany. Opactwo w Lubi\u0105\u017cu jest prawie trzykrotnie wi\u0119ksze od Wawelu, ma 300 pokoi, jego fasada jest najd\u0142u\u017csz\u0105 fasad\u0105 barokow\u0105 w Europie.<\/p>\n<p style=\"text-align: center;\"><strong>Krzewiciele zachodniej kultury i cywilizacji<\/strong><\/p>\n<p>Tw\u00f3rcami i gospodarzami klasztoru niemal od pocz\u0105tku byli cystersi. Najlapidarniej mo\u017cna rzec, \u017ce zakon cysters\u00f3w krzewi\u0142 kultur\u0119 i cywilizacj\u0119, gdziekolwiek si\u0119 pojawi\u0142. W okresie \u015bwietno\u015bci jego posiad\u0142o\u015bci si\u0119ga\u0142y od Wielkopolski do Ma\u0142opolski, opactwo w Lubi\u0105\u017cu by\u0142o klasztorem macierzystym dla wielu innych rozsianych po Dolnym \u015al\u0105sku.<\/p>\n<p>Na czym polega wyj\u0105tkowo\u015b\u0107 zespo\u0142u klasztornego w Lubi\u0105\u017cu? Od 1810 roku, gdy dobra zakonne cysters\u00f3w na \u015al\u0105sku zosta\u0142y zsekularyzowane, przez oko\u0142o 150 lat podlega\u0142 on systematycznej dewastacji. Przesta\u0142 pe\u0142ni\u0107 funkcje sakralne, ogo\u0142acano go sukcesywnie z dzie\u0142 sztuki, obraz\u00f3w, rze\u017ab, zasob\u00f3w biblioteki, wspania\u0142y niegdy\u015b wystr\u00f3j sal niszcza\u0142. W kilku warszawskich ko\u015bcio\u0142ach mo\u017cna podziwia\u0107 obrazy Michaela Willmanna, \u201e\u015bl\u0105skiego Rembrandta\u201d, kt\u00f3rego dzie\u0142a przyjecha\u0142y po II wojnie z Lubi\u0105\u017ca.<\/p>\n<p style=\"text-align: center;\"><strong>Magnetyczna si\u0142a przyci\u0105gania<\/strong><\/p>\n<p>Dlatego obecnie opactwo to wielkie, opustosza\u0142e, ogo\u0142ocone ze wszystkiego korytarze, z kolejnymi rozpadaj\u0105cymi si\u0119 drzwiami, za kt\u00f3rymi, je\u015bli uda si\u0119 nam zajrze\u0107, widzimy zdewastowane pomieszczenia. Nieprzejrzyste okna z szybami nieumytymi od kilkudziesi\u0119ciu, a mo\u017ce i stu kilkudziesi\u0119ciu lat. Ko\u015bci\u00f3\u0142 ogo\u0142ocony z ca\u0142ego wyposa\u017cenia. Trawa podchodz\u0105ca pod same mury i pas\u0105ce si\u0119 przy klasztorze krowy. I przy tym wszystkim poczucie wspania\u0142ego majestatu tego miejsca, kt\u00f3re wydaje si\u0119 niewzruszone jak ska\u0142a. Ma magnetyczn\u0105 si\u0142\u0119 przyci\u0105gania i chce si\u0119 tam wr\u00f3ci\u0107, a potem wr\u00f3ci\u0107 znowu. By\u0107 mo\u017ce dlatego, \u017ce id\u0105c korytarzem ma si\u0119 wra\u017cenie, jakby na \u015bcianach zosta\u0142o dotkni\u0119cie r\u0119ki ludzi z minionych epok i niewiele brakuje, aby\u015bmy na plecach poczuli ich oddech.<\/p>\n<p>Jest te\u017c wspania\u0142a wisienka na torcie, czyli trzy, a nied\u0142ugo ju\u017c cztery pieczo\u0142owicie odrestaurowane sale, do kt\u00f3rych te opustosza\u0142e korytarze niespodziewanie prowadz\u0105. Przepi\u0119kny jest Refektarz, utrzymany w z\u0142ocistej kolorystyce. Ogromna Sala Ksi\u0105\u017c\u0119ca o powierzchni 400 mkw i wysoko\u015bci dw\u00f3ch kondygnacji ma barokowy wystr\u00f3j zapieraj\u0105cy dech w piersiach, o kt\u00f3rym pr\u00f3\u017cno pisa\u0107, bo trzeba go zobaczy\u0107. Nie mniej pora\u017caj\u0105ce ni\u017c Sala jest wej\u015bcie do niej, z portalem zdobnym w dwie wielkie figury Indianina i Murzyna.<\/p>\n<p style=\"text-align: center;\"><strong>Jak dojecha\u0107<\/strong><\/p>\n<p>Aby wi\u0119c dotrze\u0107 do Lubi\u0105\u017ca, jedziemy do Wroc\u0142awia tras\u0105 A2, A1 i S8, dalej drog\u0105 krajow\u0105 nr 94 na \u015arod\u0119 \u015al\u0105sk\u0105, a jak j\u0105 miniemy, nadal drog\u0105 94. Za Mazurowicami trzeba zdwoi\u0107 czujno\u015b\u0107 i skr\u0119ci\u0107 w prawo w drog\u0119 nr 338, o czym informuje dobrze widoczna tablica.<\/p>\n<p>Po kilku minutach po lewej stronie wy\u0142oni si\u0119 klasztor i w morzu zieleni niemal nie zauwa\u017cyli\u015bmy, \u017ce przed chwil\u0105 przekroczyli\u015bmy Odr\u0119.<\/p>\n<p>Przed wyjazdem najlepiej zadzwoni\u0107 i upewni\u0107 si\u0119: Fundacja Lubi\u0105\u017c tel. 071 322 21 29<\/p>\n<p>Informacje: <a href=\"http:\/\/www.lubiaz.pl\/turystyka\/zabytki\"><span style=\"color: #000080;\"><span lang=\"zxx\"><u>http:\/\/www.lubiaz.pl\/turystyka\/zabytki<\/u><\/span><\/span><\/a>, <a href=\"http:\/\/www.lubiaz.pl\/lubiaz\/historia\"><span style=\"color: #000080;\"><span lang=\"zxx\"><u>http:\/\/www.lubiaz.pl\/lubiaz\/historia<\/u><\/span><\/span><\/a><\/p>\n<p style=\"text-align: right;\">Tekst i foto: <strong>(PS)<\/strong><\/p>\n","protected":false},"excerpt":{"rendered":"<p>Lubi\u0105\u017c po\u0142o\u017cony jest na Dolnym \u015al\u0105sku, a wi\u0119c daleko, cho\u0107 droga do niego jest prosta. Dlaczego warto pokusi\u0107 si\u0119 o jednodniow\u0105 wypraw\u0119 do klasztoru cysters\u00f3w w Lubi\u0105\u017cu, nawet je\u015bli sp\u0119dzimy sporo godzin w samochodzie? Bo niczego podobnego nie znajdziemy na Mazowszu! Je\u017celi kochamy zabytkowe budowle sakralne, ale te nieodrestaurowane, kt\u00f3re trwaj\u0105 nadgryzione z\u0119bem czasu i [&hellip;]<\/p>\n","protected":false},"author":2,"featured_media":2641,"comment_status":"closed","ping_status":"open","sticky":false,"template":"","format":"standard","meta":{"footnotes":""},"categories":[9,6,8],"tags":[],"class_list":["post-2640","post","type-post","status-publish","format-standard","has-post-thumbnail","hentry","category-edukacja","category-kultura","category-roznosci"],"_links":{"self":[{"href":"https:\/\/fleschmazowsza.com.pl\/index.php?rest_route=\/wp\/v2\/posts\/2640","targetHints":{"allow":["GET"]}}],"collection":[{"href":"https:\/\/fleschmazowsza.com.pl\/index.php?rest_route=\/wp\/v2\/posts"}],"about":[{"href":"https:\/\/fleschmazowsza.com.pl\/index.php?rest_route=\/wp\/v2\/types\/post"}],"author":[{"embeddable":true,"href":"https:\/\/fleschmazowsza.com.pl\/index.php?rest_route=\/wp\/v2\/users\/2"}],"replies":[{"embeddable":true,"href":"https:\/\/fleschmazowsza.com.pl\/index.php?rest_route=%2Fwp%2Fv2%2Fcomments&post=2640"}],"version-history":[{"count":1,"href":"https:\/\/fleschmazowsza.com.pl\/index.php?rest_route=\/wp\/v2\/posts\/2640\/revisions"}],"predecessor-version":[{"id":2642,"href":"https:\/\/fleschmazowsza.com.pl\/index.php?rest_route=\/wp\/v2\/posts\/2640\/revisions\/2642"}],"wp:featuredmedia":[{"embeddable":true,"href":"https:\/\/fleschmazowsza.com.pl\/index.php?rest_route=\/wp\/v2\/media\/2641"}],"wp:attachment":[{"href":"https:\/\/fleschmazowsza.com.pl\/index.php?rest_route=%2Fwp%2Fv2%2Fmedia&parent=2640"}],"wp:term":[{"taxonomy":"category","embeddable":true,"href":"https:\/\/fleschmazowsza.com.pl\/index.php?rest_route=%2Fwp%2Fv2%2Fcategories&post=2640"},{"taxonomy":"post_tag","embeddable":true,"href":"https:\/\/fleschmazowsza.com.pl\/index.php?rest_route=%2Fwp%2Fv2%2Ftags&post=2640"}],"curies":[{"name":"wp","href":"https:\/\/api.w.org\/{rel}","templated":true}]}}