{"id":2629,"date":"2018-07-27T12:23:45","date_gmt":"2018-07-27T11:23:45","guid":{"rendered":"http:\/\/fleschmazowsza.com.pl\/?p=2629"},"modified":"2018-07-27T12:23:45","modified_gmt":"2018-07-27T11:23:45","slug":"problemy-z-renowacja-dworku-chelmonskich","status":"publish","type":"post","link":"https:\/\/fleschmazowsza.com.pl\/?p=2629","title":{"rendered":"Problemy z renowacj\u0105 dworku Che\u0142mo\u0144skich"},"content":{"rendered":"<p><strong>W\u0142adze Grodziska Mazowieckiego rozwi\u0105za\u0142y umow\u0119 z firm\u0105, kt\u00f3ra prowadzi\u0142a renowacj\u0119 zabytkowego Dworku Che\u0142mo\u0144skich i parku w Adamowi\u017anie. Prace b\u0119d\u0105 kontynuowane przez nowego wykonawc\u0119.<\/strong><\/p>\n<p>Historia zabytkowego drewnianego dworku w Adamowi\u017anie si\u0119ga pocz\u0105tk\u00f3w ubieg\u0142ego wieku. Budynek zosta\u0142 wybudowany na zlecenie doktora Mateusza Che\u0142mo\u0144skiego, brata malarza J\u00f3zefa Che\u0142mo\u0144skiego. W\u0142a\u015bciciel budynku zwanego \u201erz\u0105dc\u00f3wk\u0105\u201d lub \u201edworem na g\u00f3rce\u201d przez d\u0142ugie lata by\u0142 ordynatorem oddzia\u0142u internistycznego w szpitalu Dzieci\u0105tka Jezus w Warszawie.<\/p>\n<p><a name=\"_GoBack\"><\/a>Obiekt wybudowany nad stawem zasilanym przez wody Mrownej wraz z otaczaj\u0105cym go parkiem w 2003 roku zosta\u0142 wpisany do rejestru zabytk\u00f3w.<\/p>\n<p style=\"text-align: center;\"><strong>Gmina rozwi\u0105za\u0142a umow\u0119 z wykonawc\u0105<\/strong><\/p>\n<p>Od 2006 roku budynek jest w\u0142asno\u015bci\u0105 gminy Grodzisk Mazowiecki.<\/p>\n<p>Wed\u0142ug plan\u00f3w miasta b\u0119d\u0105 w nim organizowane wydarzenia kulturalne, m.in. plenery malarskie. Obiekt b\u0119dzie te\u017c s\u0142u\u017cy\u0142 spo\u0142eczno\u015bci szkolnej z Adamowizny.<\/p>\n<p>W\u0142odarze miasta postarali si\u0119 o dofinansowanie na rewitalizacj\u0119 zabytku. W kwietniu 2017 r. og\u0142oszono przetarg i wybrano wykonawc\u0119. Firma jednak po pewnym czasie przesta\u0142a realizowa\u0107 prace, a op\u00f3\u017anienie ros\u0142o. W ko\u0144cu w\u0142adze gminy podj\u0119\u0142y decyzj\u0119 o rozwi\u0105zaniu umowy z wykonawc\u0105.<\/p>\n<p style=\"text-align: center;\"><strong>Prace b\u0119d\u0105 kontynuowane<\/strong><\/p>\n<p>&#8211; Firma nie realizowa\u0142a prac zgodnie z harmonogramem, a o od d\u0142u\u017cszego czasu nie robi\u0142a nic. Musieli\u015bmy wi\u0119c podj\u0105\u0107 decyzj\u0119 o rozwi\u0105zaniu umowy, tym bardziej, \u017ce jeste\u015bmy zobowi\u0105zani terminami wynikaj\u0105cymi z warunk\u00f3w unijnego dofinansowania \u2013 m\u00f3wi burmistrz Grodziska Mazowieckiego, Grzegorz Benedykci\u0144ski.<\/p>\n<p>Prace b\u0119d\u0105 kontynuowane po przeprowadzeniu inwentaryzacji wykonanych rob\u00f3t i og\u0142oszeniu przetargu na ich doko\u0144czenie.<\/p>\n<p>Jak wskazuj\u0105 urz\u0119dnicy, w momencie zakupu przez gmin\u0119, stan dworku wskazywa\u0142 na konieczno\u015b\u0107 remontu. Elementy drewniane by\u0142y uszkodzone przez szkodniki, a budynek grozi\u0142 zawaleniem. W zwi\u0105zku z tym, zgodnie z wytycznymi Mazowieckiego Wojew\u00f3dzkiego Konserwatora Zabytk\u00f3w, zosta\u0142 cz\u0119\u015bciowo rozebrany. Cz\u0119\u015b\u0107 materia\u0142\u00f3w zostanie wymieniona.<\/p>\n<p style=\"text-align: center;\"><strong>Nieca\u0142y rok na remont<\/strong><\/p>\n<p>Warto\u015bciowe elementy, takie jak np. fragmenty \u015bcian, piece kaflowe, czy dach\u00f3wka, przejd\u0105 zabiegi impregnacyjne i zostan\u0105 ponownie wykorzystane. Obecnie s\u0105 w odpowiedni spos\u00f3b zabezpieczone. Do zada\u0144 nowego wykonawcy b\u0119dzie wi\u0119c nale\u017ca\u0142o odtworzenie budynku wed\u0142ug pierwowzoru. Planuje si\u0119 tak\u017ce prace porz\u0105dkowe w parku przylegaj\u0105cym do dworku. Zgodnie z umow\u0105 na dofinansowanie, inwestycja w Adamowi\u017anie musi zako\u0144czy\u0107 si\u0119 do ko\u0144ca czerwca przysz\u0142ego roku.<\/p>\n<p style=\"text-align: right;\"><strong>Kinga Rochalska<\/strong><\/p>\n<p style=\"text-align: right;\">Fot. <em>www.grodzisk.pl<\/em><\/p>\n","protected":false},"excerpt":{"rendered":"<p>W\u0142adze Grodziska Mazowieckiego rozwi\u0105za\u0142y umow\u0119 z firm\u0105, kt\u00f3ra prowadzi\u0142a renowacj\u0119 zabytkowego Dworku Che\u0142mo\u0144skich i parku w Adamowi\u017anie. Prace b\u0119d\u0105 kontynuowane przez nowego wykonawc\u0119. Historia zabytkowego drewnianego dworku w Adamowi\u017anie si\u0119ga pocz\u0105tk\u00f3w ubieg\u0142ego wieku. Budynek zosta\u0142 wybudowany na zlecenie doktora Mateusza Che\u0142mo\u0144skiego, brata malarza J\u00f3zefa Che\u0142mo\u0144skiego. W\u0142a\u015bciciel budynku zwanego \u201erz\u0105dc\u00f3wk\u0105\u201d lub \u201edworem na g\u00f3rce\u201d przez d\u0142ugie [&hellip;]<\/p>\n","protected":false},"author":2,"featured_media":2630,"comment_status":"closed","ping_status":"open","sticky":false,"template":"","format":"standard","meta":{"footnotes":""},"categories":[6,8,5],"tags":[],"class_list":["post-2629","post","type-post","status-publish","format-standard","has-post-thumbnail","hentry","category-kultura","category-roznosci","category-wiadomosci"],"_links":{"self":[{"href":"https:\/\/fleschmazowsza.com.pl\/index.php?rest_route=\/wp\/v2\/posts\/2629","targetHints":{"allow":["GET"]}}],"collection":[{"href":"https:\/\/fleschmazowsza.com.pl\/index.php?rest_route=\/wp\/v2\/posts"}],"about":[{"href":"https:\/\/fleschmazowsza.com.pl\/index.php?rest_route=\/wp\/v2\/types\/post"}],"author":[{"embeddable":true,"href":"https:\/\/fleschmazowsza.com.pl\/index.php?rest_route=\/wp\/v2\/users\/2"}],"replies":[{"embeddable":true,"href":"https:\/\/fleschmazowsza.com.pl\/index.php?rest_route=%2Fwp%2Fv2%2Fcomments&post=2629"}],"version-history":[{"count":1,"href":"https:\/\/fleschmazowsza.com.pl\/index.php?rest_route=\/wp\/v2\/posts\/2629\/revisions"}],"predecessor-version":[{"id":2631,"href":"https:\/\/fleschmazowsza.com.pl\/index.php?rest_route=\/wp\/v2\/posts\/2629\/revisions\/2631"}],"wp:featuredmedia":[{"embeddable":true,"href":"https:\/\/fleschmazowsza.com.pl\/index.php?rest_route=\/wp\/v2\/media\/2630"}],"wp:attachment":[{"href":"https:\/\/fleschmazowsza.com.pl\/index.php?rest_route=%2Fwp%2Fv2%2Fmedia&parent=2629"}],"wp:term":[{"taxonomy":"category","embeddable":true,"href":"https:\/\/fleschmazowsza.com.pl\/index.php?rest_route=%2Fwp%2Fv2%2Fcategories&post=2629"},{"taxonomy":"post_tag","embeddable":true,"href":"https:\/\/fleschmazowsza.com.pl\/index.php?rest_route=%2Fwp%2Fv2%2Ftags&post=2629"}],"curies":[{"name":"wp","href":"https:\/\/api.w.org\/{rel}","templated":true}]}}