{"id":2600,"date":"2018-07-18T09:33:45","date_gmt":"2018-07-18T08:33:45","guid":{"rendered":"http:\/\/fleschmazowsza.com.pl\/?p=2600"},"modified":"2018-07-18T09:33:45","modified_gmt":"2018-07-18T08:33:45","slug":"milanowek-fingerstyle-niezwykly-koncert-na-gitare-akustyczna","status":"publish","type":"post","link":"https:\/\/fleschmazowsza.com.pl\/?p=2600","title":{"rendered":"MILAN\u00d3WEK. Fingerstyle \u2013 niezwyk\u0142y koncert na gitar\u0119 akustyczn\u0105"},"content":{"rendered":"<p lang=\"pl-PL\"><strong><span style=\"color: #000000;\"><span style=\"font-family: Liberation Serif, Times New Roman, serif;\"><span style=\"font-size: medium;\">Niekwestionowan\u0105 atrakcj\u0105 tegorocznych wakacji w Milan\u00f3wku jest mo\u017cliwo\u015b\u0107 uczestniczenia w serii plenerowych koncert\u00f3w, zorganizowanych przez Milanowskie Centrum Kultury. Jednym z ciekawszych by\u0142 solowy koncert gitarzysty Piotra Kr\u0119pecia, kt\u00f3ry odby\u0142 si\u0119 w niedzielny wiecz\u00f3r 8 lipca na Skwerze Stefana Starzy\u0144skiego.<\/span><\/span><\/span><\/strong><\/p>\n<p lang=\"pl-PL\"><span style=\"color: #000000;\"><span style=\"font-family: Liberation Serif, Times New Roman, serif;\"><span style=\"font-size: medium;\">Fingerstyle, to pogl\u0105dowo m\u00f3wi\u0105c, prze\u0142o\u017cenie techniki gry pianistycznej na gitar\u0119. Kciuk prawej r\u0119ki spe\u0142nia funkcj\u0119 lewej r\u0119ki pianisty, pozosta\u0142e palce spe\u0142niaj\u0105 tak\u0105 rol\u0119, jak jego prawa r\u0119ka.<\/span><\/span><\/span><\/p>\n<p lang=\"pl-PL\"><span style=\"color: #000000;\"><span style=\"font-family: Liberation Serif, Times New Roman, serif;\"><span style=\"font-size: medium;\">Jest to styl trudny technicznie i wymaga du\u017cych umiej\u0119tno\u015bci. Daje jednocze\u015bnie widowiskowe efekty wizualne i akustyczne. Na koncercie nawet dla laika by\u0142o widoczne, \u017ce d\u0142onie i palce gitarzysty pracuj\u0105 w nietypowy spos\u00f3b. Dzi\u0119ki takiej technice gry na pojedynczej gitarze mo\u017cna stworzy\u0107 iluzj\u0119, jakby jednocze\u015bnie brzmia\u0142o kilka instrument\u00f3w: s\u0142ucha\u0107 jednocze\u015bnie melodi\u0119, brzmienie basu i podk\u0142ad rytmiczny.<\/span><\/span><\/span><\/p>\n<p lang=\"pl-PL\"><span style=\"color: #000000;\"><span style=\"font-family: Liberation Serif, Times New Roman, serif;\"><span style=\"font-size: medium;\">Gitarzysta zaprezentowa\u0142 swoje autorskie utwory skomponowane specjalnie pod k\u0105tem gitarowego fingerstyle. Na zako\u0144czenie r\u00f3wnie\u017c wzbogaci\u0142 wyst\u0119p o improwizacj\u0119. Trudno jest opisa\u0107 wra\u017cenia muzyczne \u2013 ale niew\u0105tpliwie muzyka oddzia\u0142ywa\u0142a r\u00f3\u017cnorodno\u015bci\u0105 docieraj\u0105cych do ucha nietypowych d\u017awi\u0119k\u00f3w, mia\u0142a charakter relaksacyjny i nieco transowy.<\/span><\/span><\/span><\/p>\n<p lang=\"pl-PL\" style=\"text-align: right;\"><span style=\"color: #000000;\"><span style=\"font-family: Liberation Serif, Times New Roman, serif;\"><span style=\"font-size: medium;\">Tekst i foto:<strong> (PS)<\/strong><\/span><\/span><\/span><\/p>\n","protected":false},"excerpt":{"rendered":"<p>Niekwestionowan\u0105 atrakcj\u0105 tegorocznych wakacji w Milan\u00f3wku jest mo\u017cliwo\u015b\u0107 uczestniczenia w serii plenerowych koncert\u00f3w, zorganizowanych przez Milanowskie Centrum Kultury. Jednym z ciekawszych by\u0142 solowy koncert gitarzysty Piotra Kr\u0119pecia, kt\u00f3ry odby\u0142 si\u0119 w niedzielny wiecz\u00f3r 8 lipca na Skwerze Stefana Starzy\u0144skiego. Fingerstyle, to pogl\u0105dowo m\u00f3wi\u0105c, prze\u0142o\u017cenie techniki gry pianistycznej na gitar\u0119. Kciuk prawej r\u0119ki spe\u0142nia funkcj\u0119 lewej [&hellip;]<\/p>\n","protected":false},"author":2,"featured_media":2601,"comment_status":"closed","ping_status":"open","sticky":false,"template":"","format":"standard","meta":{"footnotes":""},"categories":[9,6,8,5],"tags":[],"class_list":["post-2600","post","type-post","status-publish","format-standard","has-post-thumbnail","hentry","category-edukacja","category-kultura","category-roznosci","category-wiadomosci"],"_links":{"self":[{"href":"https:\/\/fleschmazowsza.com.pl\/index.php?rest_route=\/wp\/v2\/posts\/2600","targetHints":{"allow":["GET"]}}],"collection":[{"href":"https:\/\/fleschmazowsza.com.pl\/index.php?rest_route=\/wp\/v2\/posts"}],"about":[{"href":"https:\/\/fleschmazowsza.com.pl\/index.php?rest_route=\/wp\/v2\/types\/post"}],"author":[{"embeddable":true,"href":"https:\/\/fleschmazowsza.com.pl\/index.php?rest_route=\/wp\/v2\/users\/2"}],"replies":[{"embeddable":true,"href":"https:\/\/fleschmazowsza.com.pl\/index.php?rest_route=%2Fwp%2Fv2%2Fcomments&post=2600"}],"version-history":[{"count":1,"href":"https:\/\/fleschmazowsza.com.pl\/index.php?rest_route=\/wp\/v2\/posts\/2600\/revisions"}],"predecessor-version":[{"id":2602,"href":"https:\/\/fleschmazowsza.com.pl\/index.php?rest_route=\/wp\/v2\/posts\/2600\/revisions\/2602"}],"wp:featuredmedia":[{"embeddable":true,"href":"https:\/\/fleschmazowsza.com.pl\/index.php?rest_route=\/wp\/v2\/media\/2601"}],"wp:attachment":[{"href":"https:\/\/fleschmazowsza.com.pl\/index.php?rest_route=%2Fwp%2Fv2%2Fmedia&parent=2600"}],"wp:term":[{"taxonomy":"category","embeddable":true,"href":"https:\/\/fleschmazowsza.com.pl\/index.php?rest_route=%2Fwp%2Fv2%2Fcategories&post=2600"},{"taxonomy":"post_tag","embeddable":true,"href":"https:\/\/fleschmazowsza.com.pl\/index.php?rest_route=%2Fwp%2Fv2%2Ftags&post=2600"}],"curies":[{"name":"wp","href":"https:\/\/api.w.org\/{rel}","templated":true}]}}