{"id":2590,"date":"2018-07-18T09:00:18","date_gmt":"2018-07-18T08:00:18","guid":{"rendered":"http:\/\/fleschmazowsza.com.pl\/?p=2590"},"modified":"2018-07-18T09:00:18","modified_gmt":"2018-07-18T08:00:18","slug":"bogata-letnia-oferta","status":"publish","type":"post","link":"https:\/\/fleschmazowsza.com.pl\/?p=2590","title":{"rendered":"Bogata, letnia oferta"},"content":{"rendered":"<p><strong>Wraz z zako\u0144czeniem roku szkolnego wystartowa\u0142y \u201eAle Wakacje!\u201d zorganizowane przez Milanowskie Centrum Kultury. R\u00f3\u017cnorakie wydarzenia trwa\u0107 b\u0119d\u0105 do ko\u0144ca lipca\/sierpnia, odbywaj\u0105 si\u0119 codziennie, uczestnictwo we wszystkich jest bezp\u0142atne. Atrakcje przewidziane s\u0105 zar\u00f3wno dla dzieci, m\u0142odzie\u017cy, jak i doros\u0142ych.<\/strong><\/p>\n<p>Milanowskie \u201eAle Wakacje!\u201d zorganizowane zosta\u0142y w trzech lokalizacjach. Malowniczy i ukwiecony Park \u201eZielony Do\u0142ek\u201d przy ul. Kr\u00f3tkiej 10 zaprasza dzieci w dni powszednie przedpo\u0142udniami \u2013 mog\u0105 wzi\u0105\u0107 udzia\u0142 w ciekawie zaprojektowanych warsztatach plastycznych, bajkowych i wsp\u00f3lnych weso\u0142ych zabawach.<\/p>\n<p>W kolejne niedziele organizowane s\u0105 dzieci\u0119ce koncerty lub przedstawienia teatralne, przewidziana jest te\u017c Rodzinna Pota\u0144c\u00f3wka. W ostatni\u0105 sobot\u0119 lipca odb\u0119d\u0105 si\u0119 ciekawe warsztaty zielarskie po\u0142\u0105czone z gotowaniem na bazie dzikich zi\u00f3\u0142 jadalnych.<\/p>\n<p>Miejskie Podw\u00f3rko przy ul. Sportowej 70 B w dni powszednie uaktywnia si\u0119 popo\u0142udniami &#8211; proponuje nauk\u0119 ta\u0144ca, zabawy taneczne, ruchowe i gimnastyczne, b\u0119d\u0105 te\u017c warsztaty plastyczne i graficzne.<\/p>\n<p>W pi\u0105tki i soboty oferta Podw\u00f3rka jest wyj\u0105tkowo szeroka, organizowane s\u0105 popo\u0142udniowe s\u0142uchowiska dla dzieci, wieczorne imprezy i koncerty dla m\u0142odzie\u017cy i wszystkich ch\u0119tnych oraz nocne Kino na Le\u017caku.<\/p>\n<p>W sobotnie przedpo\u0142udnia przewidziane s\u0105 warsztaty lalkarskie i teatralne oraz animacje dla dzieci. Zar\u00f3wno na \u201eZielonym Do\u0142ku\u201d, jak i na Miejskim Podw\u00f3rku odb\u0119d\u0105 si\u0119 sobotnie \u201eSzachy dla ka\u017cdego\u201d.<\/p>\n<p>Na Skwerze Stefana Starzy\u0144skiego przy ul. Ko\u015bciuszki w niedzielne wieczory organizowane s\u0105 klimatyczne koncerty. W otoczeniu zieleni, a na wypadek niepogody pod roz\u0142o\u017cystymi parasolami, pos\u0142ucha\u0107 mo\u017cna dobrej muzyki na \u017cywo. B\u0119dzie piosenka literacka, kapela folkowa oraz m\u0142odzi utalentowani wokali\u015bci. Szczeg\u00f3\u0142owy program \u201eAle Wakacje!\u201d dost\u0119pny jest na stronie: <a href=\"http:\/\/www.mckmilanowek.pl\/\"><span style=\"color: #000080;\"><span lang=\"zxx\"><u>www<\/u><\/span><\/span><span style=\"color: #000080;\"><span lang=\"zxx\"><u>.<\/u><\/span><\/span><span style=\"color: #000080;\"><span lang=\"zxx\"><u>mckmilanowek<\/u><\/span><\/span><span style=\"color: #000080;\"><span lang=\"zxx\"><u>.<\/u><\/span><\/span><span style=\"color: #000080;\"><span lang=\"zxx\"><u>pl<\/u><\/span><\/span><\/a><\/p>\n<p style=\"text-align: right;\">Tekst i foto: <strong>(PS)<\/strong><\/p>\n","protected":false},"excerpt":{"rendered":"<p>Wraz z zako\u0144czeniem roku szkolnego wystartowa\u0142y \u201eAle Wakacje!\u201d zorganizowane przez Milanowskie Centrum Kultury. R\u00f3\u017cnorakie wydarzenia trwa\u0107 b\u0119d\u0105 do ko\u0144ca lipca\/sierpnia, odbywaj\u0105 si\u0119 codziennie, uczestnictwo we wszystkich jest bezp\u0142atne. Atrakcje przewidziane s\u0105 zar\u00f3wno dla dzieci, m\u0142odzie\u017cy, jak i doros\u0142ych. Milanowskie \u201eAle Wakacje!\u201d zorganizowane zosta\u0142y w trzech lokalizacjach. Malowniczy i ukwiecony Park \u201eZielony Do\u0142ek\u201d przy ul. Kr\u00f3tkiej [&hellip;]<\/p>\n","protected":false},"author":2,"featured_media":2591,"comment_status":"closed","ping_status":"open","sticky":false,"template":"","format":"standard","meta":{"footnotes":""},"categories":[9,6,8,5],"tags":[],"class_list":["post-2590","post","type-post","status-publish","format-standard","has-post-thumbnail","hentry","category-edukacja","category-kultura","category-roznosci","category-wiadomosci"],"_links":{"self":[{"href":"https:\/\/fleschmazowsza.com.pl\/index.php?rest_route=\/wp\/v2\/posts\/2590","targetHints":{"allow":["GET"]}}],"collection":[{"href":"https:\/\/fleschmazowsza.com.pl\/index.php?rest_route=\/wp\/v2\/posts"}],"about":[{"href":"https:\/\/fleschmazowsza.com.pl\/index.php?rest_route=\/wp\/v2\/types\/post"}],"author":[{"embeddable":true,"href":"https:\/\/fleschmazowsza.com.pl\/index.php?rest_route=\/wp\/v2\/users\/2"}],"replies":[{"embeddable":true,"href":"https:\/\/fleschmazowsza.com.pl\/index.php?rest_route=%2Fwp%2Fv2%2Fcomments&post=2590"}],"version-history":[{"count":1,"href":"https:\/\/fleschmazowsza.com.pl\/index.php?rest_route=\/wp\/v2\/posts\/2590\/revisions"}],"predecessor-version":[{"id":2592,"href":"https:\/\/fleschmazowsza.com.pl\/index.php?rest_route=\/wp\/v2\/posts\/2590\/revisions\/2592"}],"wp:featuredmedia":[{"embeddable":true,"href":"https:\/\/fleschmazowsza.com.pl\/index.php?rest_route=\/wp\/v2\/media\/2591"}],"wp:attachment":[{"href":"https:\/\/fleschmazowsza.com.pl\/index.php?rest_route=%2Fwp%2Fv2%2Fmedia&parent=2590"}],"wp:term":[{"taxonomy":"category","embeddable":true,"href":"https:\/\/fleschmazowsza.com.pl\/index.php?rest_route=%2Fwp%2Fv2%2Fcategories&post=2590"},{"taxonomy":"post_tag","embeddable":true,"href":"https:\/\/fleschmazowsza.com.pl\/index.php?rest_route=%2Fwp%2Fv2%2Ftags&post=2590"}],"curies":[{"name":"wp","href":"https:\/\/api.w.org\/{rel}","templated":true}]}}