{"id":258,"date":"2016-10-28T14:26:32","date_gmt":"2016-10-28T13:26:32","guid":{"rendered":"http:\/\/fleschmazowsza.com.pl\/?p=258"},"modified":"2016-10-28T14:26:32","modified_gmt":"2016-10-28T13:26:32","slug":"alma-zamknieta-na-stale","status":"publish","type":"post","link":"https:\/\/fleschmazowsza.com.pl\/?p=258","title":{"rendered":"Alma zamkni\u0119ta na sta\u0142e"},"content":{"rendered":"<p><strong>Na drzwiach pruszkowskiego sklepu Alma wywieszono kartk\u0119 z napisem \u201esklep nieczynny\u201d. W\u0142a\u015bciciele Sp\u00f3\u0142ki potwierdzaj\u0105, \u017ce popularny market zosta\u0142 zamkni\u0119ty na sta\u0142e.<\/strong><\/p>\n<p>Niespodziewane zamkni\u0119cie marketu Alma wywo\u0142a\u0142o niema\u0142e poruszenie w\u015br\u00f3d pruszkowian. Kilka dni temu zablokowano automatyczne drzwi wej\u015bciowe do plac\u00f3wki i wywieszono kartk\u0119 z napisem \u201esklep nieczynny\u201d.<\/p>\n<p>Powodem s\u0105 problemy finansowe Sp\u00f3\u0142ki. Zarz\u0105d Alma Market z\u0142o\u017cy\u0142 ju\u017c do S\u0105du Rejonowego w Krakowie wniosek o og\u0142oszenie upad\u0142o\u015bci obejmuj\u0105cej likwidacj\u0119 maj\u0105tku. Jednocze\u015bnie Sp\u00f3\u0142ka podtrzyma\u0142a z\u0142o\u017cony wcze\u015bniej wniosek o otwarcie post\u0119powania sanacyjnego. Jest to forma post\u0119powania restrukturyzacyjnego, kt\u00f3rego celem jest reorganizacja dzia\u0142ania firmy.<\/p>\n<p>&#8211; Zgodnie z zapowiedzi\u0105 i informacjami podawanymi w sprawozdaniach Sp\u00f3\u0142ki, plac\u00f3wki, kt\u00f3re nie przynosz\u0105 odpowiednich przychod\u00f3w b\u0119d\u0105 ograniczane powierzchniowo lub zamykane \u2013 t\u0142umaczy Monika Moskwa, rzecznik prasowy Alma Market S.A.<\/p>\n<p>Tak w\u0142a\u015bnie sta\u0142o si\u0119 w przypadku nieprzynosz\u0105cego wystarczaj\u0105cych zysk\u00f3w sklepu Alma w Pruszkowie. Podobny los spotka\u0142 sklep sieci znajduj\u0105cy si\u0119 w Piasecznie.<\/p>\n<p>Jak podkre\u015bla Monika Moskwa, rzecznik prasowy Alma Market S.A., Sp\u00f3\u0142ka umo\u017cliwi\u0142a za\u0142odze zmian\u0119 miejsca pracy na pozosta\u0142e sklepy sieci w Warszawie.<\/p>\n<p style=\"text-align: right;\">Tekst i foto:<\/p>\n<p style=\"text-align: right;\"><strong>Kinga Rochalska<\/strong><\/p>\n","protected":false},"excerpt":{"rendered":"<p>Na drzwiach pruszkowskiego sklepu Alma wywieszono kartk\u0119 z napisem \u201esklep nieczynny\u201d. W\u0142a\u015bciciele Sp\u00f3\u0142ki potwierdzaj\u0105, \u017ce popularny market zosta\u0142 zamkni\u0119ty na sta\u0142e. Niespodziewane zamkni\u0119cie marketu Alma wywo\u0142a\u0142o niema\u0142e poruszenie w\u015br\u00f3d pruszkowian. Kilka dni temu zablokowano automatyczne drzwi wej\u015bciowe do plac\u00f3wki i wywieszono kartk\u0119 z napisem \u201esklep nieczynny\u201d. Powodem s\u0105 problemy finansowe Sp\u00f3\u0142ki. Zarz\u0105d Alma Market z\u0142o\u017cy\u0142 [&hellip;]<\/p>\n","protected":false},"author":2,"featured_media":259,"comment_status":"closed","ping_status":"open","sticky":false,"template":"","format":"standard","meta":{"footnotes":""},"categories":[5],"tags":[],"class_list":["post-258","post","type-post","status-publish","format-standard","has-post-thumbnail","hentry","category-wiadomosci"],"_links":{"self":[{"href":"https:\/\/fleschmazowsza.com.pl\/index.php?rest_route=\/wp\/v2\/posts\/258","targetHints":{"allow":["GET"]}}],"collection":[{"href":"https:\/\/fleschmazowsza.com.pl\/index.php?rest_route=\/wp\/v2\/posts"}],"about":[{"href":"https:\/\/fleschmazowsza.com.pl\/index.php?rest_route=\/wp\/v2\/types\/post"}],"author":[{"embeddable":true,"href":"https:\/\/fleschmazowsza.com.pl\/index.php?rest_route=\/wp\/v2\/users\/2"}],"replies":[{"embeddable":true,"href":"https:\/\/fleschmazowsza.com.pl\/index.php?rest_route=%2Fwp%2Fv2%2Fcomments&post=258"}],"version-history":[{"count":1,"href":"https:\/\/fleschmazowsza.com.pl\/index.php?rest_route=\/wp\/v2\/posts\/258\/revisions"}],"predecessor-version":[{"id":260,"href":"https:\/\/fleschmazowsza.com.pl\/index.php?rest_route=\/wp\/v2\/posts\/258\/revisions\/260"}],"wp:featuredmedia":[{"embeddable":true,"href":"https:\/\/fleschmazowsza.com.pl\/index.php?rest_route=\/wp\/v2\/media\/259"}],"wp:attachment":[{"href":"https:\/\/fleschmazowsza.com.pl\/index.php?rest_route=%2Fwp%2Fv2%2Fmedia&parent=258"}],"wp:term":[{"taxonomy":"category","embeddable":true,"href":"https:\/\/fleschmazowsza.com.pl\/index.php?rest_route=%2Fwp%2Fv2%2Fcategories&post=258"},{"taxonomy":"post_tag","embeddable":true,"href":"https:\/\/fleschmazowsza.com.pl\/index.php?rest_route=%2Fwp%2Fv2%2Ftags&post=258"}],"curies":[{"name":"wp","href":"https:\/\/api.w.org\/{rel}","templated":true}]}}