{"id":2544,"date":"2018-07-03T11:46:38","date_gmt":"2018-07-03T10:46:38","guid":{"rendered":"http:\/\/fleschmazowsza.com.pl\/?p=2544"},"modified":"2018-07-03T11:46:38","modified_gmt":"2018-07-03T10:46:38","slug":"przedluzony-remont-trasy-kolejowej-z-grodziska-do-warszawy","status":"publish","type":"post","link":"https:\/\/fleschmazowsza.com.pl\/?p=2544","title":{"rendered":"Przed\u0142u\u017cony remont trasy kolejowej z Grodziska do Warszawy?"},"content":{"rendered":"<p lang=\"pl-PL\" align=\"JUSTIFY\"><span style=\"color: #000000;\"><span style=\"font-family: Times New Roman, serif;\"><span style=\"font-size: medium;\"><b>Jak informuje portal \u201eRynek-Kolejowy.pl\u201d wykonawca modernizacji podmiejskiej linii kolejowej nr 447 mi\u0119dzy Warszaw\u0105 a Grodziskiem wyst\u0105pi\u0142 o przed\u0142u\u017cenie jej zamkni\u0119cia do 20 pa\u017adziernika.<\/b><\/span><\/span><\/span><\/p>\n<p lang=\"pl-PL\" align=\"JUSTIFY\"><span style=\"color: #000000;\"><span style=\"font-family: Times New Roman, serif;\"><span style=\"font-size: medium;\">Zamkni\u0119cie dwutorowo trasy (linia nr 447) pomi\u0119dzy stacjami Grodzisk Mazowiecki a Warszawa W\u0142ochy wprowadzono 3 wrze\u015bnia 2017 r. ze wzgl\u0119du na rozpoczynaj\u0105ce si\u0119 prace modernizacyjne. Ruch poci\u0105g\u00f3w i funkcjonowanie stacji po\u015brednich (tj. Milan\u00f3wek, Brwin\u00f3w, Pruszk\u00f3w, Piast\u00f3w i Warszawa Ursus) po zmodernizowanej ju\u017c linii kolejowej zgodnie z planem mia\u0142 wr\u00f3ci\u0107 we wrze\u015bniu 2018 r. Wykonawca (Intercor) modernizacji linii 447 zproponowa\u0142 nawet inwestorowi (PKP PLK) skr\u00f3cenie czasu zamkni\u0119cia linii bez dodatkowych op\u0142at. Eksperci r\u00f3wnie\u017c wskazywali, \u017ce zamkni\u0119cie torowe przy maksymalnym tempie prac powinno by\u0107 kr\u00f3tsze. Od samego pocz\u0105tku jednak roboty nie by\u0142y prowadzone ca\u0142odobowo.<\/span><\/span><\/span><\/p>\n<p lang=\"pl-PL\" align=\"JUSTIFY\"><span style=\"color: #000000;\"><span style=\"font-family: Times New Roman, serif;\"><span style=\"font-size: medium;\">Wraz z up\u0142ywem czasu coraz wi\u0119cej w\u0105tpliwo\u015bci budzi\u0142o zaawansowanie rob\u00f3t modernizacyjnych, cho\u0107 PKP PLK podkre\u015bla\u0142a \u017ce ich tempo jest dobre. Obawy wzbudza\u0142a zw\u0142aszcza kwestia przeci\u0105gaj\u0105cych si\u0119 utrudnie\u0144 na stacji Warszawa W\u0142ochy oraz wstrzymania prac w Pruszkowie.<\/span><\/span><\/span><\/p>\n<p lang=\"pl-PL\" style=\"text-align: center;\" align=\"JUSTIFY\"><strong><span style=\"color: #000000;\"><span style=\"font-family: Times New Roman, serif;\"><span style=\"font-size: medium;\">Przed\u0142u\u017cony remont?<\/span><\/span><\/span><\/strong><\/p>\n<p lang=\"pl-PL\" align=\"JUSTIFY\"><span style=\"color: #000000;\"><span style=\"font-family: Times New Roman, serif;\"><span style=\"font-size: medium;\">Wkr\u00f3tce mo\u017ce okaza\u0107 si\u0119, \u017ce problemy podr\u00f3\u017cnych mog\u0105 potrwa\u0107 d\u0142u\u017cej ni\u017c pierwotnie planowano.<\/span><\/span><\/span><\/p>\n<p lang=\"pl-PL\" align=\"JUSTIFY\"><span style=\"color: #000000;\">\u2013 <span style=\"font-family: Times New Roman, serif;\"><span style=\"font-size: medium;\">Wykonawca wyst\u0105pi\u0142 o przed\u0142u\u017cenie zamkni\u0119\u0107 torowych. Sytuacj\u0119 t\u0119 i prace na linii om\u00f3wiono na spotkaniu przedstawiciela Zarz\u0105du PLK oraz Zarz\u0105du firmy Intercor. Wyznaczono wa\u017cne punkty do planowej realizacji projektu \u2013 potwierdzi\u0142 w rozmowie z portalem \u201eRynek-Kolejowy.pl\u201d Karol Jakubowski z PKP Polskich Linii Kolejowych.<\/span><\/span><\/span><\/p>\n<p lang=\"pl-PL\" style=\"text-align: center;\" align=\"JUSTIFY\"><strong><span style=\"color: #000000;\"><span style=\"font-family: Times New Roman, serif;\"><span style=\"font-size: medium;\">Kluczowy odcinek<\/span><\/span><\/span><\/strong><\/p>\n<p lang=\"pl-PL\" align=\"JUSTIFY\"><span style=\"color: #000000;\"><span style=\"font-family: Times New Roman, serif;\"><span style=\"font-size: medium;\">Rzecznik PKP PLK zwraca r\u00f3wnie\u017c uwag\u0119 na to, \u017ce obecnie kluczowe s\u0105 intensywne prace zwi\u0105zane z przebudow\u0105 obiekt\u00f3w in\u017cynieryjnych oraz odbudow\u0105 uk\u0142adu torowego na odcinku od stacji Grodzisk do stacji Pruszk\u00f3w.<\/span><\/span><\/span><\/p>\n<p lang=\"pl-PL\" align=\"JUSTIFY\"><span style=\"color: #000000;\">\u2013 <span style=\"font-family: Times New Roman, serif;\"><span style=\"font-size: medium;\">Na podstawie post\u0119pu i zaawansowania tych prac, w po\u0142owie lipca, okre\u015blony b\u0119dzie czas uzyskania przejezdno\u015bci linii Warszawa \u2013 Grodzisk \u2013 zgodnie z planem we wrze\u015bniu, lub b\u0119dzie konieczne przesuni\u0119cie tego terminu \u2013 m\u00f3wi Karol Jakubowski portalowi \u201eRynek-Kolejowy.pl.<\/span><\/span><\/span><\/p>\n<p lang=\"pl-PL\" style=\"text-align: center;\" align=\"JUSTIFY\"><strong><span style=\"color: #000000;\"><span style=\"font-family: Times New Roman, serif;\"><span style=\"font-size: medium;\">D\u0142u\u017cej i wi\u0119cej pracowa\u0107<\/span><\/span><\/span><\/strong><\/p>\n<p lang=\"pl-PL\" align=\"JUSTIFY\"><span style=\"color: #000000;\"><span style=\"font-family: Times New Roman, serif;\"><span style=\"font-size: medium;\">Portal zauwa\u017ca, \u017ce skoro pojawi\u0142y si\u0119 op\u00f3\u017anienia, dlaczego wykonawca nie prowadzi pracy ca\u0142odobowo oraz w weekendy.<\/span><\/span><\/span><\/p>\n<p lang=\"pl-PL\" align=\"JUSTIFY\"><span style=\"color: #000000;\">\u2013 <span style=\"font-family: Times New Roman, serif;\"><span style=\"font-size: medium;\">Wykonawca zosta\u0142 zobowi\u0105zany do intensyfikacji prac, r\u00f3wnie\u017c w czasie weekend\u00f3w. Ze wzgl\u0119du na kluczowy charakter inwestycji, PLK prowadzi sta\u0142y monitoring prac \u2013 r\u00f3wnie\u017c w weekendy \u2013 m\u00f3wi dla \u201eRynek-Kolejowy.pl Jakubowski.<\/span><\/span><\/span><\/p>\n<p lang=\"pl-PL\" align=\"JUSTIFY\"><span style=\"color: #000000;\"><span style=\"font-family: Times New Roman, serif;\"><span style=\"font-size: medium;\">Rzecznik PKP PLK przypomnia\u0142, \u017ce zgodnie z zawart\u0105 umow\u0105 zako\u0144czenie prac na linii kolejowej 447 przewidziano w pierwszym kwartale 2019 roku, a podczas modernizacji wykonawca natrafi\u0142 na niezidentyfikowane wcze\u015bniej kolizje. A to zwi\u0119kszy\u0142o zakres rob\u00f3t.<\/span><\/span><\/span><\/p>\n<p style=\"text-align: right;\" align=\"JUSTIFY\">Oprac. <strong>(mg)<\/strong><\/p>\n","protected":false},"excerpt":{"rendered":"<p>Jak informuje portal \u201eRynek-Kolejowy.pl\u201d wykonawca modernizacji podmiejskiej linii kolejowej nr 447 mi\u0119dzy Warszaw\u0105 a Grodziskiem wyst\u0105pi\u0142 o przed\u0142u\u017cenie jej zamkni\u0119cia do 20 pa\u017adziernika. Zamkni\u0119cie dwutorowo trasy (linia nr 447) pomi\u0119dzy stacjami Grodzisk Mazowiecki a Warszawa W\u0142ochy wprowadzono 3 wrze\u015bnia 2017 r. ze wzgl\u0119du na rozpoczynaj\u0105ce si\u0119 prace modernizacyjne. Ruch poci\u0105g\u00f3w i funkcjonowanie stacji po\u015brednich (tj. [&hellip;]<\/p>\n","protected":false},"author":2,"featured_media":2545,"comment_status":"closed","ping_status":"open","sticky":false,"template":"","format":"standard","meta":{"footnotes":""},"categories":[8,5],"tags":[],"class_list":["post-2544","post","type-post","status-publish","format-standard","has-post-thumbnail","hentry","category-roznosci","category-wiadomosci"],"_links":{"self":[{"href":"https:\/\/fleschmazowsza.com.pl\/index.php?rest_route=\/wp\/v2\/posts\/2544","targetHints":{"allow":["GET"]}}],"collection":[{"href":"https:\/\/fleschmazowsza.com.pl\/index.php?rest_route=\/wp\/v2\/posts"}],"about":[{"href":"https:\/\/fleschmazowsza.com.pl\/index.php?rest_route=\/wp\/v2\/types\/post"}],"author":[{"embeddable":true,"href":"https:\/\/fleschmazowsza.com.pl\/index.php?rest_route=\/wp\/v2\/users\/2"}],"replies":[{"embeddable":true,"href":"https:\/\/fleschmazowsza.com.pl\/index.php?rest_route=%2Fwp%2Fv2%2Fcomments&post=2544"}],"version-history":[{"count":2,"href":"https:\/\/fleschmazowsza.com.pl\/index.php?rest_route=\/wp\/v2\/posts\/2544\/revisions"}],"predecessor-version":[{"id":2547,"href":"https:\/\/fleschmazowsza.com.pl\/index.php?rest_route=\/wp\/v2\/posts\/2544\/revisions\/2547"}],"wp:featuredmedia":[{"embeddable":true,"href":"https:\/\/fleschmazowsza.com.pl\/index.php?rest_route=\/wp\/v2\/media\/2545"}],"wp:attachment":[{"href":"https:\/\/fleschmazowsza.com.pl\/index.php?rest_route=%2Fwp%2Fv2%2Fmedia&parent=2544"}],"wp:term":[{"taxonomy":"category","embeddable":true,"href":"https:\/\/fleschmazowsza.com.pl\/index.php?rest_route=%2Fwp%2Fv2%2Fcategories&post=2544"},{"taxonomy":"post_tag","embeddable":true,"href":"https:\/\/fleschmazowsza.com.pl\/index.php?rest_route=%2Fwp%2Fv2%2Ftags&post=2544"}],"curies":[{"name":"wp","href":"https:\/\/api.w.org\/{rel}","templated":true}]}}