{"id":2541,"date":"2018-07-03T11:43:53","date_gmt":"2018-07-03T10:43:53","guid":{"rendered":"http:\/\/fleschmazowsza.com.pl\/?p=2541"},"modified":"2018-07-03T11:43:53","modified_gmt":"2018-07-03T10:43:53","slug":"stanowcze-nie-dla-lotniska","status":"publish","type":"post","link":"https:\/\/fleschmazowsza.com.pl\/?p=2541","title":{"rendered":"Stanowcze NIE dla lotniska!"},"content":{"rendered":"<p><b>Mieszka\u0144cy gminy Baran\u00f3w (powiat grodziski) w referendum z dn. 17 czerwca zag\u0142osowali przeciw budowie Centralnego Portu Komunikacyjnego. Frekwencja wynios\u0142a oko\u0142o 47 procent co oznacza, \u017ce g\u0142osowanie jest wa\u017cne, poniewa\u017c wymagana ustawowo frekwencja minimalna to 30 procent.<\/b><\/p>\n<p>Przypomnijmy: Rada Gminy Baran\u00f3w 18 kwietnia podj\u0119\u0142a uchwa\u0142\u0119 o referendum w sprawie CPK. Termin jego przeprowadzenia zosta\u0142 wyznaczony na 17 czerwca. Pod koniec maja wojewoda mazowiecki Zdzis\u0142aw Sipiera przekaza\u0142, \u017ce uchwa\u0142a gminy Baran\u00f3w jest zgodna z prawem.<\/p>\n<p>W trakcie g\u0142osowania mieszka\u0144cy odpowiadali \u201eTAK\u201d lub \u201eNIE\u201d na dwa nast\u0119puj\u0105ce pytania: \u201eCzy jeste\u015b za lokalizacj\u0105 Centralnego Portu Komunikacyjnego w obszarze gminy Baran\u00f3w?\u201d oraz \u201eCzy zgadzasz si\u0119 na warunki rozlicze\u0144 zaproponowane przez rz\u0105d w zwi\u0105zku z budow\u0105 Centralnego portu Komunikacyjnego?\u201d<\/p>\n<p style=\"text-align: center;\"><b>Bardzo jasny przekaz<\/b><\/p>\n<p>Jak wynika z protoko\u0142u ustalenia wyniku referendum gminnego na pierwsze pytanie 1555 os\u00f3b, czyli 82,8 proc. uczestnik\u00f3w g\u0142osowania odpowiedzia\u0142o \u201eNIE\u201d. Na \u201eTAK\u201dby\u0142o 17,2 procent, czyli 322 osoby. Liczba g\u0142os\u00f3w wa\u017cnych wynios\u0142a 1877, a niewa\u017cnych &#8211; 55.<\/p>\n<p>W odpowiedzi na drugie z referendalnych pyta\u0144 za korzystne warunki rozlicze\u0144 zaproponowane przez rz\u0105d uzna\u0142o tylko 6,1 procent g\u0142osuj\u0105cych, a 93,9 procent uzna\u0142o, \u017ce nie b\u0119d\u0105 one dobre dla mieszka\u0144c\u00f3w gminy Baran\u00f3w.<\/p>\n<p>Uprawnionych do g\u0142osowania by\u0142o 4120 os\u00f3b. Udzia\u0142 w referendum wzi\u0119\u0142o 1932 mieszka\u0144c\u00f3w. Oznacza to frekwencj\u0119 na poziomie 47 procent i pozwala uzna\u0107 wyniki g\u0142osowania za wa\u017cne, poniewa\u017c wymagana ustawowo frekwencja minimalna to 30 procent.<\/p>\n<p>&#8211; Przekaz jest bardzo jasny. Mieszka\u0144cy nie chc\u0105 Centralnego Portu Komunikacyjnego, jak i nie akceptuj\u0105 warunk\u00f3w zawartych w specustawie &#8211; powiedzia\u0142 PAP W\u00f3jt Gminy Baran\u00f3w Andrzej Kolek.<\/p>\n<p>Mieszka\u0144cy g\u0142osowali w czterech obwodowych komisjach referendalnych. Mie\u015bci\u0142y si\u0119 one w szkole podstawowej w Baranowie, gminnym przedszkolu w Ceg\u0142owie, szkole podstawowej w Bo\u017cej Woli oraz w szkole podstawowej w Kaskach. Lokale zosta\u0142y zamkni\u0119te o godzinie 21.<\/p>\n<p style=\"text-align: center;\"><strong>Konsultacje z rz\u0105dem<\/strong><\/p>\n<p>Wiceminister infrastruktury, pe\u0142nomocnik rz\u0105du ds. Centralnego Portu Komunikacyjnego Miko\u0142aj Wild pod koniec maja przez prawie pi\u0119\u0107 godzin w siedzibie Ochotniczej Stra\u017cy Po\u017carnej w Baranowie rozmawia\u0142 z mieszka\u0144cami i w\u00f3jtem gminy nt. budowy CPK. Przedstawiciel rz\u0105du poinformowa\u0142 w\u00f3wczas, \u017ce trzy gminy: Baran\u00f3w (pow. grodziski), Teresin (pow. sochaczewski) i Wiskitki ( pow. \u017cyrardowski) s\u0105 wyznaczone na obszar inwestycji CPK, kt\u00f3ry obejmuj\u0105cy \u0142\u0105cznie 66,2 km kw.<br \/>\nLicznie przybyli mieszka\u0144cy, cz\u0119sto w emocjonalnych s\u0142owach, pytali w\u00f3wczas wiceministra Wilda o swoj\u0105 przysz\u0142o\u015b\u0107. Dopytywali m.in. o wykup ziemi, ceny gruntu, odszkodowanie, gwarancj\u0119 pieni\u0119dzy na koncie, prowadzenie dzia\u0142alno\u015bci rolniczej. M\u00f3wili, \u017ce b\u0119d\u0105 zmuszeni do sprzeda\u017cy swoich nieruchomo\u015bci.<\/p>\n<p style=\"text-align: center;\"><strong>Prace do 2027 roku<\/strong><\/p>\n<p>Nowe lotnisko ma by\u0107 jednym z najwi\u0119kszych port\u00f3w przesiadkowych w Europie. Na jego lokalizacj\u0119 wskazywany jest Stanis\u0142aw\u00f3w w gminie Baran\u00f3w. Po pierwszym etapie budowy port ma obs\u0142ugiwa\u0107 do 45 mln pasa\u017cer\u00f3w rocznie, a docelowo nawet oko\u0142o 100 mln. Do ko\u0144ca 2019 roku maj\u0105 trwa\u0107 prace przygotowawcze, a sam port ma by\u0107 budowany przez kolejnych 8 lat, czyli do ko\u0144ca 2027 roku.<br \/>\nW urz\u0119dzie gminy w Baranowie dzia\u0142a punkt informacyjno-konsultacyjny dla mieszka\u0144c\u00f3w gmin, na terenie kt\u00f3rych powstanie Centralny Port Komunikacyjny. Resort infrastruktury planuje, \u017ce punkt &#8211; w zale\u017cno\u015bci od zainteresowania mieszka\u0144c\u00f3w &#8211; b\u0119dzie dzia\u0142a\u0142 co najmniej do ko\u0144ca listopada.<\/p>\n<p style=\"text-align: right;\">Oprac. <strong>(mg)<\/strong> na podstawie <em><strong>PAP\/Tvnwarszawa.tvn24.pl<\/strong><\/em><\/p>\n","protected":false},"excerpt":{"rendered":"<p>Mieszka\u0144cy gminy Baran\u00f3w (powiat grodziski) w referendum z dn. 17 czerwca zag\u0142osowali przeciw budowie Centralnego Portu Komunikacyjnego. Frekwencja wynios\u0142a oko\u0142o 47 procent co oznacza, \u017ce g\u0142osowanie jest wa\u017cne, poniewa\u017c wymagana ustawowo frekwencja minimalna to 30 procent. Przypomnijmy: Rada Gminy Baran\u00f3w 18 kwietnia podj\u0119\u0142a uchwa\u0142\u0119 o referendum w sprawie CPK. Termin jego przeprowadzenia zosta\u0142 wyznaczony na [&hellip;]<\/p>\n","protected":false},"author":2,"featured_media":2542,"comment_status":"closed","ping_status":"open","sticky":false,"template":"","format":"standard","meta":{"footnotes":""},"categories":[8,5],"tags":[],"class_list":["post-2541","post","type-post","status-publish","format-standard","has-post-thumbnail","hentry","category-roznosci","category-wiadomosci"],"_links":{"self":[{"href":"https:\/\/fleschmazowsza.com.pl\/index.php?rest_route=\/wp\/v2\/posts\/2541","targetHints":{"allow":["GET"]}}],"collection":[{"href":"https:\/\/fleschmazowsza.com.pl\/index.php?rest_route=\/wp\/v2\/posts"}],"about":[{"href":"https:\/\/fleschmazowsza.com.pl\/index.php?rest_route=\/wp\/v2\/types\/post"}],"author":[{"embeddable":true,"href":"https:\/\/fleschmazowsza.com.pl\/index.php?rest_route=\/wp\/v2\/users\/2"}],"replies":[{"embeddable":true,"href":"https:\/\/fleschmazowsza.com.pl\/index.php?rest_route=%2Fwp%2Fv2%2Fcomments&post=2541"}],"version-history":[{"count":1,"href":"https:\/\/fleschmazowsza.com.pl\/index.php?rest_route=\/wp\/v2\/posts\/2541\/revisions"}],"predecessor-version":[{"id":2543,"href":"https:\/\/fleschmazowsza.com.pl\/index.php?rest_route=\/wp\/v2\/posts\/2541\/revisions\/2543"}],"wp:featuredmedia":[{"embeddable":true,"href":"https:\/\/fleschmazowsza.com.pl\/index.php?rest_route=\/wp\/v2\/media\/2542"}],"wp:attachment":[{"href":"https:\/\/fleschmazowsza.com.pl\/index.php?rest_route=%2Fwp%2Fv2%2Fmedia&parent=2541"}],"wp:term":[{"taxonomy":"category","embeddable":true,"href":"https:\/\/fleschmazowsza.com.pl\/index.php?rest_route=%2Fwp%2Fv2%2Fcategories&post=2541"},{"taxonomy":"post_tag","embeddable":true,"href":"https:\/\/fleschmazowsza.com.pl\/index.php?rest_route=%2Fwp%2Fv2%2Ftags&post=2541"}],"curies":[{"name":"wp","href":"https:\/\/api.w.org\/{rel}","templated":true}]}}