{"id":254,"date":"2016-10-28T14:19:18","date_gmt":"2016-10-28T13:19:18","guid":{"rendered":"http:\/\/fleschmazowsza.com.pl\/?p=254"},"modified":"2016-10-28T14:19:18","modified_gmt":"2016-10-28T13:19:18","slug":"wypisz-wymaluj-swoje-miasto","status":"publish","type":"post","link":"https:\/\/fleschmazowsza.com.pl\/?p=254","title":{"rendered":"\u201eWypisz wymaluj\u201d swoje miasto"},"content":{"rendered":"<p><strong>Wspania\u0142e grafiki, powstaj\u0105ce w mie\u015bcie i przykuwaj\u0105ce uwag\u0119 przechodni\u00f3w, wyr\u00f3\u017cniaj\u0105 si\u0119 nieprzeci\u0119tnymi walorami estetycznymi. Dot\u0105d powsta\u0142o ju\u017c kilkana\u015bcie takich malowide\u0142. W tym roku gmina realizowa\u0142a kolejne, za\u015b w przysz\u0142ym arty\u015bci zn\u00f3w zaskocz\u0105 nas nowymi pomys\u0142ami.<\/strong><\/p>\n<p>Projekt realizowany jest od 2014 roku. Dzi\u0119ki tej inicjatywie obiekty, kt\u00f3re do tej pory odstrasza\u0142y przechodni\u00f3w sta\u0142y si\u0119 atrakcyjn\u0105 wizyt\u00f3wk\u0105 miasta, nawi\u0105zuj\u0105c\u0105 do jego historii.<\/p>\n<p>Jako pierwsza stworzona zosta\u0142a grafika, widniej\u0105ca na gara\u017cach przy skrzy\u017cowaniu ulic 3 Maja i Teligi. Arty\u015bci umie\u015bcili tam napis \u201eKocham Grodzisk Mazowiecki\u201d, a tak\u017ce \u0142\u00f3dk\u0119 na tle morza, aby w ten spos\u00f3b upami\u0119tni\u0107 posta\u0107 znanego \u017ceglarza Leonida Teligi, kt\u00f3ry dawniej by\u0142 mieszka\u0144cem Grodziska.<\/p>\n<p>Ciekawie zaprojektowane murale ozdobi\u0142y dotychczas m.in. gara\u017ce przy ulicach Armii Krajowej i W\u00f3lczy\u0144skiej oraz budynki przy ulicach Sadowej, Rado\u0144skiej i Szczerkowskiego, a tak\u017ce obiekty zlokalizowane niedaleko siedziby WKD.<\/p>\n<p>Jednym z najbardziej efektownych jest grafika \u201e\u017bycie Ba\u0142tyku\u201d, przedstawiaj\u0105ca zwierz\u0119ta wodne, kt\u00f3ra zosta\u0142a namalowana na transformatorze przy ulicy Ba\u0142tyckiej. Natomiast pasa\u017cerowie, czekaj\u0105cy na poci\u0105g mog\u0105 podziwia\u0107 mural, kt\u00f3ry znajduje si\u0119 przy stacji PKP i zatytu\u0142owany zosta\u0142 \u201e170 lat kolei Warszawsko \u2013 Wiede\u0144skiej\u201d.<\/p>\n<p>\u2013 Co roku gmina przeznacza oko\u0142o 30 tysi\u0119cy z\u0142otych na kolejne murale \u2013 m\u00f3wi Monika Kwiczak z grodziskiego magistratu. \u2013 W tym roku konkretne lokalizacje zg\u0142osi\u0142 jeden z radnych \u2013 dwa transformatory na osiedlu Bairda. Na jednym z nich powsta\u0142 mural \u201eDom\u201d autorstwa Edmunda Dudka \u2013 projekt wy\u0142oniony jeszcze w ramach konkursu zako\u0144czonego w 2014 roku, a na drugim mural \u201eTadeusz Baird\u201d. Pozosta\u0142e murale wykonane w\u00a0 latach 2015-2016 zaprojektowali i wymalowali dla nas arty\u015bci graficiarze z firmy \u201eWypisz wymaluj\u201d z Olsztyna \u2013 dodaje Monika Kwiczak.<\/p>\n<p>W tym roku ma powsta\u0107 jeszcze jeden obraz w dzielnicy \u0141\u0105ki.<\/p>\n<p>&#8211; Je\u015bli chodzi o mural w \u0141\u0105kach, to trwaj\u0105 jeszcze prace nad jego projektem. Powinien on powsta\u0107 jeszcze w tym roku, na \u015bcianie budynku na rogu ulicy Granicznej i U\u0142a\u0144skiej. Te trzy nowe lokalizacje oraz uzupe\u0142nienie jednego elementu na gara\u017cach przy 3 Maja wyczerpa\u0142o ju\u017c nasz tegoroczny bud\u017cet na ten cel \u2013 informuje Monika Kwiczak.<\/p>\n<p>Jak zapewniaj\u0105 urz\u0119dnicy, w przysz\u0142ym roku projekt b\u0119dzie kontynuowany. Tym razem ozdobione zostan\u0105 dwa transformatory \u2013 przy ulicy Kopernika oraz \u015bciana przy parkingu ko\u0142o orlik\u00f3w na Stawach Walczewskiego.<\/p>\n<p style=\"text-align: right;\"><strong>Daria G\u0142owacka<\/strong><\/p>\n<p style=\"text-align: right;\">Fot. <strong>U.M. w Grodzisku Maz.<\/strong><\/p>\n","protected":false},"excerpt":{"rendered":"<p>Wspania\u0142e grafiki, powstaj\u0105ce w mie\u015bcie i przykuwaj\u0105ce uwag\u0119 przechodni\u00f3w, wyr\u00f3\u017cniaj\u0105 si\u0119 nieprzeci\u0119tnymi walorami estetycznymi. Dot\u0105d powsta\u0142o ju\u017c kilkana\u015bcie takich malowide\u0142. W tym roku gmina realizowa\u0142a kolejne, za\u015b w przysz\u0142ym arty\u015bci zn\u00f3w zaskocz\u0105 nas nowymi pomys\u0142ami. Projekt realizowany jest od 2014 roku. Dzi\u0119ki tej inicjatywie obiekty, kt\u00f3re do tej pory odstrasza\u0142y przechodni\u00f3w sta\u0142y si\u0119 atrakcyjn\u0105 wizyt\u00f3wk\u0105 [&hellip;]<\/p>\n","protected":false},"author":2,"featured_media":255,"comment_status":"closed","ping_status":"open","sticky":false,"template":"","format":"standard","meta":{"footnotes":""},"categories":[6],"tags":[],"class_list":["post-254","post","type-post","status-publish","format-standard","has-post-thumbnail","hentry","category-kultura"],"_links":{"self":[{"href":"https:\/\/fleschmazowsza.com.pl\/index.php?rest_route=\/wp\/v2\/posts\/254","targetHints":{"allow":["GET"]}}],"collection":[{"href":"https:\/\/fleschmazowsza.com.pl\/index.php?rest_route=\/wp\/v2\/posts"}],"about":[{"href":"https:\/\/fleschmazowsza.com.pl\/index.php?rest_route=\/wp\/v2\/types\/post"}],"author":[{"embeddable":true,"href":"https:\/\/fleschmazowsza.com.pl\/index.php?rest_route=\/wp\/v2\/users\/2"}],"replies":[{"embeddable":true,"href":"https:\/\/fleschmazowsza.com.pl\/index.php?rest_route=%2Fwp%2Fv2%2Fcomments&post=254"}],"version-history":[{"count":1,"href":"https:\/\/fleschmazowsza.com.pl\/index.php?rest_route=\/wp\/v2\/posts\/254\/revisions"}],"predecessor-version":[{"id":256,"href":"https:\/\/fleschmazowsza.com.pl\/index.php?rest_route=\/wp\/v2\/posts\/254\/revisions\/256"}],"wp:featuredmedia":[{"embeddable":true,"href":"https:\/\/fleschmazowsza.com.pl\/index.php?rest_route=\/wp\/v2\/media\/255"}],"wp:attachment":[{"href":"https:\/\/fleschmazowsza.com.pl\/index.php?rest_route=%2Fwp%2Fv2%2Fmedia&parent=254"}],"wp:term":[{"taxonomy":"category","embeddable":true,"href":"https:\/\/fleschmazowsza.com.pl\/index.php?rest_route=%2Fwp%2Fv2%2Fcategories&post=254"},{"taxonomy":"post_tag","embeddable":true,"href":"https:\/\/fleschmazowsza.com.pl\/index.php?rest_route=%2Fwp%2Fv2%2Ftags&post=254"}],"curies":[{"name":"wp","href":"https:\/\/api.w.org\/{rel}","templated":true}]}}