{"id":2534,"date":"2018-07-03T11:28:19","date_gmt":"2018-07-03T10:28:19","guid":{"rendered":"http:\/\/fleschmazowsza.com.pl\/?p=2534"},"modified":"2018-07-03T11:28:19","modified_gmt":"2018-07-03T10:28:19","slug":"lato-pelne-atrakcji-2","status":"publish","type":"post","link":"https:\/\/fleschmazowsza.com.pl\/?p=2534","title":{"rendered":"Lato pe\u0142ne atrakcji"},"content":{"rendered":"<p align=\"LEFT\"><strong><span style=\"color: #000000;\"><div id=\"envira-gallery-wrap-2535\" class=\"envira-gallery-wrap envira-gallery-theme-base envira-lightbox-theme-base\" itemscope itemtype=\"https:\/\/schema.org\/ImageGallery\"><div data-row-height=\"150\" data-gallery-theme=\"normal\" id=\"envira-gallery-2535\" class=\"envira-gallery-public envira-gallery-justified-public envira-gallery-0-columns envira-clear enviratope envira-gallery-css-animations\" data-envira-columns=\"0\"><div id=\"envira-gallery-item-2536\" class=\"envira-gallery-item enviratope-item envira-gallery-item-1 envira-lazy-load\" style=\"padding-left: 5px; padding-bottom: 10px; padding-right: 5px;\"  itemscope itemtype=\"https:\/\/schema.org\/ImageObject\"><div class=\"envira-gallery-item-inner\"><div class=\"envira-gallery-position-overlay  envira-gallery-top-left\"><\/div><div class=\"envira-gallery-position-overlay  envira-gallery-top-right\"><\/div><div class=\"envira-gallery-position-overlay  envira-gallery-bottom-left\"><\/div><div class=\"envira-gallery-position-overlay  envira-gallery-bottom-right\"><\/div><a href=\"http:\/\/fleschmazowsza.com.pl\/wp-content\/uploads\/2018\/07\/AAA_plakat_lato_2018_druk.jpg\" class=\"envira-gallery-2535 envira-gallery-link\" rel=\"enviragallery2535\" title=\"AAA_plakat_lato_2018_druk\" data-envira-caption=\"AAA_plakat_lato_2018_druk\" data-envira-retina=\"\" data-thumbnail=\"\"  itemprop=\"contentUrl\"><img decoding=\"async\" id=\"envira-gallery-image-2536\" class=\"envira-gallery-image envira-gallery-image-1 envira-normal envira-lazy\" data-envira-index=\"1\" src=\"https:\/\/fleschmazowsza.com.pl\/wp-content\/uploads\/2018\/07\/AAA_plakat_lato_2018_druk-735x1024-640x480.jpg\" data-envira-src=\"https:\/\/fleschmazowsza.com.pl\/wp-content\/uploads\/2018\/07\/AAA_plakat_lato_2018_druk-735x1024-640x480.jpg\" data-envira-gallery-id=\"2535\" data-envira-item-id=\"2536\" data-envira-caption=\"AAA_plakat_lato_2018_druk\" alt=\"\" title=\"AAA_plakat_lato_2018_druk\"  itemprop=\"thumbnailUrl\" data-envira-srcset=\"https:\/\/fleschmazowsza.com.pl\/wp-content\/uploads\/2018\/07\/AAA_plakat_lato_2018_druk-735x1024-640x480.jpg 400w,https:\/\/fleschmazowsza.com.pl\/wp-content\/uploads\/2018\/07\/AAA_plakat_lato_2018_druk-735x1024-640x480.jpg 2x\" data-envira-width=\"215\" data-envira-height=\"300\" srcset=\"data:image\/gif;base64,R0lGODlhAQABAIAAAP\/\/\/\/\/\/\/yH5BAEKAAEALAAAAAABAAEAAAICTAEAOw==\" data-safe-src=\"data:image\/gif;base64,R0lGODlhAQABAIAAAP\/\/\/\/\/\/\/yH5BAEKAAEALAAAAAABAAEAAAICTAEAOw==\" \/><\/a><\/div><\/div><div id=\"envira-gallery-item-2537\" class=\"envira-gallery-item enviratope-item envira-gallery-item-2 envira-lazy-load\" style=\"padding-left: 5px; padding-bottom: 10px; padding-right: 5px;\"  itemscope itemtype=\"https:\/\/schema.org\/ImageObject\"><div class=\"envira-gallery-item-inner\"><div class=\"envira-gallery-position-overlay  envira-gallery-top-left\"><\/div><div class=\"envira-gallery-position-overlay  envira-gallery-top-right\"><\/div><div class=\"envira-gallery-position-overlay  envira-gallery-bottom-left\"><\/div><div class=\"envira-gallery-position-overlay  envira-gallery-bottom-right\"><\/div><a href=\"http:\/\/fleschmazowsza.com.pl\/wp-content\/uploads\/2018\/07\/AAA_polkolonie.jpg\" class=\"envira-gallery-2535 envira-gallery-link\" rel=\"enviragallery2535\" title=\"AAA_polkolonie\" data-envira-caption=\"AAA_polkolonie\" data-envira-retina=\"\" data-thumbnail=\"\"  itemprop=\"contentUrl\"><img decoding=\"async\" id=\"envira-gallery-image-2537\" class=\"envira-gallery-image envira-gallery-image-2 envira-normal envira-lazy\" data-envira-index=\"2\" src=\"https:\/\/fleschmazowsza.com.pl\/wp-content\/uploads\/2018\/07\/AAA_polkolonie-725x1024-640x480.jpg\" data-envira-src=\"https:\/\/fleschmazowsza.com.pl\/wp-content\/uploads\/2018\/07\/AAA_polkolonie-725x1024-640x480.jpg\" data-envira-gallery-id=\"2535\" data-envira-item-id=\"2537\" data-envira-caption=\"AAA_polkolonie\" alt=\"\" title=\"AAA_polkolonie\"  itemprop=\"thumbnailUrl\" data-envira-srcset=\"https:\/\/fleschmazowsza.com.pl\/wp-content\/uploads\/2018\/07\/AAA_polkolonie-725x1024-640x480.jpg 400w,https:\/\/fleschmazowsza.com.pl\/wp-content\/uploads\/2018\/07\/AAA_polkolonie-725x1024-640x480.jpg 2x\" data-envira-width=\"212\" data-envira-height=\"300\" srcset=\"data:image\/gif;base64,R0lGODlhAQABAIAAAP\/\/\/\/\/\/\/yH5BAEKAAEALAAAAAABAAEAAAICTAEAOw==\" data-safe-src=\"data:image\/gif;base64,R0lGODlhAQABAIAAAP\/\/\/\/\/\/\/yH5BAEKAAEALAAAAAABAAEAAAICTAEAOw==\" \/><\/a><\/div><\/div><div id=\"envira-gallery-item-2538\" class=\"envira-gallery-item enviratope-item envira-gallery-item-3 envira-lazy-load\" style=\"padding-left: 5px; padding-bottom: 10px; padding-right: 5px;\"  itemscope itemtype=\"https:\/\/schema.org\/ImageObject\"><div class=\"envira-gallery-item-inner\"><div class=\"envira-gallery-position-overlay  envira-gallery-top-left\"><\/div><div class=\"envira-gallery-position-overlay  envira-gallery-top-right\"><\/div><div class=\"envira-gallery-position-overlay  envira-gallery-bottom-left\"><\/div><div class=\"envira-gallery-position-overlay  envira-gallery-bottom-right\"><\/div><a href=\"http:\/\/fleschmazowsza.com.pl\/wp-content\/uploads\/2018\/07\/AAAA_111.jpg\" class=\"envira-gallery-2535 envira-gallery-link\" rel=\"enviragallery2535\" title=\"AAAA_111\" data-envira-caption=\"AAAA_111\" data-envira-retina=\"\" data-thumbnail=\"\"  itemprop=\"contentUrl\"><img decoding=\"async\" id=\"envira-gallery-image-2538\" class=\"envira-gallery-image envira-gallery-image-3 envira-normal envira-lazy\" data-envira-index=\"3\" src=\"https:\/\/fleschmazowsza.com.pl\/wp-content\/uploads\/2018\/07\/AAAA_111-724x1024-640x480.jpg\" data-envira-src=\"https:\/\/fleschmazowsza.com.pl\/wp-content\/uploads\/2018\/07\/AAAA_111-724x1024-640x480.jpg\" data-envira-gallery-id=\"2535\" data-envira-item-id=\"2538\" data-envira-caption=\"AAAA_111\" alt=\"\" title=\"AAAA_111\"  itemprop=\"thumbnailUrl\" data-envira-srcset=\"https:\/\/fleschmazowsza.com.pl\/wp-content\/uploads\/2018\/07\/AAAA_111-724x1024-640x480.jpg 400w,https:\/\/fleschmazowsza.com.pl\/wp-content\/uploads\/2018\/07\/AAAA_111-724x1024-640x480.jpg 2x\" data-envira-width=\"212\" data-envira-height=\"300\" srcset=\"data:image\/gif;base64,R0lGODlhAQABAIAAAP\/\/\/\/\/\/\/yH5BAEKAAEALAAAAAABAAEAAAICTAEAOw==\" data-safe-src=\"data:image\/gif;base64,R0lGODlhAQABAIAAAP\/\/\/\/\/\/\/yH5BAEKAAEALAAAAAABAAEAAAICTAEAOw==\" \/><\/a><\/div><\/div><\/div><\/div><noscript><img decoding=\"async\" src=\"https:\/\/fleschmazowsza.com.pl\/wp-content\/uploads\/2018\/07\/AAA_plakat_lato_2018_druk.jpg\" alt=\"\" \/><img decoding=\"async\" src=\"https:\/\/fleschmazowsza.com.pl\/wp-content\/uploads\/2018\/07\/AAA_polkolonie.jpg\" alt=\"\" \/><img decoding=\"async\" src=\"https:\/\/fleschmazowsza.com.pl\/wp-content\/uploads\/2018\/07\/AAAA_111.jpg\" alt=\"\" \/><\/noscript>W<\/span> <span style=\"color: #000000;\">czasie<\/span> <span style=\"color: #000000;\">tegorocznych<\/span> <span style=\"color: #000000;\">wakacji<\/span> <span style=\"color: #000000;\">o\u015brodki<\/span> <span style=\"color: #000000;\">kultury<\/span> <span style=\"color: #000000;\">z<\/span> <span style=\"color: #000000;\">powiatu<\/span> <span style=\"color: #000000;\">pruszkowskiego<\/span><span style=\"color: #000000;\">, <\/span><span style=\"color: #000000;\">powiatu<\/span> <span style=\"color: #000000;\">grodziskiego<\/span> <span style=\"color: #000000;\">oraz<\/span> <span style=\"color: #000000;\">Ursusa<\/span> <span style=\"color: #000000;\">zorganizuj\u0105<\/span> <span style=\"color: #000000;\">p\u00f3\u0142kolonie<\/span> <span style=\"color: #000000;\">dla<\/span> <span style=\"color: #000000;\">najm\u0142odszych<\/span> <span style=\"color: #000000;\">mieszka\u0144c\u00f3w<\/span> <span style=\"color: #000000;\">naszego<\/span> <span style=\"color: #000000;\">regionu<\/span><span style=\"color: #000000;\">. Ponadto instytucje kultury (muzea, biblioteki) tak\u017ce przygotowa\u0142y dla dzieci ciekawe propozycje. <\/span><span style=\"color: #000000;\">Jedno<\/span> <span style=\"color: #000000;\">jest<\/span> <span style=\"color: #000000;\">pewne<\/span><span style=\"color: #000000;\"> \u2013 <\/span><span style=\"color: #000000;\">atrakcji<\/span> <span style=\"color: #000000;\">nie<\/span> <span style=\"color: #000000;\">zabraknie<\/span><span style=\"color: #000000;\">.<\/span><\/strong><\/p>\n<p align=\"LEFT\"><span style=\"color: #000000;\">Podwarszawskie<\/span> <span style=\"color: #000000;\">o\u015brodki<\/span> <span style=\"color: #000000;\">kultury<\/span> <span style=\"color: #000000;\">podczas<\/span> <span style=\"color: #000000;\">tegorocznych<\/span> <span style=\"color: #000000;\">wakacji<\/span><span style=\"color: #000000;\">, <\/span><span style=\"color: #000000;\">jak<\/span> <span style=\"color: #000000;\">co<\/span> <span style=\"color: #000000;\">roku<\/span><span style=\"color: #000000;\">, <\/span><span style=\"color: #000000;\">zorganizuj\u0105<\/span> <span style=\"color: #000000;\">p\u00f3\u0142kolonie<\/span> <span style=\"color: #000000;\">dla<\/span> <span style=\"color: #000000;\">dzieci<\/span> <span style=\"color: #000000;\">i<\/span> <span style=\"color: #000000;\">m\u0142odzie\u017cy<\/span><span style=\"color: #000000;\">. Zapraszamy te\u017c do odwiedzania bibliotek i instytucji kultury, kt\u00f3re tak\u017ce oferuj\u0105 najm\u0142odszym wiele atrakcji.<\/span><\/p>\n<p style=\"text-align: center;\" align=\"LEFT\"><strong><span style=\"color: #000000;\">Powiat<\/span> <span style=\"color: #000000;\">pruszkowski<\/span><\/strong><\/p>\n<p align=\"LEFT\"><span style=\"color: #000000;\">Miejski<\/span> <span style=\"color: #000000;\">O\u015brodek<\/span> <span style=\"color: #000000;\">Kultury<\/span><span style=\"color: #000000;\"> \u201e<\/span><span style=\"color: #000000;\">Kamyk<\/span><span style=\"color: #000000;\">\u201d <\/span><span style=\"color: #000000;\">w<\/span> <span style=\"color: #000000;\">Pruszkowie<\/span> <span style=\"color: #000000;\">od<\/span><span style=\"color: #000000;\"> 25 <\/span><span style=\"color: #000000;\">czerwca<\/span> <span style=\"color: #000000;\">do<\/span><span style=\"color: #000000;\"> 20 <\/span><span style=\"color: #000000;\">lipca<\/span> <span style=\"color: #000000;\">zaprasza<\/span> <span style=\"color: #000000;\">dzieci<\/span> <span style=\"color: #000000;\">na<\/span> <span style=\"color: #000000;\">zaj\u0119cia<\/span> <span style=\"color: #000000;\">organizowane<\/span> <span style=\"color: #000000;\">pod<\/span> <span style=\"color: #000000;\">has\u0142em<\/span><span style=\"color: #000000;\"> \u201e<\/span><span style=\"color: #000000;\">Historycznie<\/span> <span style=\"color: #000000;\">i<\/span> <span style=\"color: #000000;\">wsp\u00f3\u0142cze\u015bnie<\/span> <span style=\"color: #000000;\">z<\/span> <span style=\"color: #000000;\">Panem<\/span> <span style=\"color: #000000;\">Kleksem<\/span><span style=\"color: #000000;\">\u201d. <\/span><span style=\"color: #000000;\">W<\/span> <span style=\"color: #000000;\">planie<\/span> <span style=\"color: #000000;\">przewidziano<\/span> <span style=\"color: #000000;\">m<\/span><span style=\"color: #000000;\">.<\/span><span style=\"color: #000000;\">in<\/span><span style=\"color: #000000;\">. <\/span><span style=\"color: #000000;\">warsztaty<\/span> <span style=\"color: #000000;\">naukowe<\/span><span style=\"color: #000000;\">, <\/span><span style=\"color: #000000;\">gry<\/span> <span style=\"color: #000000;\">i<\/span> <span style=\"color: #000000;\">zabawy<\/span> <span style=\"color: #000000;\">na<\/span> <span style=\"color: #000000;\">\u015bwie\u017cym<\/span> <span style=\"color: #000000;\">powietrzu<\/span><span style=\"color: #000000;\">, <\/span><span style=\"color: #000000;\">a<\/span> <span style=\"color: #000000;\">tak\u017ce<\/span> <span style=\"color: #000000;\">spacery<\/span> <span style=\"color: #000000;\">i<\/span> <span style=\"color: #000000;\">wyjazdy<\/span> <span style=\"color: #000000;\">edukacyjne<\/span><span style=\"color: #000000;\">.<\/span><\/p>\n<p align=\"LEFT\"><span style=\"color: #000000;\">Muzeum<\/span> <span style=\"color: #000000;\">Staro\u017cytnego<\/span> <span style=\"color: #000000;\">Hutnictwa<\/span> <span style=\"color: #000000;\">Mazowieckiego<\/span> <span style=\"color: #000000;\">w<\/span> <span style=\"color: #000000;\">Pruszkowie<\/span> <span style=\"color: #000000;\">w<\/span> <span style=\"color: #000000;\">pierwszym<\/span> <span style=\"color: #000000;\">i<\/span> <span style=\"color: #000000;\">ostatnim<\/span> <span style=\"color: #000000;\">tygodniu<\/span> <span style=\"color: #000000;\">wakacji<\/span> <span style=\"color: #000000;\">zaprasza<\/span> <span style=\"color: #000000;\">na<\/span><span style=\"color: #000000;\"> \u201e<\/span><strong>Letnie<\/strong> <strong>Warsztaty<\/strong> <strong>Artystyczne<\/strong><b> <\/b><strong>z<\/strong> <strong>rzemios\u0142em<\/strong><b> <\/b><strong>i<\/strong> <strong>ekologi\u0105<\/strong> <strong>za<\/strong> <strong>pan<\/strong> <strong>brat<\/strong>\u201d dedykowane dzieciom w wieku od 7 do 12 lat. Op\u0142ata za udzia\u0142 w pojedynczych warsztatach (1,5 h) wynosi 20 z\u0142 od osoby.<\/p>\n<p align=\"LEFT\">W Miejskim O\u015brodku Kultury w Piastowie \u201eLato w mie\u015bcie\u201d trwa\u0107 b\u0119dzie od 25 czerwca do 27 lipca. Na dzieci czekaj\u0105 m.in. warsztaty artystyczne, warsztaty cyrkowe, zaj\u0119cia sportowe, a tak\u017ce projekcie film\u00f3w.<\/p>\n<p align=\"LEFT\"><span style=\"color: #000000;\">W<\/span> <span style=\"color: #000000;\">lipcu<\/span><span style=\"color: #000000;\"> (02.07 \u2013 20.07) <\/span><span style=\"color: #000000;\">na<\/span> <span style=\"color: #000000;\">p\u00f3\u0142kolonie<\/span> <span style=\"color: #000000;\">zaprasza<\/span> <span style=\"color: #000000;\">tak\u017ce<\/span> <span style=\"color: #000000;\">Nadarzy\u0144ski<\/span> <span style=\"color: #000000;\">O\u015brodek<\/span> <span style=\"color: #000000;\">Kultury<\/span><span style=\"color: #000000;\">. <\/span><span style=\"color: #000000;\">W<\/span> <span style=\"color: #000000;\">Nadarzynie<\/span> <span style=\"color: #000000;\">zorganizowane<\/span> <span style=\"color: #000000;\">zostan\u0105<\/span> <span style=\"color: #000000;\">letnie<\/span> <span style=\"color: #000000;\">warsztaty<\/span> <span style=\"color: #000000;\">artystyczne<\/span><span style=\"color: #000000;\">. <\/span><span style=\"color: #000000;\">Tygodniowy<\/span> <span style=\"color: #000000;\">koszt<\/span> <span style=\"color: #000000;\">warsztat\u00f3w<\/span> <span style=\"color: #000000;\">wynosi<\/span><span style=\"color: #000000;\"> 180 <\/span><span style=\"color: #000000;\">z\u0142<\/span><span style=\"color: #000000;\">. <\/span><span style=\"color: #000000;\">Opr\u00f3cz<\/span> <span style=\"color: #000000;\">zaj\u0119\u0107<\/span> <span style=\"color: #000000;\">edukacyjno<\/span><span style=\"color: #000000;\"> \u2013 <\/span><span style=\"color: #000000;\">artystycznych<\/span><span style=\"color: #000000;\">, <\/span><span style=\"color: #000000;\">w<\/span><span style=\"color: #000000;\"> \u201e<\/span><span style=\"color: #000000;\">NOK<\/span><span style=\"color: #000000;\">\u201d <\/span><span style=\"color: #000000;\">przewidziano<\/span> <span style=\"color: #000000;\">tak\u017ce<\/span> <span style=\"color: #000000;\">kilka<\/span> <span style=\"color: #000000;\">wycieczek<\/span> <span style=\"color: #000000;\">np<\/span><span style=\"color: #000000;\">. <\/span><span style=\"color: #000000;\">do<\/span> <span style=\"color: #000000;\">sali<\/span> <span style=\"color: #000000;\">zabaw<\/span><span style=\"color: #000000;\"> \u201e<\/span><span style=\"color: #000000;\">Hulakula<\/span><span style=\"color: #000000;\">\u201d <\/span><span style=\"color: #000000;\">i<\/span><span style=\"color: #000000;\"> \u201e<\/span><span style=\"color: #000000;\">Farmy<\/span> <span style=\"color: #000000;\">Pony<\/span><span style=\"color: #000000;\">\u201d.<\/span><\/p>\n<p style=\"text-align: center;\" align=\"LEFT\"><strong><span style=\"color: #000000;\">Dulag zaprasza<\/span><\/strong><\/p>\n<p align=\"LEFT\"><span style=\"color: #000000;\">Muzeum<\/span> <span style=\"color: #000000;\">Dulag<\/span><span style=\"color: #000000;\"> 121 <\/span><span style=\"color: #000000;\">z<\/span><span style=\"font-size: medium;\">aprasza<\/span> <span style=\"font-size: medium;\">wszystkie<\/span> <span style=\"font-size: medium;\">dzieci<\/span> <span style=\"font-size: medium;\">w<\/span> <span style=\"font-size: medium;\">wieku<\/span><span style=\"font-size: medium;\"> 7-11 <\/span><span style=\"font-size: medium;\">lat<\/span> <span style=\"font-size: medium;\">na<\/span> <span style=\"font-size: medium;\">coroczne<\/span> <span style=\"font-size: medium;\">bezp\u0142atne<\/span> <span style=\"font-size: medium;\">zaj\u0119cia<\/span> <span style=\"font-size: medium;\">organizowane<\/span> <span style=\"font-size: medium;\">w<\/span> <span style=\"font-size: medium;\">lipc<\/span><span style=\"font-size: medium;\">. <\/span><span style=\"font-size: medium;\">W<\/span> <span style=\"font-size: medium;\">tym<\/span> <span style=\"font-size: medium;\">roku<\/span> <span style=\"font-size: medium;\">odb\u0119d\u0105<\/span> <span style=\"font-size: medium;\">si\u0119<\/span> <span style=\"font-size: medium;\">one<\/span> <span style=\"font-size: medium;\">pod<\/span> <span style=\"font-size: medium;\">has\u0142em<\/span> <span style=\"font-size: medium;\"><b>\u201e<\/b><\/span><span style=\"font-size: medium;\"><b>Poznajemy<\/b><\/span><b> <\/b><span style=\"font-size: medium;\"><b>i<\/b><\/span><b> <\/b><span style=\"font-size: medium;\"><b>Budujemy<\/b><\/span><span style=\"font-size: medium;\"><b>\u201d.<\/b><\/span><\/p>\n<p align=\"LEFT\"><span style=\"font-size: medium;\">Przez<\/span> <span style=\"font-size: medium;\">dwa<\/span> <span style=\"font-size: medium;\">tygodnie<\/span><span style=\"font-size: medium;\">, <\/span><span style=\"font-size: medium;\">mi\u0119dzy<\/span> <span style=\"font-size: medium;\">2 <\/span><span style=\"font-size: medium;\">a<\/span><span style=\"font-size: medium;\"> 13 <\/span><span style=\"font-size: medium;\">lipca<\/span><span style=\"font-size: medium;\">, <\/span><span style=\"font-size: medium;\">od<\/span> <span style=\"font-size: medium;\">poniedzia\u0142ku<\/span> <span style=\"font-size: medium;\">do<\/span> <span style=\"font-size: medium;\">pi\u0105tku<\/span> <span style=\"font-size: medium;\">w<\/span> <span style=\"font-size: medium;\">godz<\/span><span style=\"font-size: medium;\">. 10 \u2013 14<\/span> <span style=\"font-size: medium;\">uczestnicy<\/span> <span style=\"font-size: medium;\">zaj\u0119\u0107<\/span> <span style=\"font-size: medium;\">b\u0119d\u0105<\/span> <span style=\"font-size: medium;\">mogli<\/span> <span style=\"font-size: medium;\">pozna\u0107<\/span> <span style=\"font-size: medium;\">dzieje<\/span> <span style=\"font-size: medium;\">najwa\u017cniejszych<\/span> <span style=\"font-size: medium;\">budowli<\/span> <span style=\"font-size: medium;\">stworzonych<\/span> <span style=\"font-size: medium;\">przez<\/span> <span style=\"font-size: medium;\">cz\u0142owieka<\/span><span style=\"font-size: medium;\">, <\/span><span style=\"font-size: medium;\">a<\/span> <span style=\"font-size: medium;\">potem<\/span> <span style=\"font-size: medium;\">spr\u00f3buj\u0105<\/span> <span style=\"font-size: medium;\">zbudowa\u0107<\/span> <span style=\"font-size: medium;\">je<\/span> <span style=\"font-size: medium;\">sami<\/span><span style=\"font-size: medium;\">. <\/span><span style=\"font-size: medium;\">Dzie\u0144<\/span> <span style=\"font-size: medium;\">po<\/span> <span style=\"font-size: medium;\">dniu<\/span> <span style=\"font-size: medium;\">b\u0119d\u0105<\/span> <span style=\"font-size: medium;\">powstawa\u0107<\/span><span style=\"font-size: medium;\">: <\/span><span style=\"font-size: medium;\">\u015bwi\u0105tynia<\/span> <span style=\"font-size: medium;\">egipska<\/span><span style=\"font-size: medium;\">, <\/span><span style=\"font-size: medium;\">labirynt<\/span><span style=\"font-size: medium;\">, <\/span><span style=\"font-size: medium;\">ob\u00f3z<\/span> <span style=\"font-size: medium;\">wojskowy<\/span><span style=\"font-size: medium;\">, <\/span><span style=\"font-size: medium;\">twierdza<\/span><span style=\"font-size: medium;\">, <\/span><span style=\"font-size: medium;\">most<\/span><span style=\"font-size: medium;\">, <\/span><span style=\"font-size: medium;\">fabryka<\/span><span style=\"font-size: medium;\">, <\/span><span style=\"font-size: medium;\">teatr<\/span><span style=\"font-size: medium;\">, <\/span><span style=\"font-size: medium;\">zagroda<\/span><span style=\"font-size: medium;\">, <\/span><span style=\"font-size: medium;\">katedra<\/span> <span style=\"font-size: medium;\">i<\/span> <span style=\"font-size: medium;\">willa<\/span> <span style=\"font-size: medium;\">rzymska<\/span><span style=\"font-size: medium;\">.<\/span><\/p>\n<p style=\"text-align: center;\" align=\"LEFT\"><strong><span style=\"color: #000000;\"><span style=\"font-size: medium;\">Powiat<\/span><\/span> <span style=\"color: #000000;\"><span style=\"font-size: medium;\">grodziski<\/span><\/span><\/strong><\/p>\n<p align=\"LEFT\"><span style=\"color: #000000;\">W<\/span> <span style=\"color: #000000;\">dniach<\/span><span style=\"color: #000000;\"> 02.07 \u2013 06.07 <\/span><span style=\"color: #000000;\">oraz<\/span><span style=\"color: #000000;\"> 06.08 \u2013 10.08 <\/span><span style=\"color: #000000;\">zaj\u0119cia<\/span> <span style=\"color: #000000;\">w<\/span> <span style=\"color: #000000;\">ramach<\/span> <span style=\"color: #000000;\">akcji<\/span><span style=\"color: #000000;\"> \u201e<\/span><span style=\"color: #000000;\">Lato<\/span> <span style=\"color: #000000;\">w<\/span> <span style=\"color: #000000;\">mie\u015bcie<\/span><span style=\"color: #000000;\">\u201d <\/span><span style=\"color: #000000;\">organizuje<\/span> <span style=\"color: #000000;\">Centrum<\/span> <span style=\"color: #000000;\">Kultury<\/span> <span style=\"color: #000000;\">w<\/span> <span style=\"color: #000000;\">Grodzisku<\/span> <span style=\"color: #000000;\">Mazowieckim<\/span><span style=\"color: #000000;\">. <\/span><span style=\"color: #000000;\">W<\/span><span style=\"color: #000000;\"> programie <\/span><span style=\"color: #000000;\">przewidziano<\/span> <span style=\"color: #000000;\">m<\/span><span style=\"color: #000000;\">.<\/span><span style=\"color: #000000;\">in<\/span><span style=\"color: #000000;\">. <\/span><span style=\"color: #000000;\">szermierk\u0119<\/span><span style=\"color: #000000;\">, <\/span><span style=\"color: #000000;\">zumb\u0119<\/span><span style=\"color: #000000;\">, <\/span><span style=\"color: #000000;\">zaj\u0119cia<\/span> <span style=\"color: #000000;\">plastyczne<\/span> <span style=\"color: #000000;\">i<\/span> <span style=\"color: #000000;\">animacyjne<\/span><span style=\"color: #000000;\">, <\/span><span style=\"color: #000000;\">a<\/span> <span style=\"color: #000000;\">tak\u017ce<\/span> <span style=\"color: #000000;\">gry<\/span> <span style=\"color: #000000;\">planszowe<\/span><span style=\"color: #000000;\">. <\/span><span style=\"color: #000000;\">Bezp\u0142atne<\/span> <span style=\"color: #000000;\">zaj\u0119cia<\/span> <span style=\"color: #000000;\">przewidziane<\/span> <span style=\"color: #000000;\">s\u0105<\/span> <span style=\"color: #000000;\">dla<\/span> <span style=\"color: #000000;\">dzieci<\/span> <span style=\"color: #000000;\">z<\/span> <span style=\"color: #000000;\">teren\u00f3w<\/span> <span style=\"color: #000000;\">gminy<\/span> <span style=\"color: #000000;\">Grodzisk<\/span> <span style=\"color: #000000;\">Mazowiecki<\/span><span style=\"color: #000000;\">.<\/span><\/p>\n<p align=\"LEFT\"><span style=\"color: #000000;\">W<\/span> <span style=\"color: #000000;\">Milan\u00f3wku<\/span> <span style=\"color: #000000;\">od<\/span><span style=\"color: #000000;\"> 25 <\/span><span style=\"color: #000000;\">czerwca<\/span> <span style=\"color: #000000;\">do<\/span> <span style=\"color: #000000;\">ko\u0144ca<\/span> <span style=\"color: #000000;\">lipca<\/span> <span style=\"color: #000000;\">trwa\u0107<\/span> <span style=\"color: #000000;\">b\u0119dzie<\/span> <span style=\"color: #000000;\">akcja<\/span><span style=\"color: #000000;\"> \u201e<\/span><span style=\"color: #000000;\">Ale<\/span> <span style=\"color: #000000;\">wakacje<\/span><span style=\"color: #000000;\">\u201d. <\/span><span style=\"color: #000000;\">Na<\/span> <span style=\"color: #000000;\">mieszka\u0144c\u00f3w<\/span> <span style=\"color: #000000;\">czekaj\u0105<\/span> <span style=\"color: #000000;\">m<\/span><span style=\"color: #000000;\">.<\/span><span style=\"color: #000000;\">in<\/span><span style=\"color: #000000;\">. <\/span><span style=\"color: #000000;\">ciekawe<\/span> <span style=\"color: #000000;\">w<\/span>arsztaty, spotkania, koncerty, pota\u0144c\u00f3wki, karaoke i wsp\u00f3lne ogl\u0105danie film\u00f3w.<\/p>\n<p align=\"LEFT\">Program \u201eLato w mie\u015bcie\u201d oparty o zaj\u0119cia wyjazdowe organizuje Gminny O\u015brodek Kultury \u201eOkej\u201d w Brwinowie. W planie przewidziano m.in. wycieczk\u0119 do Parku Rozrywki w Julinku, Term w Mszczonowie oraz Kopalni soli w K\u0142odawie.<\/p>\n<p style=\"text-align: center;\" align=\"LEFT\"><strong><span style=\"color: #000000;\">Warszawa \u2013 <\/span><span style=\"color: #000000;\">Ursus<\/span><\/strong><\/p>\n<p align=\"LEFT\"><span style=\"color: #000000;\">Dzieci<\/span> <span style=\"color: #000000;\">z<\/span> <span style=\"color: #000000;\">Ursusa<\/span> <span style=\"color: #000000;\">wakacje<\/span> <span style=\"color: #000000;\">b\u0119d\u0105<\/span> <span style=\"color: #000000;\">mog\u0142y<\/span> <span style=\"color: #000000;\">sp\u0119dzi\u0107<\/span> <span style=\"color: #000000;\">na<\/span> <span style=\"color: #000000;\">zaj\u0119ciach<\/span> <span style=\"color: #000000;\">prowadzonych<\/span> <span style=\"color: #000000;\">przez<\/span> <span style=\"color: #000000;\">O\u015brodek<\/span> <span style=\"color: #000000;\">Kultury<\/span><span style=\"color: #000000;\"> \u201e<\/span><span style=\"color: #000000;\">Arsus<\/span><span style=\"color: #000000;\">\u201d, <\/span><span style=\"color: #000000;\">a<\/span> <span style=\"color: #000000;\">tak\u017ce<\/span> <span style=\"color: #000000;\">Dom<\/span> <span style=\"color: #000000;\">Kultury<\/span><span style=\"color: #000000;\"> \u201e<\/span><span style=\"color: #000000;\">Mi\u015b<\/span><span style=\"color: #000000;\">\u201d <\/span><span style=\"color: #000000;\">i<\/span> <span style=\"color: #000000;\">Dom<\/span> <span style=\"color: #000000;\">Kultury<\/span><span style=\"color: #000000;\"> \u201e<\/span><span style=\"color: #000000;\">Kolorowa<\/span><span style=\"color: #000000;\">\u201d.<\/span><\/p>\n<p align=\"LEFT\"><span style=\"color: #000000;\">Plac\u00f3wki<\/span> <span style=\"color: #000000;\">przygotowuj\u0105<\/span> <span style=\"color: #000000;\">mn\u00f3stwo<\/span> <span style=\"color: #000000;\">wydarze\u0144<\/span> <span style=\"color: #000000;\">kulturalnych<\/span> <span style=\"color: #000000;\">w<\/span> <span style=\"color: #000000;\">tym<\/span> <span style=\"color: #000000;\">m<\/span><span style=\"color: #000000;\">.<\/span><span style=\"color: #000000;\">in<\/span><span style=\"color: #000000;\">. <\/span><span style=\"color: #000000;\">warsztaty<\/span> <span style=\"color: #000000;\">fotograficzne<\/span><span style=\"color: #000000;\">, <\/span><span style=\"color: #000000;\">kulinarne<\/span><span style=\"color: #000000;\">, <\/span><span style=\"color: #000000;\">origami<\/span><span style=\"color: #000000;\">, <\/span><span style=\"color: #000000;\">ceramiczne<\/span> <span style=\"color: #000000;\">i<\/span> <span style=\"color: #000000;\">plastyczne<\/span><span style=\"color: #000000;\">, <\/span><span style=\"color: #000000;\">a<\/span> <span style=\"color: #000000;\">tak\u017ce<\/span> <span style=\"color: #000000;\">zaj\u0119cia<\/span> <span style=\"color: #000000;\">sportowe<\/span><span style=\"color: #000000;\">. <\/span><span style=\"color: #000000;\">W<\/span> <span style=\"color: #000000;\">planach<\/span> <span style=\"color: #000000;\">jest<\/span> <span style=\"color: #000000;\">organizacja<\/span> <span style=\"color: #000000;\">tygodnia<\/span> <span style=\"color: #000000;\">z<\/span><span style=\"color: #000000;\"> \u201e<\/span><span style=\"color: #000000;\">Magi\u0105<\/span><span style=\"color: #000000;\">&#8211;<\/span><span style=\"color: #000000;\">Art<\/span> <span style=\"color: #000000;\">Uwa\u017cno\u015bci<\/span><span style=\"color: #000000;\">\u201d, <\/span><span style=\"color: #000000;\">tygodnia<\/span> <span style=\"color: #000000;\">projektowania<\/span> <span style=\"color: #000000;\">z<\/span> <span style=\"color: #000000;\">m\u0142od\u0105<\/span> <span style=\"color: #000000;\">projektantk\u0105<\/span><span style=\"color: #000000;\">, <\/span><span style=\"color: #000000;\">czy<\/span> <span style=\"color: #000000;\">te\u017c<\/span> <span style=\"color: #000000;\">tygodnia<\/span> <span style=\"color: #000000;\">z<\/span> <span style=\"color: #000000;\">rysunkiem<\/span> <span style=\"color: #000000;\">manga<\/span><span style=\"color: #000000;\">. <\/span><span style=\"color: #000000;\">Wsp\u00f3ln\u0105<\/span> <span style=\"color: #000000;\">integracj\u0119<\/span> <span style=\"color: #000000;\">dope\u0142ni\u0107<\/span> <span style=\"color: #000000;\">ma<\/span> <span style=\"color: #000000;\">akcja<\/span><span style=\"color: #000000;\"> \u201e<\/span><span style=\"color: #000000;\">kulturalne<\/span> <span style=\"color: #000000;\">podw\u00f3rka<\/span><span style=\"color: #000000;\">\u201d <\/span><span style=\"color: #000000;\">oraz<\/span> <span style=\"color: #000000;\">projekcje<\/span> <span style=\"color: #000000;\">filmowe<\/span> <span style=\"color: #000000;\">w<\/span> <span style=\"color: #000000;\">kinie<\/span><span style=\"color: #000000;\"> \u201e<\/span><span style=\"color: #000000;\">Ursus<\/span><span style=\"color: #000000;\">\u201d.<\/span><\/p>\n<p style=\"text-align: center;\" align=\"LEFT\"><strong><span style=\"color: #000000;\">Biblioteki te\u017c zapraszaj\u0105<\/span><\/strong><\/p>\n<p align=\"LEFT\">Ju\u017c od 2 lipca zaczyna si\u0119 Lato w Bibliotece. W zwi\u0105zku z tym w plac\u00f3wkach obowi\u0105zywa\u0107 b\u0119d\u0105 wakacyjne godziny otwarcia: poniedzia\u0142ek, wtorek, \u015broda w godz. 12.00 \u2013 19.00; czwartki i pi\u0105tki w godz. 9.00 \u2013 16.00 (sobota nieczynne).<\/p>\n<p align=\"LEFT\">Biblioteka przy ul. Plutonu Torpedy zaprasza na cykl spotka\u0144 dla dzieci w wieku 5-10 lat zatytu\u0142owanych \u201ePodr\u00f3\u017ce z Nel\u0105\u201d. B\u0119dzie to blok spotka\u0144 podr\u00f3\u017cniczych, inspirowany seri\u0105 ksi\u0105\u017ceczek dla dzieci o tym samym tytule. Spotkania s\u0105 podzielone tematycznie i dotycz\u0105 kraj\u00f3w skandynawskich, \u015br\u00f3dziemnomorskich, azjatyckich, s\u0142owia\u0144skich, arabskich, afryka\u0144skich, europejskich oraz Ameryki P\u00f3\u0142nocnej i Po\u0142udniowej.<\/p>\n<p align=\"LEFT\">Mali czytelnicy b\u0119d\u0105 tak\u017ce mogli wzi\u0105\u0107 udzia\u0142 w zaj\u0119ciach plastycznych, grach planszowych, projekcjach filmowych z cyklu \u201eBli\u017cej przyrody\u201d oraz zaj\u0119ciach tanecznych i muzycznych.<\/p>\n<p align=\"LEFT\"><span style=\"color: #222222;\">W filii Skorosze, codziennie w godzinach 12.00-13.00 odbywa\u0107 si\u0119 b\u0119dzie wsp\u00f3lne czytanie dla najm\u0142odszych, zaj\u0119cia plastyczne oraz muzyczno \u2013 ruchowe, a tak\u017ce kino obrazkowe i gry planszowe.<\/span><\/p>\n<p align=\"LEFT\"><span style=\"color: #222222;\">Na<\/span> <span style=\"color: #222222;\">Go\u0142\u0105bkach<\/span><span style=\"color: #222222;\">, <\/span><span style=\"color: #222222;\">bibliotekarki<\/span><span style=\"color: #222222;\">, <\/span><span style=\"color: #222222;\">przez<\/span> <span style=\"color: #222222;\">ca\u0142y<\/span> <span style=\"color: #222222;\">lipiec<\/span> <span style=\"color: #222222;\">prowadzi\u0107<\/span> <span style=\"color: #222222;\">b\u0119d\u0105<\/span> <span style=\"color: #222222;\">zaj\u0119cia<\/span> <span style=\"color: #222222;\">z<\/span> <span style=\"color: #222222;\">cyklu<\/span><span style=\"color: #222222;\"> \u201e<\/span><span style=\"color: #222222;\">Poznajemy<\/span> <span style=\"color: #222222;\">Parki<\/span> <span style=\"color: #222222;\">Narodowe<\/span><span style=\"color: #222222;\">\u201d, <\/span><span style=\"color: #222222;\">a<\/span> <span style=\"color: #222222;\">w<\/span> <span style=\"color: #222222;\">sierpniu<\/span> <span style=\"color: #222222;\">prowadzi\u0107<\/span> <span style=\"color: #222222;\">b\u0119d\u0105<\/span> <span style=\"color: #222222;\">zaj\u0119cia<\/span> <span style=\"color: #222222;\">pt<\/span><span style=\"color: #222222;\">. \u201e<\/span><span style=\"color: #222222;\">W<\/span> <span style=\"color: #222222;\">\u015bwiecie<\/span> <span style=\"color: #222222;\">wyobra\u017ani<\/span> <span style=\"color: #222222;\">czyli<\/span> <span style=\"color: #222222;\">zabawy<\/span> <span style=\"color: #222222;\">w<\/span> <span style=\"color: #222222;\">biblioteczny<\/span> <span style=\"color: #222222;\">teatr<\/span><span style=\"color: #222222;\">\u201d.<\/span><\/p>\n<p align=\"LEFT\"><span style=\"color: #000000;\">W filii Nied\u017awiadek, w ka\u017cdy poniedzia\u0142ek dzieci b\u0119d\u0105 mog\u0142y dowiedzie\u0107 si\u0119 czego\u015b o systemach liczbowych, we wtorki \u2013 o liczbach kabalnych, \u015brody b\u0119d\u0105 pod znakiem origami, a w czwartki odbywa\u0107 si\u0119 b\u0119dzie muzyczny poker. Tydzie\u0144 ko\u0144czy\u0107 b\u0119d\u0105 pi\u0105tkowe zabawy w wagonie podr\u00f3\u017cnym.<\/span><\/p>\n<p style=\"text-align: right;\" align=\"LEFT\"><span style=\"color: #000000;\">Zebrali: <strong>KR, (mg)<\/strong><\/span><\/p>\n","protected":false},"excerpt":{"rendered":"<p>W czasie tegorocznych wakacji o\u015brodki kultury z powiatu pruszkowskiego, powiatu grodziskiego oraz Ursusa zorganizuj\u0105 p\u00f3\u0142kolonie dla najm\u0142odszych mieszka\u0144c\u00f3w naszego regionu. Ponadto instytucje kultury (muzea, biblioteki) tak\u017ce przygotowa\u0142y dla dzieci ciekawe propozycje. Jedno jest pewne \u2013 atrakcji nie zabraknie. Podwarszawskie o\u015brodki kultury podczas tegorocznych wakacji, jak co roku, zorganizuj\u0105 p\u00f3\u0142kolonie dla dzieci i m\u0142odzie\u017cy. Zapraszamy te\u017c [&hellip;]<\/p>\n","protected":false},"author":2,"featured_media":2537,"comment_status":"closed","ping_status":"open","sticky":false,"template":"","format":"standard","meta":{"footnotes":""},"categories":[8,5],"tags":[],"class_list":["post-2534","post","type-post","status-publish","format-standard","has-post-thumbnail","hentry","category-roznosci","category-wiadomosci"],"_links":{"self":[{"href":"https:\/\/fleschmazowsza.com.pl\/index.php?rest_route=\/wp\/v2\/posts\/2534","targetHints":{"allow":["GET"]}}],"collection":[{"href":"https:\/\/fleschmazowsza.com.pl\/index.php?rest_route=\/wp\/v2\/posts"}],"about":[{"href":"https:\/\/fleschmazowsza.com.pl\/index.php?rest_route=\/wp\/v2\/types\/post"}],"author":[{"embeddable":true,"href":"https:\/\/fleschmazowsza.com.pl\/index.php?rest_route=\/wp\/v2\/users\/2"}],"replies":[{"embeddable":true,"href":"https:\/\/fleschmazowsza.com.pl\/index.php?rest_route=%2Fwp%2Fv2%2Fcomments&post=2534"}],"version-history":[{"count":2,"href":"https:\/\/fleschmazowsza.com.pl\/index.php?rest_route=\/wp\/v2\/posts\/2534\/revisions"}],"predecessor-version":[{"id":2540,"href":"https:\/\/fleschmazowsza.com.pl\/index.php?rest_route=\/wp\/v2\/posts\/2534\/revisions\/2540"}],"wp:featuredmedia":[{"embeddable":true,"href":"https:\/\/fleschmazowsza.com.pl\/index.php?rest_route=\/wp\/v2\/media\/2537"}],"wp:attachment":[{"href":"https:\/\/fleschmazowsza.com.pl\/index.php?rest_route=%2Fwp%2Fv2%2Fmedia&parent=2534"}],"wp:term":[{"taxonomy":"category","embeddable":true,"href":"https:\/\/fleschmazowsza.com.pl\/index.php?rest_route=%2Fwp%2Fv2%2Fcategories&post=2534"},{"taxonomy":"post_tag","embeddable":true,"href":"https:\/\/fleschmazowsza.com.pl\/index.php?rest_route=%2Fwp%2Fv2%2Ftags&post=2534"}],"curies":[{"name":"wp","href":"https:\/\/api.w.org\/{rel}","templated":true}]}}