{"id":2512,"date":"2018-07-03T10:27:29","date_gmt":"2018-07-03T09:27:29","guid":{"rendered":"http:\/\/fleschmazowsza.com.pl\/?p=2512"},"modified":"2018-07-03T10:27:29","modified_gmt":"2018-07-03T09:27:29","slug":"dni-ursusa-juz-za-nami","status":"publish","type":"post","link":"https:\/\/fleschmazowsza.com.pl\/?p=2512","title":{"rendered":"Dni Ursusa ju\u017c za nami"},"content":{"rendered":"<p><strong>Jak co roku dzielnica Ursus obchodzi\u0142a swoje \u015bwi\u0119to. Weekendowa impreza plenerowa odby\u0142a si\u0119 w parku Czechowickim. Program obfitowa\u0142 w liczne koncerty, wyst\u0119py kabaretowe oraz zaj\u0119cia sportowo \u2013 rekreacyjne dla dzieci.<\/strong><\/p>\n<p>W muszli koncertowej parku Czechowickiego wyst\u0105pi\u0142o wielu znanych artyst\u00f3w: Francesco Napoli, autor utwor\u00f3w takich jak &#8222;Balla, Balla&#8221; czy &#8222;Marina, Marina&#8221;, Natalia Nykiel, finalistka drugiej edycji programu The Voice of Poland oraz Shakin&#8217; Stevens, znany z utwor\u00f3w \u201eYou Drive Me Crazy\u201d czy \u201eCry Just A Little Bit\u201d.<\/p>\n<p>Opr\u00f3cz koncert\u00f3w uczestnicy imprezy mieli okazj\u0119 wzi\u0105\u0107 udzia\u0142 w wielu zaj\u0119ciach edukacyjnych oraz sportowo-rekreacyjnych. Swoje stoiska przygotowa\u0142y m. in. s\u0142u\u017cby mundurowe, Mazowiecka Fundacja Opieki nad Zwierz\u0119tami oraz Biblioteka Publiczna im. W. J. Grabskiego w Dzielnicy Ursus m.st. Warszawy. Nie zabrak\u0142o powodzeniem stanowisk gastronomicznych.<\/p>\n<p>Ogromnym powodzeniem cieszy\u0142 si\u0119 fotel z ksi\u0105\u017ckami pochodz\u0105cymi z dar\u00f3w. W g\u0142o\u015bnym czytaniu wzi\u0119\u0142y udzia\u0142 m.in Burmistrz Dzielnicy Ursus Urszula Kierzkowska, Dyrektor Biblioteki Publicznej im. W. J. Grabskiego Agnieszka Proszowska, radni: Jolanta D\u0105bek, Irena Jarz\u0119bak, Dyrektor O\u015brodka Kultury \u201eArsus\u201d Bogus\u0142aw \u0141opuszy\u0144ski, a tak\u017ce obecne na miejscu dzieci i ich rodzice. Pracownicy biblioteki przygotowali liczne gry i zabawy dla najm\u0142odszych, m. in. puzzle, kolorowanki, dyktanda graficzne, zaj\u0119cia plastyczne. Na miejscu by\u0142y te\u017c dost\u0119pne zabawki z wypo\u017cyczalni i wiele innych atrakcji dla dzieci.<\/p>\n<p>W niedziel\u0119 podczas ART.URSUS na scenie mo\u017cna by\u0142o podziwia\u0107 wyst\u0119py artystyczne uczestnik\u00f3w sekcji artystycznych z naszych dom\u00f3w kultury oraz szk\u00f3\u0142. Biblioteka natomiast, pod swoim namiotem, zach\u0119ca\u0142a do aktywno\u015bci artystycznej oraz sportowej. Zabawy ruchowe takie jak przeci\u0105ganie liny, wy\u015bcigi w workach, wy\u015bcigi z pi\u0142kami pingpongowymi czy te\u017c zabaw\u0119 z chust\u0105 animacyjn\u0105 KLANZA cieszy\u0142y si\u0119 du\u017c\u0105 popularno\u015bci\u0105. Bibliotekarki zaprasza\u0142y te\u017c do udzia\u0142u w grach planszowych oraz demonstrowa\u0142y zabawki edukacyjne dla dzieci, dost\u0119pne we wszystkich plac\u00f3wkach.<\/p>\n<p style=\"text-align: right;\"><strong>Lucyna D\u0105browska<\/strong><\/p>\n","protected":false},"excerpt":{"rendered":"<p>Jak co roku dzielnica Ursus obchodzi\u0142a swoje \u015bwi\u0119to. Weekendowa impreza plenerowa odby\u0142a si\u0119 w parku Czechowickim. Program obfitowa\u0142 w liczne koncerty, wyst\u0119py kabaretowe oraz zaj\u0119cia sportowo \u2013 rekreacyjne dla dzieci. W muszli koncertowej parku Czechowickiego wyst\u0105pi\u0142o wielu znanych artyst\u00f3w: Francesco Napoli, autor utwor\u00f3w takich jak &#8222;Balla, Balla&#8221; czy &#8222;Marina, Marina&#8221;, Natalia Nykiel, finalistka drugiej edycji [&hellip;]<\/p>\n","protected":false},"author":2,"featured_media":2513,"comment_status":"closed","ping_status":"open","sticky":false,"template":"","format":"standard","meta":{"footnotes":""},"categories":[1],"tags":[],"class_list":["post-2512","post","type-post","status-publish","format-standard","has-post-thumbnail","hentry","category-uncategorized"],"_links":{"self":[{"href":"https:\/\/fleschmazowsza.com.pl\/index.php?rest_route=\/wp\/v2\/posts\/2512","targetHints":{"allow":["GET"]}}],"collection":[{"href":"https:\/\/fleschmazowsza.com.pl\/index.php?rest_route=\/wp\/v2\/posts"}],"about":[{"href":"https:\/\/fleschmazowsza.com.pl\/index.php?rest_route=\/wp\/v2\/types\/post"}],"author":[{"embeddable":true,"href":"https:\/\/fleschmazowsza.com.pl\/index.php?rest_route=\/wp\/v2\/users\/2"}],"replies":[{"embeddable":true,"href":"https:\/\/fleschmazowsza.com.pl\/index.php?rest_route=%2Fwp%2Fv2%2Fcomments&post=2512"}],"version-history":[{"count":1,"href":"https:\/\/fleschmazowsza.com.pl\/index.php?rest_route=\/wp\/v2\/posts\/2512\/revisions"}],"predecessor-version":[{"id":2514,"href":"https:\/\/fleschmazowsza.com.pl\/index.php?rest_route=\/wp\/v2\/posts\/2512\/revisions\/2514"}],"wp:featuredmedia":[{"embeddable":true,"href":"https:\/\/fleschmazowsza.com.pl\/index.php?rest_route=\/wp\/v2\/media\/2513"}],"wp:attachment":[{"href":"https:\/\/fleschmazowsza.com.pl\/index.php?rest_route=%2Fwp%2Fv2%2Fmedia&parent=2512"}],"wp:term":[{"taxonomy":"category","embeddable":true,"href":"https:\/\/fleschmazowsza.com.pl\/index.php?rest_route=%2Fwp%2Fv2%2Fcategories&post=2512"},{"taxonomy":"post_tag","embeddable":true,"href":"https:\/\/fleschmazowsza.com.pl\/index.php?rest_route=%2Fwp%2Fv2%2Ftags&post=2512"}],"curies":[{"name":"wp","href":"https:\/\/api.w.org\/{rel}","templated":true}]}}