{"id":251,"date":"2016-10-28T14:12:59","date_gmt":"2016-10-28T13:12:59","guid":{"rendered":"http:\/\/fleschmazowsza.com.pl\/?p=251"},"modified":"2016-10-28T14:22:38","modified_gmt":"2016-10-28T13:22:38","slug":"grodzisk-mazowiecki-rewitalizacja-stawow-walczewskiego","status":"publish","type":"post","link":"https:\/\/fleschmazowsza.com.pl\/?p=251","title":{"rendered":"GRODZISK MAZOWIECKI. Rewitalizacja Staw\u00f3w Walczewskiego"},"content":{"rendered":"<p><strong>Stawy Walczewskiego, b\u0119d\u0105ce jednym z wa\u017cniejszych punkt\u00f3w rekreacyjno \u2013 turystycznych w Grodzisku Mazowieckim zostan\u0105 ca\u0142kowicie zmodernizowane. W ramach inwestycji przewidziano m.in. regulacj\u0119 rzeki Rokicianki, wzmocnienie skarp oraz pog\u0142\u0119bienie istniej\u0105cego zbiornika wodnego i wykopanie nowego, a tak\u017ce przebudow\u0119 pomostu przy dolnym zbiorniku.<\/strong><\/p>\n<p>Stawy Walczewskiego zlokalizowane mi\u0119dzy ulicami Batorego i Nadarzy\u0144sk\u0105 po zrealizowaniu inwestycji b\u0119d\u0105 mog\u0142y pe\u0142ni\u0107 funkcje przeciwpowodziowe i ga\u015bnicze.<\/p>\n<p>Jak informuje urz\u0105d miasta, przed rozpocz\u0119ciem prac budowlanych zosta\u0142a przeprowadzona lustracja terenu pod k\u0105tem obecno\u015bci ma\u0142ych ssak\u00f3w, p\u0142az\u00f3w i gad\u00f3w. W sk\u0142ad przedsi\u0119wzi\u0119cia wesz\u0142a m.in. regulacja rzeki Rokicianki, wzmocnienie skarp oraz pog\u0142\u0119bienie istniej\u0105cego zbiornika wodnego i wykopanie nowego, a tak\u017ce przebudowa pomostu przy dolnym zbiorniku.<\/p>\n<p>Na ca\u0142ym obwodzie zbiornika dolnego, a tak\u017ce na prawym brzegu zbiornika g\u00f3rnego wybudowana zostanie \u015bcie\u017cka dla pieszych. Na \u015bcianie wie\u017cy spustowej b\u0119d\u0105 umieszczone znaki wodne, pe\u0142ni\u0105ce funkcje urz\u0105dze\u0144 pomiarowych.<\/p>\n<p>Ca\u0142o\u015b\u0107 sk\u0142ada\u0107 si\u0119 b\u0119dzie z dw\u00f3ch akwen\u00f3w, tak zwanego dolnego w granicach istniej\u0105cego lustra wody oraz g\u00f3rnego, czyli nowo wybudowanego zbiornika. Za\u015b obie te cz\u0119\u015bci oddzielone b\u0119d\u0105 grobl\u0105 poprzeczn\u0105 z k\u0142adk\u0105 komunikacyjn\u0105 i przesmykiem pod ni\u0105. W ka\u017cdej cz\u0119\u015bci staw\u00f3w przewidziane s\u0105 g\u0142\u0119biny na zimowiska dla ryb, a na g\u00f3rnym akwenie znajdzie si\u0119 wyspa i siedlisko dla ptak\u00f3w.<\/p>\n<p>Obiekt ma by\u0107 przekazany do u\u017cytku 30 kwietnia 2017 roku, a przez ca\u0142y okres eksploatacji Stawy Walczewskiego b\u0119d\u0105 monitorowane.<\/p>\n<p style=\"text-align: right;\"><strong>Daria G\u0142owacka<\/strong><\/p>\n<p style=\"text-align: right;\">Fot. <strong>U.M. Grodzisk Maz.<\/strong><\/p>\n","protected":false},"excerpt":{"rendered":"<p>Stawy Walczewskiego, b\u0119d\u0105ce jednym z wa\u017cniejszych punkt\u00f3w rekreacyjno \u2013 turystycznych w Grodzisku Mazowieckim zostan\u0105 ca\u0142kowicie zmodernizowane. W ramach inwestycji przewidziano m.in. regulacj\u0119 rzeki Rokicianki, wzmocnienie skarp oraz pog\u0142\u0119bienie istniej\u0105cego zbiornika wodnego i wykopanie nowego, a tak\u017ce przebudow\u0119 pomostu przy dolnym zbiorniku. Stawy Walczewskiego zlokalizowane mi\u0119dzy ulicami Batorego i Nadarzy\u0144sk\u0105 po zrealizowaniu inwestycji b\u0119d\u0105 mog\u0142y pe\u0142ni\u0107 [&hellip;]<\/p>\n","protected":false},"author":2,"featured_media":252,"comment_status":"closed","ping_status":"open","sticky":false,"template":"","format":"standard","meta":{"footnotes":""},"categories":[8],"tags":[],"class_list":["post-251","post","type-post","status-publish","format-standard","has-post-thumbnail","hentry","category-roznosci"],"_links":{"self":[{"href":"https:\/\/fleschmazowsza.com.pl\/index.php?rest_route=\/wp\/v2\/posts\/251","targetHints":{"allow":["GET"]}}],"collection":[{"href":"https:\/\/fleschmazowsza.com.pl\/index.php?rest_route=\/wp\/v2\/posts"}],"about":[{"href":"https:\/\/fleschmazowsza.com.pl\/index.php?rest_route=\/wp\/v2\/types\/post"}],"author":[{"embeddable":true,"href":"https:\/\/fleschmazowsza.com.pl\/index.php?rest_route=\/wp\/v2\/users\/2"}],"replies":[{"embeddable":true,"href":"https:\/\/fleschmazowsza.com.pl\/index.php?rest_route=%2Fwp%2Fv2%2Fcomments&post=251"}],"version-history":[{"count":2,"href":"https:\/\/fleschmazowsza.com.pl\/index.php?rest_route=\/wp\/v2\/posts\/251\/revisions"}],"predecessor-version":[{"id":257,"href":"https:\/\/fleschmazowsza.com.pl\/index.php?rest_route=\/wp\/v2\/posts\/251\/revisions\/257"}],"wp:featuredmedia":[{"embeddable":true,"href":"https:\/\/fleschmazowsza.com.pl\/index.php?rest_route=\/wp\/v2\/media\/252"}],"wp:attachment":[{"href":"https:\/\/fleschmazowsza.com.pl\/index.php?rest_route=%2Fwp%2Fv2%2Fmedia&parent=251"}],"wp:term":[{"taxonomy":"category","embeddable":true,"href":"https:\/\/fleschmazowsza.com.pl\/index.php?rest_route=%2Fwp%2Fv2%2Fcategories&post=251"},{"taxonomy":"post_tag","embeddable":true,"href":"https:\/\/fleschmazowsza.com.pl\/index.php?rest_route=%2Fwp%2Fv2%2Ftags&post=251"}],"curies":[{"name":"wp","href":"https:\/\/api.w.org\/{rel}","templated":true}]}}